{"id":9988,"date":"2020-02-13T15:44:08","date_gmt":"2020-02-13T18:44:08","guid":{"rendered":"https:\/\/www.paudalho.pe.gov.br\/portal\/?p=9988"},"modified":"2025-01-08T00:39:53","modified_gmt":"2025-01-08T03:39:53","slug":"confira-as-atracoes-da-semana-pre-carnaval-2020-de-paudalho","status":"publish","type":"post","link":"https:\/\/www.paudalho.pe.gov.br\/portal\/confira-as-atracoes-da-semana-pre-carnaval-2020-de-paudalho\/","title":{"rendered":"Confira as atra\u00e7\u00f5es da semana pr\u00e9-carnaval 2020 de Paudalho"},"content":{"rendered":"\n<p>Fevereiro para muitos \u00e9 sin\u00f4nimo de Carnaval e para alegrar os foli\u00f5es nesse clima de festa a Prefeitura de Paudalho por meio da Secretaria de Cultura e Turismo preparou uma agenda com diversas atra\u00e7\u00f5es. As pr\u00e9vias carnavalescas come\u00e7aram desde o dia 8 de fevereiro e seguem at\u00e9 o dia 21. Confira a programa\u00e7\u00e3o completa da semana pr\u00e9-carnaval de 2020.<\/p>\n\n\n\n<p>Hoje, dia 13, o bloco <em>O Aprendiz<\/em> agita a cidade com sa\u00edda \u00e0s 19h da Rua Tiradentes. Na sexta-feira (14), ser\u00e1 a vez do bloco <em>Tora Pau<\/em> fazer a festa na Rua da Serralharia, \u00e0s 20h. E tem muito mais no fim de semana! No s\u00e1bado (15), o <em>La Ursa<\/em> sai \u00e0s 18h da comunidade de Ch\u00e3 de Pinheiro. Com concentra\u00e7\u00e3o \u00e0s 19h, na Pra\u00e7a Pedro Coutinho, o bloco <em>Senta que te furo<\/em> tamb\u00e9m \u00e9 uma das atra\u00e7\u00f5es desse mesmo dia. Durante a noite, com in\u00edcio \u00e0s 20h,  ocorrer\u00e1 o tradicional <em>Baile Vermelho e Branco<\/em>, no Clube Estrela, localizado no Centro da cidade. <\/p>\n\n\n\n<figure class=\"wp-block-image size-large\"><img loading=\"lazy\" decoding=\"async\" width=\"1280\" height=\"853\" data-attachment-id=\"9994\" data-permalink=\"https:\/\/www.paudalho.pe.gov.br\/portal\/confira-as-atracoes-da-semana-pre-carnaval-2020-de-paudalho\/whatsapp-image-2020-01-15-at-22-30-16\/\" data-orig-file=\"https:\/\/www.paudalho.pe.gov.br\/portal\/wp-content\/uploads\/2020\/02\/WhatsApp-Image-2020-01-15-at-22.30.16.jpeg\" data-orig-size=\"1280,853\" data-comments-opened=\"1\" data-image-meta=\"{&quot;aperture&quot;:&quot;0&quot;,&quot;credit&quot;:&quot;&quot;,&quot;camera&quot;:&quot;&quot;,&quot;caption&quot;:&quot;&quot;,&quot;created_timestamp&quot;:&quot;0&quot;,&quot;copyright&quot;:&quot;&quot;,&quot;focal_length&quot;:&quot;0&quot;,&quot;iso&quot;:&quot;0&quot;,&quot;shutter_speed&quot;:&quot;0&quot;,&quot;title&quot;:&quot;&quot;,&quot;orientation&quot;:&quot;0&quot;}\" data-image-title=\"WhatsApp-Image-2020-01-15-at-22.30.16\" data-image-description=\"\" data-image-caption=\"\" data-medium-file=\"https:\/\/www.paudalho.pe.gov.br\/portal\/wp-content\/uploads\/2020\/02\/WhatsApp-Image-2020-01-15-at-22.30.16-350x230.jpeg\" data-large-file=\"https:\/\/www.paudalho.pe.gov.br\/portal\/wp-content\/uploads\/2020\/02\/WhatsApp-Image-2020-01-15-at-22.30.16-800x450.jpeg\" src=\"https:\/\/i1.wp.com\/www.paudalho.pe.gov.br\/portal\/wp-content\/uploads\/2020\/02\/WhatsApp-Image-2020-01-15-at-22.30.16.jpeg?resize=800%2C450&amp;ssl=1\" alt=\"\" class=\"wp-image-9994\" srcset=\"https:\/\/www.paudalho.pe.gov.br\/portal\/wp-content\/uploads\/2020\/02\/WhatsApp-Image-2020-01-15-at-22.30.16.jpeg 1280w, https:\/\/www.paudalho.pe.gov.br\/portal\/wp-content\/uploads\/2020\/02\/WhatsApp-Image-2020-01-15-at-22.30.16-768x512.jpeg 768w\" sizes=\"auto, (max-width: 1280px) 100vw, 1280px\" \/><figcaption>Foto: Josu\u00e9 Filho \/ PMP<\/figcaption><\/figure>\n\n\n\n<p>No domingo (16), a folia come\u00e7a cedo com o bloco<em> Galinha da Madrugada<\/em>, que sai \u00e0s 5h da Pra\u00e7a da Laia. Tamb\u00e9m com sa\u00edda dessa mesma pra\u00e7a, o bloco<em> P\u00e9 Quebrado<\/em> faz a festa a partir das 14h. Al\u00e9m dessas duas atra\u00e7\u00f5es, o <em>Bloco das Fuxiqueiras<\/em> alegra a Travessa B do Alto dos Irm\u00e3os e a <em>Locomotiva o Bloco<\/em>, sai \u00e0s 16h, no Centro da Cidade.<\/p>\n\n\n\n<p>Na segunda-feira (17), os foli\u00f5es poder\u00e3o participar do <em>Bloco dos Instrumentos<\/em>, que ter\u00e1 in\u00edcio \u00e0s 19h na Rua Tiradentes, e do <em>Bloco do Pingu\u00e7o<\/em>, \u00e0s 20h, na Rua da Linha. Na ter\u00e7a-feira (18), \u00e9 a vez do bloco <em>Treme na Lingui\u00e7a<\/em> e do <em>Os Malucos do Alto<\/em> animarem o Alto do Cruzeiro.  O primeiro ter\u00e1 in\u00edcio \u00e0s 16h e o segundo \u00e0s 19h. Tamb\u00e9m nesse mesmo dia o bloco <em>Boneca Peituda<\/em> far\u00e1 sua apresenta\u00e7\u00e3o \u00e0s 20h, na Rua Henrique Dias. <\/p>\n\n\n\n<p>Na quarta-feira (19), a festividade prossegue com o bloco <em>Peida na Salsicha<\/em>, \u00e0s 19h30, na comunidade da Primavera. E as 20h, no Centro da cidade, ocorre o ensaio geral do tradicional Clube Lenhadores.  Na quinta-feira (20),  ocorre o ensaio geral do Clube Carnavalesco Misto Cruzeiro do Sul, \u00e0s 20h. Na sexta-feira (21), o <em>Bloco da Educa\u00e7\u00e3o<\/em> sai durante o per\u00edodo da manh\u00e3, \u00e0s 9h da Pra\u00e7a do Ros\u00e1rio. E para finalizar a semana pr\u00e9-carnavalesca, o bloco <em>As Donzelas<\/em> sa\u00edra \u00e0s 19h do Centro e nesse mesmo hor\u00e1rio o bloco<em> Botadores de Gaia<\/em> faz a folia em Ch\u00e3 do Pinheiro. <\/p>\n","protected":false},"excerpt":{"rendered":"<p>Fevereiro para muitos \u00e9 sin\u00f4nimo de Carnaval e para alegrar os foli\u00f5es nesse clima de festa a Prefeitura de Paudalho por meio da Secretaria de Cultura e Turismo preparou uma agenda com diversas atra\u00e7\u00f5es.<\/p>\n","protected":false},"author":6,"featured_media":9992,"comment_status":"open","ping_status":"open","sticky":false,"template":"","format":"standard","meta":{"_jetpack_newsletter_access":"","_jetpack_dont_email_post_to_subs":false,"_jetpack_newsletter_tier_id":0,"_jetpack_memberships_contains_paywalled_content":false,"_jetpack_memberships_contains_paid_content":false,"footnotes":""},"categories":[37,2,1],"tags":[597,68],"class_list":["post-9988","post","type-post","status-publish","format-standard","has-post-thumbnail","hentry","category-carnaval","category-destaque","category-noticias","tag-carnaval-2020","tag-cultura"],"jetpack_featured_media_url":"https:\/\/www.paudalho.pe.gov.br\/portal\/wp-content\/uploads\/2020\/02\/WhatsApp-Image-2020-02-04-at-12.31.18.jpeg","jetpack_sharing_enabled":true,"jetpack_shortlink":"https:\/\/wp.me\/p98mS2-2B6","_links":{"self":[{"href":"https:\/\/www.paudalho.pe.gov.br\/portal\/wp-json\/wp\/v2\/posts\/9988","targetHints":{"allow":["GET"]}}],"collection":[{"href":"https:\/\/www.paudalho.pe.gov.br\/portal\/wp-json\/wp\/v2\/posts"}],"about":[{"href":"https:\/\/www.paudalho.pe.gov.br\/portal\/wp-json\/wp\/v2\/types\/post"}],"author":[{"embeddable":true,"href":"https:\/\/www.paudalho.pe.gov.br\/portal\/wp-json\/wp\/v2\/users\/6"}],"replies":[{"embeddable":true,"href":"https:\/\/www.paudalho.pe.gov.br\/portal\/wp-json\/wp\/v2\/comments?post=9988"}],"version-history":[{"count":10,"href":"https:\/\/www.paudalho.pe.gov.br\/portal\/wp-json\/wp\/v2\/posts\/9988\/revisions"}],"predecessor-version":[{"id":10030,"href":"https:\/\/www.paudalho.pe.gov.br\/portal\/wp-json\/wp\/v2\/posts\/9988\/revisions\/10030"}],"wp:featuredmedia":[{"embeddable":true,"href":"https:\/\/www.paudalho.pe.gov.br\/portal\/wp-json\/wp\/v2\/media\/9992"}],"wp:attachment":[{"href":"https:\/\/www.paudalho.pe.gov.br\/portal\/wp-json\/wp\/v2\/media?parent=9988"}],"wp:term":[{"taxonomy":"category","embeddable":true,"href":"https:\/\/www.paudalho.pe.gov.br\/portal\/wp-json\/wp\/v2\/categories?post=9988"},{"taxonomy":"post_tag","embeddable":true,"href":"https:\/\/www.paudalho.pe.gov.br\/portal\/wp-json\/wp\/v2\/tags?post=9988"}],"curies":[{"name":"wp","href":"https:\/\/api.w.org\/{rel}","templated":true}]}}