{"id":988,"date":"2017-09-06T13:47:16","date_gmt":"2017-09-06T16:47:16","guid":{"rendered":"http:\/\/www.paudalho.pe.gov.br\/portal\/?p=988"},"modified":"2017-09-22T01:04:11","modified_gmt":"2017-09-22T04:04:11","slug":"o-valeu-a-pena-comenta-moradora-sobre-reforma-na-escola-municipal-do-paudalho","status":"publish","type":"post","link":"https:\/\/www.paudalho.pe.gov.br\/portal\/o-valeu-a-pena-comenta-moradora-sobre-reforma-na-escola-municipal-do-paudalho\/","title":{"rendered":"&#8220;Valeu a pena\u201d, comenta moradora sobre reforma na Escola Municipal de Guadalajara"},"content":{"rendered":"<p>A popula\u00e7\u00e3o ficou impressionada com a rapidez da reforma da Escola Municipal de Guadalajara. Nesta quinta-feira (6), a Prefeitura do Paudalho, por meio das secretarias de Obras e Servi\u00e7os P\u00fablico e Educa\u00e7\u00e3o, entregou a unidade de ensino toda reestruturada. Na cerim\u00f4nia o prefeito Marcelo Gouveia apresentou com alegria as mudan\u00e7as no local e reafirmou o compromisso de sua gest\u00e3o com o bem-estar do povo. Tr\u00eas salas foram constru\u00eddas em menos de um m\u00eas, com tecnologia avan\u00e7ada chamada de Light Woll, que permite a constru\u00e7\u00e3o r\u00e1pida. Com muita festa, alunos, pais e popula\u00e7\u00e3o participaram do reinaugura\u00e7\u00e3o.<\/p>\n<p><strong>Veja as fotos:<\/strong><\/p>\n<div id=\"attachment_991\" style=\"width: 310px\" class=\"wp-caption alignnone\"><img loading=\"lazy\" decoding=\"async\" aria-describedby=\"caption-attachment-991\" data-attachment-id=\"991\" data-permalink=\"https:\/\/www.paudalho.pe.gov.br\/portal\/o-valeu-a-pena-comenta-moradora-sobre-reforma-na-escola-municipal-do-paudalho\/whatsapp-image-2017-09-06-at-11-58-13-am-1\/\" data-orig-file=\"https:\/\/www.paudalho.pe.gov.br\/portal\/wp-content\/uploads\/2017\/09\/WhatsApp-Image-2017-09-06-at-11.58.13-AM-1.jpeg\" data-orig-size=\"1024,683\" data-comments-opened=\"1\" data-image-meta=\"{&quot;aperture&quot;:&quot;0&quot;,&quot;credit&quot;:&quot;&quot;,&quot;camera&quot;:&quot;&quot;,&quot;caption&quot;:&quot;&quot;,&quot;created_timestamp&quot;:&quot;0&quot;,&quot;copyright&quot;:&quot;&quot;,&quot;focal_length&quot;:&quot;0&quot;,&quot;iso&quot;:&quot;0&quot;,&quot;shutter_speed&quot;:&quot;0&quot;,&quot;title&quot;:&quot;&quot;,&quot;orientation&quot;:&quot;0&quot;}\" data-image-title=\"WhatsApp Image 2017-09-06 at 11.58.13 AM (1)\" data-image-description=\"\" data-image-caption=\"&lt;p&gt;Foto: Isak de Castro\/Comunica\u00e7\u00e3oPrefeituradePaudalho&lt;\/p&gt;\n\" data-medium-file=\"https:\/\/www.paudalho.pe.gov.br\/portal\/wp-content\/uploads\/2017\/09\/WhatsApp-Image-2017-09-06-at-11.58.13-AM-1-350x230.jpeg\" data-large-file=\"https:\/\/www.paudalho.pe.gov.br\/portal\/wp-content\/uploads\/2017\/09\/WhatsApp-Image-2017-09-06-at-11.58.13-AM-1-800x450.jpeg\" class=\"size-medium wp-image-991\" src=\"http:\/\/www.paudalho.pe.gov.br\/portal\/wp-content\/uploads\/2017\/09\/WhatsApp-Image-2017-09-06-at-11.58.13-AM-1-350x230.jpeg\" alt=\"\" width=\"300\" height=\"197\" \/><p id=\"caption-attachment-991\" class=\"wp-caption-text\">Foto: Isak de Castro\/Comunica\u00e7\u00e3oPrefeituradePaudalho<\/p><\/div>\n<div id=\"attachment_999\" style=\"width: 310px\" class=\"wp-caption alignnone\"><img loading=\"lazy\" decoding=\"async\" aria-describedby=\"caption-attachment-999\" data-attachment-id=\"999\" data-permalink=\"https:\/\/www.paudalho.pe.gov.br\/portal\/o-valeu-a-pena-comenta-moradora-sobre-reforma-na-escola-municipal-do-paudalho\/whatsapp-image-2017-09-06-at-11-57-54-am\/\" data-orig-file=\"https:\/\/www.paudalho.pe.gov.br\/portal\/wp-content\/uploads\/2017\/09\/WhatsApp-Image-2017-09-06-at-11.57.54-AM.jpeg\" data-orig-size=\"1024,683\" data-comments-opened=\"1\" data-image-meta=\"{&quot;aperture&quot;:&quot;0&quot;,&quot;credit&quot;:&quot;&quot;,&quot;camera&quot;:&quot;&quot;,&quot;caption&quot;:&quot;&quot;,&quot;created_timestamp&quot;:&quot;0&quot;,&quot;copyright&quot;:&quot;&quot;,&quot;focal_length&quot;:&quot;0&quot;,&quot;iso&quot;:&quot;0&quot;,&quot;shutter_speed&quot;:&quot;0&quot;,&quot;title&quot;:&quot;&quot;,&quot;orientation&quot;:&quot;0&quot;}\" data-image-title=\"WhatsApp Image 2017-09-06 at 11.57.54 AM\" data-image-description=\"\" data-image-caption=\"&lt;p&gt;Foto: Isak de Castro\/Comunica\u00e7\u00e3oPrefeituradePaudalho&lt;\/p&gt;\n\" data-medium-file=\"https:\/\/www.paudalho.pe.gov.br\/portal\/wp-content\/uploads\/2017\/09\/WhatsApp-Image-2017-09-06-at-11.57.54-AM-350x230.jpeg\" data-large-file=\"https:\/\/www.paudalho.pe.gov.br\/portal\/wp-content\/uploads\/2017\/09\/WhatsApp-Image-2017-09-06-at-11.57.54-AM-800x450.jpeg\" class=\"size-medium wp-image-999\" src=\"http:\/\/www.paudalho.pe.gov.br\/portal\/wp-content\/uploads\/2017\/09\/WhatsApp-Image-2017-09-06-at-11.57.54-AM-350x230.jpeg\" alt=\"\" width=\"300\" height=\"197\" \/><p id=\"caption-attachment-999\" class=\"wp-caption-text\">Foto: Isak de Castro\/Comunica\u00e7\u00e3oPrefeituradePaudalho<\/p><\/div>\n<div id=\"attachment_1000\" style=\"width: 310px\" class=\"wp-caption alignnone\"><img loading=\"lazy\" decoding=\"async\" aria-describedby=\"caption-attachment-1000\" data-attachment-id=\"1000\" data-permalink=\"https:\/\/www.paudalho.pe.gov.br\/portal\/o-valeu-a-pena-comenta-moradora-sobre-reforma-na-escola-municipal-do-paudalho\/whatsapp-image-2017-09-06-at-11-57-56-am\/\" data-orig-file=\"https:\/\/www.paudalho.pe.gov.br\/portal\/wp-content\/uploads\/2017\/09\/WhatsApp-Image-2017-09-06-at-11.57.56-AM.jpeg\" data-orig-size=\"1024,683\" data-comments-opened=\"1\" data-image-meta=\"{&quot;aperture&quot;:&quot;0&quot;,&quot;credit&quot;:&quot;&quot;,&quot;camera&quot;:&quot;&quot;,&quot;caption&quot;:&quot;&quot;,&quot;created_timestamp&quot;:&quot;0&quot;,&quot;copyright&quot;:&quot;&quot;,&quot;focal_length&quot;:&quot;0&quot;,&quot;iso&quot;:&quot;0&quot;,&quot;shutter_speed&quot;:&quot;0&quot;,&quot;title&quot;:&quot;&quot;,&quot;orientation&quot;:&quot;0&quot;}\" data-image-title=\"WhatsApp Image 2017-09-06 at 11.57.56 AM\" data-image-description=\"\" data-image-caption=\"&lt;p&gt;Foto: Isak de Castro\/Comunica\u00e7\u00e3oPrefeituradePaudalho&lt;\/p&gt;\n\" data-medium-file=\"https:\/\/www.paudalho.pe.gov.br\/portal\/wp-content\/uploads\/2017\/09\/WhatsApp-Image-2017-09-06-at-11.57.56-AM-350x230.jpeg\" data-large-file=\"https:\/\/www.paudalho.pe.gov.br\/portal\/wp-content\/uploads\/2017\/09\/WhatsApp-Image-2017-09-06-at-11.57.56-AM-800x450.jpeg\" class=\"size-medium wp-image-1000\" src=\"http:\/\/www.paudalho.pe.gov.br\/portal\/wp-content\/uploads\/2017\/09\/WhatsApp-Image-2017-09-06-at-11.57.56-AM-350x230.jpeg\" alt=\"\" width=\"300\" height=\"197\" \/><p id=\"caption-attachment-1000\" class=\"wp-caption-text\">Foto: Isak de Castro\/Comunica\u00e7\u00e3oPrefeituradePaudalho<\/p><\/div>\n<div id=\"attachment_1001\" style=\"width: 310px\" class=\"wp-caption alignnone\"><img loading=\"lazy\" decoding=\"async\" aria-describedby=\"caption-attachment-1001\" data-attachment-id=\"1001\" data-permalink=\"https:\/\/www.paudalho.pe.gov.br\/portal\/o-valeu-a-pena-comenta-moradora-sobre-reforma-na-escola-municipal-do-paudalho\/whatsapp-image-2017-09-06-at-11-58-04-am\/\" data-orig-file=\"https:\/\/www.paudalho.pe.gov.br\/portal\/wp-content\/uploads\/2017\/09\/WhatsApp-Image-2017-09-06-at-11.58.04-AM.jpeg\" data-orig-size=\"1024,683\" data-comments-opened=\"1\" data-image-meta=\"{&quot;aperture&quot;:&quot;0&quot;,&quot;credit&quot;:&quot;&quot;,&quot;camera&quot;:&quot;&quot;,&quot;caption&quot;:&quot;&quot;,&quot;created_timestamp&quot;:&quot;0&quot;,&quot;copyright&quot;:&quot;&quot;,&quot;focal_length&quot;:&quot;0&quot;,&quot;iso&quot;:&quot;0&quot;,&quot;shutter_speed&quot;:&quot;0&quot;,&quot;title&quot;:&quot;&quot;,&quot;orientation&quot;:&quot;0&quot;}\" data-image-title=\"WhatsApp Image 2017-09-06 at 11.58.04 AM\" data-image-description=\"\" data-image-caption=\"&lt;p&gt;Foto: Isak de Castro\/Comunica\u00e7\u00e3oPrefeituradePaudalho&lt;\/p&gt;\n\" data-medium-file=\"https:\/\/www.paudalho.pe.gov.br\/portal\/wp-content\/uploads\/2017\/09\/WhatsApp-Image-2017-09-06-at-11.58.04-AM-350x230.jpeg\" data-large-file=\"https:\/\/www.paudalho.pe.gov.br\/portal\/wp-content\/uploads\/2017\/09\/WhatsApp-Image-2017-09-06-at-11.58.04-AM-800x450.jpeg\" class=\"size-medium wp-image-1001\" src=\"http:\/\/www.paudalho.pe.gov.br\/portal\/wp-content\/uploads\/2017\/09\/WhatsApp-Image-2017-09-06-at-11.58.04-AM-350x230.jpeg\" alt=\"\" width=\"300\" height=\"197\" \/><p id=\"caption-attachment-1001\" class=\"wp-caption-text\">Foto: Isak de Castro\/Comunica\u00e7\u00e3oPrefeituradePaudalho<\/p><\/div>\n<div id=\"attachment_992\" style=\"width: 310px\" class=\"wp-caption alignnone\"><img loading=\"lazy\" decoding=\"async\" aria-describedby=\"caption-attachment-992\" data-attachment-id=\"992\" data-permalink=\"https:\/\/www.paudalho.pe.gov.br\/portal\/o-valeu-a-pena-comenta-moradora-sobre-reforma-na-escola-municipal-do-paudalho\/whatsapp-image-2017-09-06-at-11-58-13-am\/\" data-orig-file=\"https:\/\/www.paudalho.pe.gov.br\/portal\/wp-content\/uploads\/2017\/09\/WhatsApp-Image-2017-09-06-at-11.58.13-AM.jpeg\" data-orig-size=\"1024,683\" data-comments-opened=\"1\" data-image-meta=\"{&quot;aperture&quot;:&quot;0&quot;,&quot;credit&quot;:&quot;&quot;,&quot;camera&quot;:&quot;&quot;,&quot;caption&quot;:&quot;&quot;,&quot;created_timestamp&quot;:&quot;0&quot;,&quot;copyright&quot;:&quot;&quot;,&quot;focal_length&quot;:&quot;0&quot;,&quot;iso&quot;:&quot;0&quot;,&quot;shutter_speed&quot;:&quot;0&quot;,&quot;title&quot;:&quot;&quot;,&quot;orientation&quot;:&quot;0&quot;}\" data-image-title=\"WhatsApp Image 2017-09-06 at 11.58.13 AM\" data-image-description=\"\" data-image-caption=\"&lt;p&gt;Foto: Isak de Castro\/Comunica\u00e7\u00e3oPrefeituradePaudalho&lt;\/p&gt;\n\" data-medium-file=\"https:\/\/www.paudalho.pe.gov.br\/portal\/wp-content\/uploads\/2017\/09\/WhatsApp-Image-2017-09-06-at-11.58.13-AM-350x230.jpeg\" data-large-file=\"https:\/\/www.paudalho.pe.gov.br\/portal\/wp-content\/uploads\/2017\/09\/WhatsApp-Image-2017-09-06-at-11.58.13-AM-800x450.jpeg\" class=\"size-medium wp-image-992\" src=\"http:\/\/www.paudalho.pe.gov.br\/portal\/wp-content\/uploads\/2017\/09\/WhatsApp-Image-2017-09-06-at-11.58.13-AM-350x230.jpeg\" alt=\"\" width=\"300\" height=\"197\" \/><p id=\"caption-attachment-992\" class=\"wp-caption-text\">Foto: Isak de Castro\/Comunica\u00e7\u00e3oPrefeituradePaudalho<\/p><\/div>\n<div id=\"attachment_993\" style=\"width: 310px\" class=\"wp-caption alignnone\"><img loading=\"lazy\" decoding=\"async\" aria-describedby=\"caption-attachment-993\" data-attachment-id=\"993\" data-permalink=\"https:\/\/www.paudalho.pe.gov.br\/portal\/o-valeu-a-pena-comenta-moradora-sobre-reforma-na-escola-municipal-do-paudalho\/whatsapp-image-2017-09-06-at-11-58-08-am\/\" data-orig-file=\"https:\/\/www.paudalho.pe.gov.br\/portal\/wp-content\/uploads\/2017\/09\/WhatsApp-Image-2017-09-06-at-11.58.08-AM.jpeg\" data-orig-size=\"1024,683\" data-comments-opened=\"1\" data-image-meta=\"{&quot;aperture&quot;:&quot;0&quot;,&quot;credit&quot;:&quot;&quot;,&quot;camera&quot;:&quot;&quot;,&quot;caption&quot;:&quot;&quot;,&quot;created_timestamp&quot;:&quot;0&quot;,&quot;copyright&quot;:&quot;&quot;,&quot;focal_length&quot;:&quot;0&quot;,&quot;iso&quot;:&quot;0&quot;,&quot;shutter_speed&quot;:&quot;0&quot;,&quot;title&quot;:&quot;&quot;,&quot;orientation&quot;:&quot;0&quot;}\" data-image-title=\"WhatsApp Image 2017-09-06 at 11.58.08 AM\" data-image-description=\"\" data-image-caption=\"&lt;p&gt;Foto: Isak de Castro\/Comunica\u00e7\u00e3oPrefeituradePaudalho&lt;\/p&gt;\n\" data-medium-file=\"https:\/\/www.paudalho.pe.gov.br\/portal\/wp-content\/uploads\/2017\/09\/WhatsApp-Image-2017-09-06-at-11.58.08-AM-350x230.jpeg\" data-large-file=\"https:\/\/www.paudalho.pe.gov.br\/portal\/wp-content\/uploads\/2017\/09\/WhatsApp-Image-2017-09-06-at-11.58.08-AM-800x450.jpeg\" class=\"size-medium wp-image-993\" src=\"http:\/\/www.paudalho.pe.gov.br\/portal\/wp-content\/uploads\/2017\/09\/WhatsApp-Image-2017-09-06-at-11.58.08-AM-350x230.jpeg\" alt=\"\" width=\"300\" height=\"197\" \/><p id=\"caption-attachment-993\" class=\"wp-caption-text\">Foto: Isak de Castro\/Comunica\u00e7\u00e3oPrefeituradePaudalho<\/p><\/div>\n<div id=\"attachment_994\" style=\"width: 310px\" class=\"wp-caption alignnone\"><img loading=\"lazy\" decoding=\"async\" aria-describedby=\"caption-attachment-994\" data-attachment-id=\"994\" data-permalink=\"https:\/\/www.paudalho.pe.gov.br\/portal\/o-valeu-a-pena-comenta-moradora-sobre-reforma-na-escola-municipal-do-paudalho\/whatsapp-image-2017-09-06-at-11-45-52-am\/\" data-orig-file=\"https:\/\/www.paudalho.pe.gov.br\/portal\/wp-content\/uploads\/2017\/09\/WhatsApp-Image-2017-09-06-at-11.45.52-AM.jpeg\" data-orig-size=\"1024,683\" data-comments-opened=\"1\" data-image-meta=\"{&quot;aperture&quot;:&quot;0&quot;,&quot;credit&quot;:&quot;&quot;,&quot;camera&quot;:&quot;&quot;,&quot;caption&quot;:&quot;&quot;,&quot;created_timestamp&quot;:&quot;0&quot;,&quot;copyright&quot;:&quot;&quot;,&quot;focal_length&quot;:&quot;0&quot;,&quot;iso&quot;:&quot;0&quot;,&quot;shutter_speed&quot;:&quot;0&quot;,&quot;title&quot;:&quot;&quot;,&quot;orientation&quot;:&quot;0&quot;}\" data-image-title=\"WhatsApp Image 2017-09-06 at 11.45.52 AM\" data-image-description=\"\" data-image-caption=\"\" data-medium-file=\"https:\/\/www.paudalho.pe.gov.br\/portal\/wp-content\/uploads\/2017\/09\/WhatsApp-Image-2017-09-06-at-11.45.52-AM-350x230.jpeg\" data-large-file=\"https:\/\/www.paudalho.pe.gov.br\/portal\/wp-content\/uploads\/2017\/09\/WhatsApp-Image-2017-09-06-at-11.45.52-AM-800x450.jpeg\" class=\"wp-image-994 size-medium\" src=\"http:\/\/www.paudalho.pe.gov.br\/portal\/wp-content\/uploads\/2017\/09\/WhatsApp-Image-2017-09-06-at-11.45.52-AM-350x230.jpeg\" alt=\"\" width=\"300\" height=\"197\" \/><p id=\"caption-attachment-994\" class=\"wp-caption-text\">Foto: Isak de Castro\/Comunica\u00e7\u00e3oPrefeituradePaudalho<\/p><\/div>\n<div id=\"attachment_995\" style=\"width: 310px\" class=\"wp-caption alignnone\"><img loading=\"lazy\" decoding=\"async\" aria-describedby=\"caption-attachment-995\" data-attachment-id=\"995\" data-permalink=\"https:\/\/www.paudalho.pe.gov.br\/portal\/o-valeu-a-pena-comenta-moradora-sobre-reforma-na-escola-municipal-do-paudalho\/whatsapp-image-2017-09-06-at-11-45-43-am\/\" data-orig-file=\"https:\/\/www.paudalho.pe.gov.br\/portal\/wp-content\/uploads\/2017\/09\/WhatsApp-Image-2017-09-06-at-11.45.43-AM.jpeg\" data-orig-size=\"1024,683\" data-comments-opened=\"1\" data-image-meta=\"{&quot;aperture&quot;:&quot;0&quot;,&quot;credit&quot;:&quot;&quot;,&quot;camera&quot;:&quot;&quot;,&quot;caption&quot;:&quot;&quot;,&quot;created_timestamp&quot;:&quot;0&quot;,&quot;copyright&quot;:&quot;&quot;,&quot;focal_length&quot;:&quot;0&quot;,&quot;iso&quot;:&quot;0&quot;,&quot;shutter_speed&quot;:&quot;0&quot;,&quot;title&quot;:&quot;&quot;,&quot;orientation&quot;:&quot;0&quot;}\" data-image-title=\"WhatsApp Image 2017-09-06 at 11.45.43 AM\" data-image-description=\"\" data-image-caption=\"&lt;p&gt;Foto: Isak de Castro\/Comunica\u00e7\u00e3oPrefeituradePaudalho&lt;\/p&gt;\n\" data-medium-file=\"https:\/\/www.paudalho.pe.gov.br\/portal\/wp-content\/uploads\/2017\/09\/WhatsApp-Image-2017-09-06-at-11.45.43-AM-350x230.jpeg\" data-large-file=\"https:\/\/www.paudalho.pe.gov.br\/portal\/wp-content\/uploads\/2017\/09\/WhatsApp-Image-2017-09-06-at-11.45.43-AM-800x450.jpeg\" class=\"size-medium wp-image-995\" src=\"http:\/\/www.paudalho.pe.gov.br\/portal\/wp-content\/uploads\/2017\/09\/WhatsApp-Image-2017-09-06-at-11.45.43-AM-350x230.jpeg\" alt=\"\" width=\"300\" height=\"197\" \/><p id=\"caption-attachment-995\" class=\"wp-caption-text\">Foto: Isak de Castro\/Comunica\u00e7\u00e3oPrefeituradePaudalho<\/p><\/div>\n<div id=\"attachment_980\" style=\"width: 310px\" class=\"wp-caption alignnone\"><img loading=\"lazy\" decoding=\"async\" aria-describedby=\"caption-attachment-980\" data-attachment-id=\"980\" data-permalink=\"https:\/\/www.paudalho.pe.gov.br\/portal\/qualidade-de-vida-para-os-alunos-diz-secretario-de-obras-sobre-reinauguracao-da-escola-municipal-de-guadalajara\/d7300961-9249-408e-a547-b554b31622e9-2\/\" data-orig-file=\"https:\/\/www.paudalho.pe.gov.br\/portal\/wp-content\/uploads\/2017\/09\/d7300961-9249-408e-a547-b554b31622e9-1.jpg\" data-orig-size=\"1280,960\" data-comments-opened=\"1\" data-image-meta=\"{&quot;aperture&quot;:&quot;0&quot;,&quot;credit&quot;:&quot;&quot;,&quot;camera&quot;:&quot;&quot;,&quot;caption&quot;:&quot;&quot;,&quot;created_timestamp&quot;:&quot;0&quot;,&quot;copyright&quot;:&quot;&quot;,&quot;focal_length&quot;:&quot;0&quot;,&quot;iso&quot;:&quot;0&quot;,&quot;shutter_speed&quot;:&quot;0&quot;,&quot;title&quot;:&quot;&quot;,&quot;orientation&quot;:&quot;0&quot;}\" data-image-title=\"d7300961-9249-408e-a547-b554b31622e9\" data-image-description=\"\" data-image-caption=\"&lt;p&gt;Foto: Isak de Castro\/Comunica\u00e7\u00e3oPrefeituradePaudalho&lt;\/p&gt;\n\" data-medium-file=\"https:\/\/www.paudalho.pe.gov.br\/portal\/wp-content\/uploads\/2017\/09\/d7300961-9249-408e-a547-b554b31622e9-1-350x230.jpg\" data-large-file=\"https:\/\/www.paudalho.pe.gov.br\/portal\/wp-content\/uploads\/2017\/09\/d7300961-9249-408e-a547-b554b31622e9-1-800x450.jpg\" class=\"size-medium wp-image-980\" src=\"http:\/\/www.paudalho.pe.gov.br\/portal\/wp-content\/uploads\/2017\/09\/d7300961-9249-408e-a547-b554b31622e9-1-350x230.jpg\" alt=\"\" width=\"300\" height=\"197\" \/><p id=\"caption-attachment-980\" class=\"wp-caption-text\">Foto: Isak de Castro\/Comunica\u00e7\u00e3oPrefeituradePaudalho<\/p><\/div>\n<p>A moradora do distrito de Guadalajara, Angerleide Maria Firmino, \u00e9 ex-aluna da escola e ao conversar com nossa reportagem comentou sobre ter ficado impressionada. <em>\u201cEu estudei aqui, meu filho agora est\u00e1 com 10 anos e desde o comecinho que ele estuda nessa escola e eu n\u00e3o imaginava v\u00ea-la reformada desse jeito no meio do ano, em menos de um ano de mandato. Esse em nove meses j\u00e1 fez isso tudo. \u00c9 muito bom, a escola ficou muito boa mesmo. Veio assim de repente, ele n\u00e3o comentou com ningu\u00e9m&#8230;o voto da gente valeu a pena\u201d<\/em>, disse.<\/p>\n<div id=\"attachment_996\" style=\"width: 310px\" class=\"wp-caption alignnone\"><img loading=\"lazy\" decoding=\"async\" aria-describedby=\"caption-attachment-996\" data-attachment-id=\"996\" data-permalink=\"https:\/\/www.paudalho.pe.gov.br\/portal\/o-valeu-a-pena-comenta-moradora-sobre-reforma-na-escola-municipal-do-paudalho\/69c2040a-bf8a-4c85-a5f0-84a0227a0d87\/\" data-orig-file=\"https:\/\/www.paudalho.pe.gov.br\/portal\/wp-content\/uploads\/2017\/09\/69c2040a-bf8a-4c85-a5f0-84a0227a0d87.jpg\" data-orig-size=\"1024,683\" data-comments-opened=\"1\" data-image-meta=\"{&quot;aperture&quot;:&quot;0&quot;,&quot;credit&quot;:&quot;&quot;,&quot;camera&quot;:&quot;&quot;,&quot;caption&quot;:&quot;&quot;,&quot;created_timestamp&quot;:&quot;0&quot;,&quot;copyright&quot;:&quot;&quot;,&quot;focal_length&quot;:&quot;0&quot;,&quot;iso&quot;:&quot;0&quot;,&quot;shutter_speed&quot;:&quot;0&quot;,&quot;title&quot;:&quot;&quot;,&quot;orientation&quot;:&quot;0&quot;}\" data-image-title=\"69c2040a-bf8a-4c85-a5f0-84a0227a0d87\" data-image-description=\"\" data-image-caption=\"&lt;p&gt;Foto: Isak de Castro\/Comunica\u00e7\u00e3oPrefeituradePaudalho&lt;\/p&gt;\n\" data-medium-file=\"https:\/\/www.paudalho.pe.gov.br\/portal\/wp-content\/uploads\/2017\/09\/69c2040a-bf8a-4c85-a5f0-84a0227a0d87-350x230.jpg\" data-large-file=\"https:\/\/www.paudalho.pe.gov.br\/portal\/wp-content\/uploads\/2017\/09\/69c2040a-bf8a-4c85-a5f0-84a0227a0d87-800x450.jpg\" class=\"size-medium wp-image-996\" src=\"http:\/\/www.paudalho.pe.gov.br\/portal\/wp-content\/uploads\/2017\/09\/69c2040a-bf8a-4c85-a5f0-84a0227a0d87-350x230.jpg\" alt=\"\" width=\"300\" height=\"197\" \/><p id=\"caption-attachment-996\" class=\"wp-caption-text\">Foto: Isak de Castro\/Comunica\u00e7\u00e3oPrefeituradePaudalho<\/p><\/div>\n<p>A Banda 22 de Novembro participou da festa e o p\u00fablico animado celebrou mais uma vit\u00f3ria da popula\u00e7\u00e3o: <strong>Veja no V\u00eddeo o grupo tocando a m\u00fasica de Paudalho:\u00a0<\/strong><br \/>\n<span class=\"embed-youtube\" style=\"text-align:center; display: block;\"><iframe loading=\"lazy\" class=\"youtube-player\" width=\"640\" height=\"360\" src=\"https:\/\/www.youtube.com\/embed\/3NJUrlh0v0o?version=3&#038;rel=1&#038;showsearch=0&#038;showinfo=1&#038;iv_load_policy=1&#038;fs=1&#038;hl=pt-BR&#038;autohide=2&#038;wmode=transparent\" allowfullscreen=\"true\" style=\"border:0;\" sandbox=\"allow-scripts allow-same-origin allow-popups allow-presentation allow-popups-to-escape-sandbox\"><\/iframe><\/span><br \/>\nDenise Lima tamb\u00e9m \u00e9 moradora da comunidade e comentou que as mudan\u00e7as foram al\u00e9m das reformas estruturais. <em>\u201c Mudou muito tamb\u00e9m em termo de secretaria, merenda ficou muito excelente, atendimento e eu estou muito contente.<\/em>\u201d, falou. \u00a0Faziam quase 12 anos que a unidade de ensino n\u00e3o recebia incentivo da Prefeitura do Paudalho. A dona de casa, Joziane, disse que a reforma \u00e9 um exemplo de mudan\u00e7a. <em>\u201cA gente sempre confiou que Marcelo iria fazer a diferen\u00e7a, ent\u00e3o ver esse escola assim \u00e9 bom demais porque os meus filhos estudaram aqui, hoje a minha filha \u00e9 funcion\u00e1ria e o meu neto est\u00e1 crescendo para ser estudante aqui nessa escola\u201d,<\/em> esclareceu.<\/p>\n<div id=\"attachment_997\" style=\"width: 310px\" class=\"wp-caption alignnone\"><img loading=\"lazy\" decoding=\"async\" aria-describedby=\"caption-attachment-997\" data-attachment-id=\"997\" data-permalink=\"https:\/\/www.paudalho.pe.gov.br\/portal\/o-valeu-a-pena-comenta-moradora-sobre-reforma-na-escola-municipal-do-paudalho\/55317ed8-b090-45dd-86e3-ea2cd28f0f60\/\" data-orig-file=\"https:\/\/www.paudalho.pe.gov.br\/portal\/wp-content\/uploads\/2017\/09\/55317ed8-b090-45dd-86e3-ea2cd28f0f60.jpg\" data-orig-size=\"1024,683\" data-comments-opened=\"1\" data-image-meta=\"{&quot;aperture&quot;:&quot;0&quot;,&quot;credit&quot;:&quot;&quot;,&quot;camera&quot;:&quot;&quot;,&quot;caption&quot;:&quot;&quot;,&quot;created_timestamp&quot;:&quot;0&quot;,&quot;copyright&quot;:&quot;&quot;,&quot;focal_length&quot;:&quot;0&quot;,&quot;iso&quot;:&quot;0&quot;,&quot;shutter_speed&quot;:&quot;0&quot;,&quot;title&quot;:&quot;&quot;,&quot;orientation&quot;:&quot;0&quot;}\" data-image-title=\"55317ed8-b090-45dd-86e3-ea2cd28f0f60\" data-image-description=\"\" data-image-caption=\"&lt;p&gt;Foto: Isak de Castro\/Comunica\u00e7\u00e3oPrefeituradePaudalho&lt;\/p&gt;\n\" data-medium-file=\"https:\/\/www.paudalho.pe.gov.br\/portal\/wp-content\/uploads\/2017\/09\/55317ed8-b090-45dd-86e3-ea2cd28f0f60-350x230.jpg\" data-large-file=\"https:\/\/www.paudalho.pe.gov.br\/portal\/wp-content\/uploads\/2017\/09\/55317ed8-b090-45dd-86e3-ea2cd28f0f60-800x450.jpg\" class=\"size-medium wp-image-997\" src=\"http:\/\/www.paudalho.pe.gov.br\/portal\/wp-content\/uploads\/2017\/09\/55317ed8-b090-45dd-86e3-ea2cd28f0f60-350x230.jpg\" alt=\"\" width=\"300\" height=\"197\" \/><p id=\"caption-attachment-997\" class=\"wp-caption-text\">Foto: Isak de Castro\/Comunica\u00e7\u00e3oPrefeituradePaudalho<\/p><\/div>\n<p>Na programa\u00e7\u00e3o, alunos participaram do momento Aquarela do Brasil. <strong>Veja no V\u00eddeo:\u00a0<\/strong><br \/>\n<span class=\"embed-youtube\" style=\"text-align:center; display: block;\"><iframe loading=\"lazy\" class=\"youtube-player\" width=\"640\" height=\"360\" src=\"https:\/\/www.youtube.com\/embed\/2G9gmGiJd3Q?version=3&#038;rel=1&#038;showsearch=0&#038;showinfo=1&#038;iv_load_policy=1&#038;fs=1&#038;hl=pt-BR&#038;autohide=2&#038;wmode=transparent\" allowfullscreen=\"true\" style=\"border:0;\" sandbox=\"allow-scripts allow-same-origin allow-popups allow-presentation allow-popups-to-escape-sandbox\"><\/iframe><\/span><br \/>\n<strong>\u00a0Antes x Depois<\/strong><\/p>\n<p>Antes, a comunidade reclamava da falta de comprometimento da Prefeitura com a unidade de ensino. Os alunos precisavam andar cerca de dois km para chegar a um anexo da institui\u00e7\u00e3o e com a reforma e amplia\u00e7\u00e3o de tr\u00eas salas essa situa\u00e7\u00e3o mudou. O secret\u00e1rio de Educa\u00e7\u00e3o do munic\u00edpio, Ednaldo Ernesto, esclarece que ao visitar o local no m\u00eas de fevereiro ficou triste com realidade que agora foi transformada.\u00a0\u201cMe senti deprimido com a situa\u00e7\u00e3o de pen\u00faria dos alunos que aqui assistiam \u00e0s aulas, expostos ao sol. Fui at\u00e9 o anexo que no ano passado ficava a dois quil\u00f4metros da escola&#8230;Marcelo Gouveia est\u00e1 devolvendo\u00a0a dignidade do povo de Paudalho\u201d, disse.<\/p>\n<div id=\"attachment_998\" style=\"width: 310px\" class=\"wp-caption alignnone\"><img loading=\"lazy\" decoding=\"async\" aria-describedby=\"caption-attachment-998\" data-attachment-id=\"998\" data-permalink=\"https:\/\/www.paudalho.pe.gov.br\/portal\/o-valeu-a-pena-comenta-moradora-sobre-reforma-na-escola-municipal-do-paudalho\/whatsapp-image-2017-09-06-at-11-58-03-am\/\" data-orig-file=\"https:\/\/www.paudalho.pe.gov.br\/portal\/wp-content\/uploads\/2017\/09\/WhatsApp-Image-2017-09-06-at-11.58.03-AM.jpeg\" data-orig-size=\"1024,683\" data-comments-opened=\"1\" data-image-meta=\"{&quot;aperture&quot;:&quot;0&quot;,&quot;credit&quot;:&quot;&quot;,&quot;camera&quot;:&quot;&quot;,&quot;caption&quot;:&quot;&quot;,&quot;created_timestamp&quot;:&quot;0&quot;,&quot;copyright&quot;:&quot;&quot;,&quot;focal_length&quot;:&quot;0&quot;,&quot;iso&quot;:&quot;0&quot;,&quot;shutter_speed&quot;:&quot;0&quot;,&quot;title&quot;:&quot;&quot;,&quot;orientation&quot;:&quot;0&quot;}\" data-image-title=\"WhatsApp Image 2017-09-06 at 11.58.03 AM\" data-image-description=\"\" data-image-caption=\"&lt;p&gt;Foto: Isak de Castro\/Comunica\u00e7\u00e3oPrefeituradePaudalho&lt;\/p&gt;\n\" data-medium-file=\"https:\/\/www.paudalho.pe.gov.br\/portal\/wp-content\/uploads\/2017\/09\/WhatsApp-Image-2017-09-06-at-11.58.03-AM-350x230.jpeg\" data-large-file=\"https:\/\/www.paudalho.pe.gov.br\/portal\/wp-content\/uploads\/2017\/09\/WhatsApp-Image-2017-09-06-at-11.58.03-AM-800x450.jpeg\" class=\"size-medium wp-image-998\" src=\"http:\/\/www.paudalho.pe.gov.br\/portal\/wp-content\/uploads\/2017\/09\/WhatsApp-Image-2017-09-06-at-11.58.03-AM-350x230.jpeg\" alt=\"\" width=\"300\" height=\"197\" \/><p id=\"caption-attachment-998\" class=\"wp-caption-text\">Foto: Isak de Castro\/Comunica\u00e7\u00e3oPrefeituradePaudalho<\/p><\/div>\n<p>&nbsp;<\/p>\n<p>&nbsp;<\/p>\n<p>&nbsp;<\/p>\n<p>&nbsp;<\/p>\n","protected":false},"excerpt":{"rendered":"<p>A popula\u00e7\u00e3o ficou impressionada com a rapidez da reforma da Escola Municipal de Guadalajara. Nesta quinta-feira (6), a Prefeitura do Paudalho, por meio das secretarias de Obras e Servi\u00e7os P\u00fablico e Educa\u00e7\u00e3o, entregou a unidade de ensino toda reestruturada. Na cerim\u00f4nia o prefeito Marcelo Gouveia apresentou com alegria as mudan\u00e7as no local e reafirmou o [&hellip;]<\/p>\n","protected":false},"author":4,"featured_media":1003,"comment_status":"open","ping_status":"open","sticky":false,"template":"","format":"standard","meta":{"_jetpack_newsletter_access":"","_jetpack_dont_email_post_to_subs":false,"_jetpack_newsletter_tier_id":0,"_jetpack_memberships_contains_paywalled_content":false,"_jetpack_memberships_contains_paid_content":false,"footnotes":""},"categories":[2,4,1,35],"tags":[116,115],"class_list":["post-988","post","type-post","status-publish","format-standard","has-post-thumbnail","hentry","category-destaque","category-educacao","category-noticias","category-obras","tag-escola-municipal-de-guadalajara","tag-reforma"],"jetpack_featured_media_url":"https:\/\/www.paudalho.pe.gov.br\/portal\/wp-content\/uploads\/2017\/09\/essa-opa.jpg","jetpack_sharing_enabled":true,"jetpack_shortlink":"https:\/\/wp.me\/p98mS2-fW","_links":{"self":[{"href":"https:\/\/www.paudalho.pe.gov.br\/portal\/wp-json\/wp\/v2\/posts\/988","targetHints":{"allow":["GET"]}}],"collection":[{"href":"https:\/\/www.paudalho.pe.gov.br\/portal\/wp-json\/wp\/v2\/posts"}],"about":[{"href":"https:\/\/www.paudalho.pe.gov.br\/portal\/wp-json\/wp\/v2\/types\/post"}],"author":[{"embeddable":true,"href":"https:\/\/www.paudalho.pe.gov.br\/portal\/wp-json\/wp\/v2\/users\/4"}],"replies":[{"embeddable":true,"href":"https:\/\/www.paudalho.pe.gov.br\/portal\/wp-json\/wp\/v2\/comments?post=988"}],"version-history":[{"count":6,"href":"https:\/\/www.paudalho.pe.gov.br\/portal\/wp-json\/wp\/v2\/posts\/988\/revisions"}],"predecessor-version":[{"id":1237,"href":"https:\/\/www.paudalho.pe.gov.br\/portal\/wp-json\/wp\/v2\/posts\/988\/revisions\/1237"}],"wp:featuredmedia":[{"embeddable":true,"href":"https:\/\/www.paudalho.pe.gov.br\/portal\/wp-json\/wp\/v2\/media\/1003"}],"wp:attachment":[{"href":"https:\/\/www.paudalho.pe.gov.br\/portal\/wp-json\/wp\/v2\/media?parent=988"}],"wp:term":[{"taxonomy":"category","embeddable":true,"href":"https:\/\/www.paudalho.pe.gov.br\/portal\/wp-json\/wp\/v2\/categories?post=988"},{"taxonomy":"post_tag","embeddable":true,"href":"https:\/\/www.paudalho.pe.gov.br\/portal\/wp-json\/wp\/v2\/tags?post=988"}],"curies":[{"name":"wp","href":"https:\/\/api.w.org\/{rel}","templated":true}]}}