{"id":9817,"date":"2020-02-05T12:59:37","date_gmt":"2020-02-05T15:59:37","guid":{"rendered":"https:\/\/www.paudalho.pe.gov.br\/portal\/?p=9817"},"modified":"2025-01-08T00:39:53","modified_gmt":"2025-01-08T03:39:53","slug":"21a-corrida-de-sao-sebastiao-movimenta-a-cidade-de-paudalho","status":"publish","type":"post","link":"https:\/\/www.paudalho.pe.gov.br\/portal\/21a-corrida-de-sao-sebastiao-movimenta-a-cidade-de-paudalho\/","title":{"rendered":"21\u00aa Corrida de S\u00e3o Sebasti\u00e3o movimenta a cidade de Paudalho"},"content":{"rendered":"\n<p>A tradicional Corrida de S\u00e3o Sebasti\u00e3o chega a sua 21\u00aa edi\u00e7\u00e3o em 2020. O evento esportivo que acontece anualmente foi realizado na tarde do \u00faltimo domingo (2) em Paudalho. Cerca de 85 pessoas participaram como corredores na competi\u00e7\u00e3o. Esse grupo foi composto por homens e mulheres de diferentes idades vindos tanto do munic\u00edpio como de outras localidades do estado.  <\/p>\n\n\n\n<figure class=\"wp-block-image size-large\"><img loading=\"lazy\" decoding=\"async\" width=\"1280\" height=\"853\" data-attachment-id=\"9818\" data-permalink=\"https:\/\/www.paudalho.pe.gov.br\/portal\/21a-corrida-de-sao-sebastiao-movimenta-a-cidade-de-paudalho\/whatsapp-image-2020-02-03-at-10-51-02-2\/\" data-orig-file=\"https:\/\/www.paudalho.pe.gov.br\/portal\/wp-content\/uploads\/2020\/02\/WhatsApp-Image-2020-02-03-at-10.51.02-2.jpeg\" data-orig-size=\"1280,853\" data-comments-opened=\"1\" data-image-meta=\"{&quot;aperture&quot;:&quot;0&quot;,&quot;credit&quot;:&quot;&quot;,&quot;camera&quot;:&quot;&quot;,&quot;caption&quot;:&quot;&quot;,&quot;created_timestamp&quot;:&quot;0&quot;,&quot;copyright&quot;:&quot;&quot;,&quot;focal_length&quot;:&quot;0&quot;,&quot;iso&quot;:&quot;0&quot;,&quot;shutter_speed&quot;:&quot;0&quot;,&quot;title&quot;:&quot;&quot;,&quot;orientation&quot;:&quot;0&quot;}\" data-image-title=\"WhatsApp-Image-2020-02-03-at-10.51.02-2\" data-image-description=\"\" data-image-caption=\"\" data-medium-file=\"https:\/\/www.paudalho.pe.gov.br\/portal\/wp-content\/uploads\/2020\/02\/WhatsApp-Image-2020-02-03-at-10.51.02-2-350x230.jpeg\" data-large-file=\"https:\/\/www.paudalho.pe.gov.br\/portal\/wp-content\/uploads\/2020\/02\/WhatsApp-Image-2020-02-03-at-10.51.02-2-800x450.jpeg\" src=\"https:\/\/i0.wp.com\/www.paudalho.pe.gov.br\/portal\/wp-content\/uploads\/2020\/02\/WhatsApp-Image-2020-02-03-at-10.51.02-2.jpeg?resize=800%2C450&amp;ssl=1\" alt=\"\" class=\"wp-image-9818\" srcset=\"https:\/\/www.paudalho.pe.gov.br\/portal\/wp-content\/uploads\/2020\/02\/WhatsApp-Image-2020-02-03-at-10.51.02-2.jpeg 1280w, https:\/\/www.paudalho.pe.gov.br\/portal\/wp-content\/uploads\/2020\/02\/WhatsApp-Image-2020-02-03-at-10.51.02-2-768x512.jpeg 768w\" sizes=\"auto, (max-width: 1280px) 100vw, 1280px\" \/><figcaption>Corredores e equipe de organiza\u00e7\u00e3o da 21\u00aa Corrida de S\u00e3o Sebasti\u00e3o. Foto: Josu\u00e9 Junior\/PMP. <\/figcaption><\/figure>\n\n\n\n<p>A prova teve um percurso de aproximadamente 7,4 kms e percorreu as principais ruas da cidade. A largada ocorreu no bairro Alto Dois Irm\u00e3os, ponto onde tamb\u00e9m estava montado o p\u00f3dio. Um grande n\u00famero de moradores locais prestigiaram a programa\u00e7\u00e3o esportiva e torceram pelos corredores. A disputa foi acirrada entre os primeiros colocados, o que animou o p\u00fablico que acompanhava a competi\u00e7\u00e3o. Ao final do evento foram entregues as premia\u00e7\u00f5es nas categorias &#8220;Geral Masculino e Feminino&#8221; e &#8220;Local Masculino e Feminino&#8221;. <\/p>\n\n\n\n<figure class=\"wp-block-image size-large\"><img loading=\"lazy\" decoding=\"async\" width=\"1280\" height=\"853\" data-attachment-id=\"9819\" data-permalink=\"https:\/\/www.paudalho.pe.gov.br\/portal\/21a-corrida-de-sao-sebastiao-movimenta-a-cidade-de-paudalho\/whatsapp-image-2020-02-03-at-10-51-07-1\/\" data-orig-file=\"https:\/\/www.paudalho.pe.gov.br\/portal\/wp-content\/uploads\/2020\/02\/WhatsApp-Image-2020-02-03-at-10.51.07-1.jpeg\" data-orig-size=\"1280,853\" data-comments-opened=\"1\" data-image-meta=\"{&quot;aperture&quot;:&quot;0&quot;,&quot;credit&quot;:&quot;&quot;,&quot;camera&quot;:&quot;&quot;,&quot;caption&quot;:&quot;&quot;,&quot;created_timestamp&quot;:&quot;0&quot;,&quot;copyright&quot;:&quot;&quot;,&quot;focal_length&quot;:&quot;0&quot;,&quot;iso&quot;:&quot;0&quot;,&quot;shutter_speed&quot;:&quot;0&quot;,&quot;title&quot;:&quot;&quot;,&quot;orientation&quot;:&quot;0&quot;}\" data-image-title=\"WhatsApp-Image-2020-02-03-at-10.51.07-1\" data-image-description=\"\" data-image-caption=\"\" data-medium-file=\"https:\/\/www.paudalho.pe.gov.br\/portal\/wp-content\/uploads\/2020\/02\/WhatsApp-Image-2020-02-03-at-10.51.07-1-350x230.jpeg\" data-large-file=\"https:\/\/www.paudalho.pe.gov.br\/portal\/wp-content\/uploads\/2020\/02\/WhatsApp-Image-2020-02-03-at-10.51.07-1-800x450.jpeg\" src=\"https:\/\/i0.wp.com\/www.paudalho.pe.gov.br\/portal\/wp-content\/uploads\/2020\/02\/WhatsApp-Image-2020-02-03-at-10.51.07-1.jpeg?resize=800%2C450&amp;ssl=1\" alt=\"\" class=\"wp-image-9819\" srcset=\"https:\/\/www.paudalho.pe.gov.br\/portal\/wp-content\/uploads\/2020\/02\/WhatsApp-Image-2020-02-03-at-10.51.07-1.jpeg 1280w, https:\/\/www.paudalho.pe.gov.br\/portal\/wp-content\/uploads\/2020\/02\/WhatsApp-Image-2020-02-03-at-10.51.07-1-768x512.jpeg 768w\" sizes=\"auto, (max-width: 1280px) 100vw, 1280px\" \/><figcaption>Moradores locais tiram fotos e demonstram alegria ao acompanhar a corrida de rua. Foto: Josu\u00e9 Junior\/PMP.  <\/figcaption><\/figure>\n\n\n\n<p>Para guiar os corredores, al\u00e9m das instru\u00e7\u00f5es passadas previamente, durante a corrida foram utilizadas setas nas estradas para indicar o caminho correto a seguir. Os participantes contaram com apoio de uma equipe de sa\u00fade e com pontos para hidrata\u00e7\u00e3o. A Guarda Municipal  os acompanhou durante todo o trajeto com o objetivo de garantir a seguran\u00e7a ao longo da competi\u00e7\u00e3o.  De acordo com a organiza\u00e7\u00e3o da corrida o evento \u00e9 de grande import\u00e2ncia para a comunidade paudalhense. Sua realiza\u00e7\u00e3o em parceria com a Prefeitura do Paudalho \u00e9 uma verdadeira conquista e a cada ano \u00e9 poss\u00edvel acompanhar de perto seu crescimento.  <\/p>\n\n\n\n<figure class=\"wp-block-image size-large\"><img loading=\"lazy\" decoding=\"async\" width=\"1280\" height=\"853\" data-attachment-id=\"9820\" data-permalink=\"https:\/\/www.paudalho.pe.gov.br\/portal\/21a-corrida-de-sao-sebastiao-movimenta-a-cidade-de-paudalho\/whatsapp-image-2020-02-03-at-10-51-05\/\" data-orig-file=\"https:\/\/www.paudalho.pe.gov.br\/portal\/wp-content\/uploads\/2020\/02\/WhatsApp-Image-2020-02-03-at-10.51.05.jpeg\" data-orig-size=\"1280,853\" data-comments-opened=\"1\" data-image-meta=\"{&quot;aperture&quot;:&quot;0&quot;,&quot;credit&quot;:&quot;&quot;,&quot;camera&quot;:&quot;&quot;,&quot;caption&quot;:&quot;&quot;,&quot;created_timestamp&quot;:&quot;0&quot;,&quot;copyright&quot;:&quot;&quot;,&quot;focal_length&quot;:&quot;0&quot;,&quot;iso&quot;:&quot;0&quot;,&quot;shutter_speed&quot;:&quot;0&quot;,&quot;title&quot;:&quot;&quot;,&quot;orientation&quot;:&quot;0&quot;}\" data-image-title=\"WhatsApp-Image-2020-02-03-at-10.51.05\" data-image-description=\"\" data-image-caption=\"\" data-medium-file=\"https:\/\/www.paudalho.pe.gov.br\/portal\/wp-content\/uploads\/2020\/02\/WhatsApp-Image-2020-02-03-at-10.51.05-350x230.jpeg\" data-large-file=\"https:\/\/www.paudalho.pe.gov.br\/portal\/wp-content\/uploads\/2020\/02\/WhatsApp-Image-2020-02-03-at-10.51.05-800x450.jpeg\" src=\"https:\/\/i1.wp.com\/www.paudalho.pe.gov.br\/portal\/wp-content\/uploads\/2020\/02\/WhatsApp-Image-2020-02-03-at-10.51.05.jpeg?resize=800%2C450&amp;ssl=1\" alt=\"\" class=\"wp-image-9820\" srcset=\"https:\/\/www.paudalho.pe.gov.br\/portal\/wp-content\/uploads\/2020\/02\/WhatsApp-Image-2020-02-03-at-10.51.05.jpeg 1280w, https:\/\/www.paudalho.pe.gov.br\/portal\/wp-content\/uploads\/2020\/02\/WhatsApp-Image-2020-02-03-at-10.51.05-768x512.jpeg 768w\" sizes=\"auto, (max-width: 1280px) 100vw, 1280px\" \/><figcaption>Guarda Municipal organiza o tr\u00e2nsito para n\u00e3o haver acidentes durante a competi\u00e7\u00e3o. Foto: Josu\u00e9 Junior\/PMP.  <\/figcaption><\/figure>\n\n\n\n<p>O secret\u00e1rio executivo de esportes, Di\u00f3genes Porf\u00edrio, demonstra sua felicidade em fazer parte da equipe organizadora da corrida. &#8220;<em>\u00c9 uma satisfa\u00e7\u00e3o enorme poder realizar essa importante a\u00e7\u00e3o pelo quarto ano consecutivo pois mostra o compromisso da gest\u00e3o, em especial da Secretaria Executiva de Esportes, Juventude, Lazer e Desenvolvimento Econ\u00f4mico, em manter todos as programa\u00e7\u00f5es esportivas que vem acontecendo ao longo desses tr\u00eas anos. Teremos mais a\u00e7\u00f5es pela frente e com certeza grandes eventos esportivos acontecer\u00e3o ao longo de 2020&#8243;<\/em>, afirma. <\/p>\n\n\n\n<figure class=\"wp-block-image size-large\"><img loading=\"lazy\" decoding=\"async\" width=\"1280\" height=\"853\" data-attachment-id=\"9821\" data-permalink=\"https:\/\/www.paudalho.pe.gov.br\/portal\/21a-corrida-de-sao-sebastiao-movimenta-a-cidade-de-paudalho\/whatsapp-image-2020-02-03-at-10-51-02\/\" data-orig-file=\"https:\/\/www.paudalho.pe.gov.br\/portal\/wp-content\/uploads\/2020\/02\/WhatsApp-Image-2020-02-03-at-10.51.02.jpeg\" data-orig-size=\"1280,853\" data-comments-opened=\"1\" data-image-meta=\"{&quot;aperture&quot;:&quot;0&quot;,&quot;credit&quot;:&quot;&quot;,&quot;camera&quot;:&quot;&quot;,&quot;caption&quot;:&quot;&quot;,&quot;created_timestamp&quot;:&quot;0&quot;,&quot;copyright&quot;:&quot;&quot;,&quot;focal_length&quot;:&quot;0&quot;,&quot;iso&quot;:&quot;0&quot;,&quot;shutter_speed&quot;:&quot;0&quot;,&quot;title&quot;:&quot;&quot;,&quot;orientation&quot;:&quot;0&quot;}\" data-image-title=\"WhatsApp-Image-2020-02-03-at-10.51.02\" data-image-description=\"\" data-image-caption=\"\" data-medium-file=\"https:\/\/www.paudalho.pe.gov.br\/portal\/wp-content\/uploads\/2020\/02\/WhatsApp-Image-2020-02-03-at-10.51.02-350x230.jpeg\" data-large-file=\"https:\/\/www.paudalho.pe.gov.br\/portal\/wp-content\/uploads\/2020\/02\/WhatsApp-Image-2020-02-03-at-10.51.02-800x450.jpeg\" src=\"https:\/\/i2.wp.com\/www.paudalho.pe.gov.br\/portal\/wp-content\/uploads\/2020\/02\/WhatsApp-Image-2020-02-03-at-10.51.02.jpeg?resize=800%2C450&amp;ssl=1\" alt=\"\" class=\"wp-image-9821\" srcset=\"https:\/\/www.paudalho.pe.gov.br\/portal\/wp-content\/uploads\/2020\/02\/WhatsApp-Image-2020-02-03-at-10.51.02.jpeg 1280w, https:\/\/www.paudalho.pe.gov.br\/portal\/wp-content\/uploads\/2020\/02\/WhatsApp-Image-2020-02-03-at-10.51.02-768x512.jpeg 768w\" sizes=\"auto, (max-width: 1280px) 100vw, 1280px\" \/><figcaption>Secret\u00e1rio executivo de Esportes, Juventude, Lazer e Desenvolvimento Econ\u00f4mico, Di\u00f3genes Porf\u00edrio, faz apresenta\u00e7\u00e3o inicial da prova. Foto: Josu\u00e9 Junior\/PMP.  <\/figcaption><\/figure>\n\n\n\n<h3 class=\"wp-block-heading\">Classifica\u00e7\u00e3o Geral da 21\u00aa Corrida de S\u00e3o Sebasti\u00e3o:<\/h3>\n\n\n\n<figure class=\"wp-block-image size-large\"><img loading=\"lazy\" decoding=\"async\" width=\"800\" height=\"450\" data-attachment-id=\"9811\" data-permalink=\"https:\/\/www.paudalho.pe.gov.br\/portal\/img-20200203-wa0027\/\" data-orig-file=\"https:\/\/www.paudalho.pe.gov.br\/portal\/wp-content\/uploads\/2020\/02\/IMG-20200203-WA0027.jpg\" data-orig-size=\"1280,853\" data-comments-opened=\"1\" data-image-meta=\"{&quot;aperture&quot;:&quot;0&quot;,&quot;credit&quot;:&quot;&quot;,&quot;camera&quot;:&quot;&quot;,&quot;caption&quot;:&quot;&quot;,&quot;created_timestamp&quot;:&quot;0&quot;,&quot;copyright&quot;:&quot;&quot;,&quot;focal_length&quot;:&quot;0&quot;,&quot;iso&quot;:&quot;0&quot;,&quot;shutter_speed&quot;:&quot;0&quot;,&quot;title&quot;:&quot;&quot;,&quot;orientation&quot;:&quot;0&quot;}\" data-image-title=\"IMG-20200203-WA0027\" data-image-description=\"\" data-image-caption=\"\" data-medium-file=\"https:\/\/www.paudalho.pe.gov.br\/portal\/wp-content\/uploads\/2020\/02\/IMG-20200203-WA0027-350x230.jpg\" data-large-file=\"https:\/\/www.paudalho.pe.gov.br\/portal\/wp-content\/uploads\/2020\/02\/IMG-20200203-WA0027-800x450.jpg\" src=\"https:\/\/www.paudalho.pe.gov.br\/portal\/wp-content\/uploads\/2020\/02\/IMG-20200203-WA0027-800x450.jpg\" alt=\"\" class=\"wp-image-9811\"\/><figcaption> Foto: Josu\u00e9 Junior\/PMP.   <\/figcaption><\/figure>\n\n\n\n<h4 class=\"wp-block-heading\">Categoria Geral Masculino<\/h4>\n\n\n\n<p>1\u00b0 lugar &#8211; Lucas Japa &#8211; 23:41 &#8211; Equipe Bingo Corrida<br>2\u00b0 lugar &#8211; \u00canio Cleyton &#8211; 23:51 &#8211; Equipe S\u00e3o Caetano<br>3\u00b0 lugar &#8211; Josuedo Francisco &#8211; 24:31 &#8211; Equipe Brej\u00e3o Garanhuns<br>4\u00b0 lugar &#8211; Andr\u00e9 Marcos &#8211; 24:55 &#8211; Equipe Bingo Corrida<br>5\u00b0 lugar &#8211; Marcelo Jos\u00e9 da Silva &#8211; 26:21 &#8211; Equipe Caruaru<\/p>\n\n\n\n<h4 class=\"wp-block-heading\">Categoria Geral Feminino<\/h4>\n\n\n\n<p>1\u00b0 lugar &#8211; Alessandra Tharcila &#8211; 41:12 &#8211; Equipe For\u00e7a e honra<br>2\u00b0 lugar &#8211; Rosilda Maria &#8211; 42:08 &#8211; Equipe Paudalho<br>3\u00b0 lugar &#8211; Ana Paula Soares &#8211; 42:31 &#8211; Equipe For\u00e7a e honra<br>4\u00b0 lugar &#8211; Josilene Honduras &#8211; 44:30 &#8211; Equipe Guadalajara<br>5\u00b0 lugar &#8211; Erika Leidiane &#8211; 46:18 &#8211; Equipe Macaparana<\/p>\n\n\n\n<figure class=\"wp-block-image size-large\"><img loading=\"lazy\" decoding=\"async\" width=\"1280\" height=\"853\" data-attachment-id=\"9824\" data-permalink=\"https:\/\/www.paudalho.pe.gov.br\/portal\/21a-corrida-de-sao-sebastiao-movimenta-a-cidade-de-paudalho\/whatsapp-image-2020-02-03-at-10-51-06\/\" data-orig-file=\"https:\/\/www.paudalho.pe.gov.br\/portal\/wp-content\/uploads\/2020\/02\/WhatsApp-Image-2020-02-03-at-10.51.06.jpeg\" data-orig-size=\"1280,853\" data-comments-opened=\"1\" data-image-meta=\"{&quot;aperture&quot;:&quot;0&quot;,&quot;credit&quot;:&quot;&quot;,&quot;camera&quot;:&quot;&quot;,&quot;caption&quot;:&quot;&quot;,&quot;created_timestamp&quot;:&quot;0&quot;,&quot;copyright&quot;:&quot;&quot;,&quot;focal_length&quot;:&quot;0&quot;,&quot;iso&quot;:&quot;0&quot;,&quot;shutter_speed&quot;:&quot;0&quot;,&quot;title&quot;:&quot;&quot;,&quot;orientation&quot;:&quot;0&quot;}\" data-image-title=\"WhatsApp-Image-2020-02-03-at-10.51.06\" data-image-description=\"\" data-image-caption=\"\" data-medium-file=\"https:\/\/www.paudalho.pe.gov.br\/portal\/wp-content\/uploads\/2020\/02\/WhatsApp-Image-2020-02-03-at-10.51.06-350x230.jpeg\" data-large-file=\"https:\/\/www.paudalho.pe.gov.br\/portal\/wp-content\/uploads\/2020\/02\/WhatsApp-Image-2020-02-03-at-10.51.06-800x450.jpeg\" src=\"https:\/\/i0.wp.com\/www.paudalho.pe.gov.br\/portal\/wp-content\/uploads\/2020\/02\/WhatsApp-Image-2020-02-03-at-10.51.06.jpeg?resize=800%2C450&amp;ssl=1\" alt=\"\" class=\"wp-image-9824\" srcset=\"https:\/\/www.paudalho.pe.gov.br\/portal\/wp-content\/uploads\/2020\/02\/WhatsApp-Image-2020-02-03-at-10.51.06.jpeg 1280w, https:\/\/www.paudalho.pe.gov.br\/portal\/wp-content\/uploads\/2020\/02\/WhatsApp-Image-2020-02-03-at-10.51.06-768x512.jpeg 768w\" sizes=\"auto, (max-width: 1280px) 100vw, 1280px\" \/><figcaption> Foto: Josu\u00e9 Junior\/PMP.   <\/figcaption><\/figure>\n\n\n\n<h4 class=\"wp-block-heading\">Categoria Local Masculino<\/h4>\n\n\n\n<p>1\u00b0 lugar &#8211; Will Souza &#8211; 27:41 &#8211; Equipe CCM<br>2\u00b0 lugar &#8211; Glauson\u00edlio Rocha &#8211; 28:57 &#8211; Equipe Ch\u00e3 de Cruz<br>3\u00b0 lugar &#8211; Lindemberg Jos\u00e9 &#8211; 32:37- Equipe Individual<br>4\u00b0 lugar &#8211; Amaral &#8211; 34:14 &#8211; Equipe Oliveira<br>5\u00b0 lugar Reginaldo Beltr\u00e3o &#8211; 36:44 &#8211; Equipe Mixuruca<\/p>\n\n\n\n<h4 class=\"wp-block-heading\">Categoria Local Feminino<\/h4>\n\n\n\n<p>1\u00b0 lugar &#8211; Alessandra Tharcila &#8211; 41:12 &#8211; Equipe For\u00e7a e honra<br>2\u00b0 lugar &#8211; Rosilda Maria &#8211; 42:08- Equipe Paudalho<br>3\u00b0 lugar &#8211; Ana Paula Soares &#8211; 42:31 &#8211; Equipe For\u00e7a e honra<br>4\u00b0 lugar &#8211; Josilene Honduras &#8211; 44:30 &#8211; Equipe Guadalajara<br>5\u00b0 lugar &#8211; Erika Leidiane &#8211; 46:18 &#8211; Equipe Corredores de Macaparana<\/p>\n","protected":false},"excerpt":{"rendered":"<p>A tradicional Corrida de S\u00e3o Sebasti\u00e3o chega a sua 21\u00aa edi\u00e7\u00e3o em 2020. O evento esportivo que acontece anualmente foi realizado na tarde do \u00faltimo domingo (2) em Paudalho. <\/p>\n","protected":false},"author":6,"featured_media":9813,"comment_status":"open","ping_status":"open","sticky":false,"template":"","format":"standard","meta":{"_jetpack_newsletter_access":"","_jetpack_dont_email_post_to_subs":false,"_jetpack_newsletter_tier_id":0,"_jetpack_memberships_contains_paywalled_content":false,"_jetpack_memberships_contains_paid_content":false,"footnotes":""},"categories":[7,1],"tags":[245,282],"class_list":["post-9817","post","type-post","status-publish","format-standard","has-post-thumbnail","hentry","category-esportes","category-noticias","tag-corrida-de-sao-sebastiao","tag-esportes"],"jetpack_featured_media_url":"https:\/\/www.paudalho.pe.gov.br\/portal\/wp-content\/uploads\/2020\/02\/IMG-20200203-WA0018.jpg","jetpack_sharing_enabled":true,"jetpack_shortlink":"https:\/\/wp.me\/p98mS2-2yl","_links":{"self":[{"href":"https:\/\/www.paudalho.pe.gov.br\/portal\/wp-json\/wp\/v2\/posts\/9817","targetHints":{"allow":["GET"]}}],"collection":[{"href":"https:\/\/www.paudalho.pe.gov.br\/portal\/wp-json\/wp\/v2\/posts"}],"about":[{"href":"https:\/\/www.paudalho.pe.gov.br\/portal\/wp-json\/wp\/v2\/types\/post"}],"author":[{"embeddable":true,"href":"https:\/\/www.paudalho.pe.gov.br\/portal\/wp-json\/wp\/v2\/users\/6"}],"replies":[{"embeddable":true,"href":"https:\/\/www.paudalho.pe.gov.br\/portal\/wp-json\/wp\/v2\/comments?post=9817"}],"version-history":[{"count":5,"href":"https:\/\/www.paudalho.pe.gov.br\/portal\/wp-json\/wp\/v2\/posts\/9817\/revisions"}],"predecessor-version":[{"id":10388,"href":"https:\/\/www.paudalho.pe.gov.br\/portal\/wp-json\/wp\/v2\/posts\/9817\/revisions\/10388"}],"wp:featuredmedia":[{"embeddable":true,"href":"https:\/\/www.paudalho.pe.gov.br\/portal\/wp-json\/wp\/v2\/media\/9813"}],"wp:attachment":[{"href":"https:\/\/www.paudalho.pe.gov.br\/portal\/wp-json\/wp\/v2\/media?parent=9817"}],"wp:term":[{"taxonomy":"category","embeddable":true,"href":"https:\/\/www.paudalho.pe.gov.br\/portal\/wp-json\/wp\/v2\/categories?post=9817"},{"taxonomy":"post_tag","embeddable":true,"href":"https:\/\/www.paudalho.pe.gov.br\/portal\/wp-json\/wp\/v2\/tags?post=9817"}],"curies":[{"name":"wp","href":"https:\/\/api.w.org\/{rel}","templated":true}]}}