{"id":9790,"date":"2020-01-31T00:38:58","date_gmt":"2020-01-31T03:38:58","guid":{"rendered":"https:\/\/www.paudalho.pe.gov.br\/portal\/?p=9790"},"modified":"2020-01-31T00:38:58","modified_gmt":"2020-01-31T03:38:58","slug":"apos-obras-escola-paulo-vi-e-reinaugurada-em-paudalho","status":"publish","type":"post","link":"https:\/\/www.paudalho.pe.gov.br\/portal\/apos-obras-escola-paulo-vi-e-reinaugurada-em-paudalho\/","title":{"rendered":"Ap\u00f3s obras, Escola Paulo VI \u00e9 reinaugurada em Paudalho"},"content":{"rendered":"\n<p>Na noite dessa quinta-feira (30), a Prefeitura do Paudalho realizou um evento para a entrega da Escola Paulo VI, na Comunidade Ch\u00e3 do Pinheiro. A inaugura\u00e7\u00e3o teve in\u00edcio \u00e0s 19h e pais, alunos, membros da Secretaria de Educa\u00e7\u00e3o e demais gestores do munic\u00edpio estiveram presentes na ocasi\u00e3o. Situada na Zona Rural da cidade, a escola teve sua infraestrutura totalmente renovada em uma obra que contou com o investimento de R$ 332.550,68. <\/p>\n\n\n\n<p>Para iniciar a noite, o bloco carnavalesco paudalhense Som de Serenata fez uma apresenta\u00e7\u00e3o com m\u00fasicas do repert\u00f3rio tradicional em frente ao edif\u00edcio. Em seguida e ap\u00f3s algumas considera\u00e7\u00f5es, o p\u00fablico presente p\u00f4de ver de perto a renova\u00e7\u00e3o no local. Antes da reconstru\u00e7\u00e3o faltava uma infraestrutura de qualidade na escola, estudantes e professores lidavam com um ambiente prec\u00e1rio.\u00a0<\/p>\n\n\n\n<figure class=\"wp-block-image size-large\"><img loading=\"lazy\" decoding=\"async\" width=\"1280\" height=\"853\" data-attachment-id=\"9792\" data-permalink=\"https:\/\/www.paudalho.pe.gov.br\/portal\/apos-obras-escola-paulo-vi-e-reinaugurada-em-paudalho\/whatsapp-image-2020-01-30-at-22-57-48\/\" data-orig-file=\"https:\/\/www.paudalho.pe.gov.br\/portal\/wp-content\/uploads\/2020\/01\/WhatsApp-Image-2020-01-30-at-22.57.48.jpeg\" data-orig-size=\"1280,853\" data-comments-opened=\"1\" data-image-meta=\"{&quot;aperture&quot;:&quot;0&quot;,&quot;credit&quot;:&quot;&quot;,&quot;camera&quot;:&quot;&quot;,&quot;caption&quot;:&quot;&quot;,&quot;created_timestamp&quot;:&quot;0&quot;,&quot;copyright&quot;:&quot;&quot;,&quot;focal_length&quot;:&quot;0&quot;,&quot;iso&quot;:&quot;0&quot;,&quot;shutter_speed&quot;:&quot;0&quot;,&quot;title&quot;:&quot;&quot;,&quot;orientation&quot;:&quot;0&quot;}\" data-image-title=\"WhatsApp-Image-2020-01-30-at-22.57.48\" data-image-description=\"\" data-image-caption=\"\" data-medium-file=\"https:\/\/www.paudalho.pe.gov.br\/portal\/wp-content\/uploads\/2020\/01\/WhatsApp-Image-2020-01-30-at-22.57.48-350x230.jpeg\" data-large-file=\"https:\/\/www.paudalho.pe.gov.br\/portal\/wp-content\/uploads\/2020\/01\/WhatsApp-Image-2020-01-30-at-22.57.48-800x450.jpeg\" src=\"https:\/\/i2.wp.com\/www.paudalho.pe.gov.br\/portal\/wp-content\/uploads\/2020\/01\/WhatsApp-Image-2020-01-30-at-22.57.48.jpeg?resize=800%2C450&amp;ssl=1\" alt=\"\" class=\"wp-image-9792\" srcset=\"https:\/\/www.paudalho.pe.gov.br\/portal\/wp-content\/uploads\/2020\/01\/WhatsApp-Image-2020-01-30-at-22.57.48.jpeg 1280w, https:\/\/www.paudalho.pe.gov.br\/portal\/wp-content\/uploads\/2020\/01\/WhatsApp-Image-2020-01-30-at-22.57.48-768x512.jpeg 768w\" sizes=\"auto, (max-width: 1280px) 100vw, 1280px\" \/><figcaption>Marchas de carnaval, roupas coloridas, e muita alegria, assim foi a apresenta\u00e7\u00e3o do Bloco Som de Serenata durante o evento. Foto: Josu\u00e9 J\u00fanior\/PMP <\/figcaption><\/figure>\n\n\n\n<p>Ver\u00f4nica Maria, 47 anos, \u00e9 moradora da comunidade e estudou na institui\u00e7\u00e3o. Alegre com a mudan\u00e7a, ela assegura que com a renova\u00e7\u00e3o seus filhos e netos tamb\u00e9m ser\u00e3o estudantes da Paulo VI. <em>\u201cHoje podemos dizer que \u00e9 uma outra escola. Fui aluna Paulo VI, sou m\u00e3e e um dia tamb\u00e9m serei av\u00f3 de um aluno daqui\u201d, <\/em>afirma<em>.\u00a0<\/em><\/p>\n\n\n\n<figure class=\"wp-block-image size-large\"><img loading=\"lazy\" decoding=\"async\" width=\"1280\" height=\"853\" data-attachment-id=\"9793\" data-permalink=\"https:\/\/www.paudalho.pe.gov.br\/portal\/apos-obras-escola-paulo-vi-e-reinaugurada-em-paudalho\/whatsapp-image-2020-01-30-at-22-58-42\/\" data-orig-file=\"https:\/\/www.paudalho.pe.gov.br\/portal\/wp-content\/uploads\/2020\/01\/WhatsApp-Image-2020-01-30-at-22.58.42.jpeg\" data-orig-size=\"1280,853\" data-comments-opened=\"1\" data-image-meta=\"{&quot;aperture&quot;:&quot;0&quot;,&quot;credit&quot;:&quot;&quot;,&quot;camera&quot;:&quot;&quot;,&quot;caption&quot;:&quot;&quot;,&quot;created_timestamp&quot;:&quot;0&quot;,&quot;copyright&quot;:&quot;&quot;,&quot;focal_length&quot;:&quot;0&quot;,&quot;iso&quot;:&quot;0&quot;,&quot;shutter_speed&quot;:&quot;0&quot;,&quot;title&quot;:&quot;&quot;,&quot;orientation&quot;:&quot;0&quot;}\" data-image-title=\"WhatsApp-Image-2020-01-30-at-22.58.42\" data-image-description=\"\" data-image-caption=\"\" data-medium-file=\"https:\/\/www.paudalho.pe.gov.br\/portal\/wp-content\/uploads\/2020\/01\/WhatsApp-Image-2020-01-30-at-22.58.42-350x230.jpeg\" data-large-file=\"https:\/\/www.paudalho.pe.gov.br\/portal\/wp-content\/uploads\/2020\/01\/WhatsApp-Image-2020-01-30-at-22.58.42-800x450.jpeg\" src=\"https:\/\/i0.wp.com\/www.paudalho.pe.gov.br\/portal\/wp-content\/uploads\/2020\/01\/WhatsApp-Image-2020-01-30-at-22.58.42.jpeg?resize=800%2C450&amp;ssl=1\" alt=\"\" class=\"wp-image-9793\" srcset=\"https:\/\/www.paudalho.pe.gov.br\/portal\/wp-content\/uploads\/2020\/01\/WhatsApp-Image-2020-01-30-at-22.58.42.jpeg 1280w, https:\/\/www.paudalho.pe.gov.br\/portal\/wp-content\/uploads\/2020\/01\/WhatsApp-Image-2020-01-30-at-22.58.42-768x512.jpeg 768w\" sizes=\"auto, (max-width: 1280px) 100vw, 1280px\" \/><figcaption>Ap\u00f3s reconstru\u00e7\u00e3o, salas amplas e equipadas com novos objetos.  Foto: Josu\u00e9 J\u00fanior\/PMP <\/figcaption><\/figure>\n\n\n\n<p>A reconstru\u00e7\u00e3o foi total, agora, a escola possui duas novas salas de aula, laborat\u00f3rio multifuncional, playground, banheiros restaurados, entre outros espa\u00e7os planejados para proporcionar o acolhimento e a aprendizagem dos alunos. \u201c<em>\u00c9 com muita alegria que recebemos a escola renovada e com qualidade<\/em>\u201d, afirma a diretora da institui\u00e7\u00e3o, V\u00e2nia Andrade, que desde 2017 atua no local. <\/p>\n\n\n\n<p>O Secret\u00e1rio de Educa\u00e7\u00e3o, Ednaldo Ernesto, tamb\u00e9m fez um discurso de agradecimento e ressaltou a import\u00e2ncia da obra. <em>\u201c\u00c9 um resgate da dignidade, do compromisso com os alunos (&#8230;) \u00e9 uma prova que a educa\u00e7\u00e3o em Paudalho \u00e9 levada a s\u00e9rio<\/em>\u201d, declara. <\/p>\n\n\n\n<figure class=\"wp-block-image size-large\"><img loading=\"lazy\" decoding=\"async\" width=\"1280\" height=\"853\" data-attachment-id=\"9794\" data-permalink=\"https:\/\/www.paudalho.pe.gov.br\/portal\/apos-obras-escola-paulo-vi-e-reinaugurada-em-paudalho\/whatsapp-image-2020-01-30-at-22-58-46\/\" data-orig-file=\"https:\/\/www.paudalho.pe.gov.br\/portal\/wp-content\/uploads\/2020\/01\/WhatsApp-Image-2020-01-30-at-22.58.46.jpeg\" data-orig-size=\"1280,853\" data-comments-opened=\"1\" data-image-meta=\"{&quot;aperture&quot;:&quot;0&quot;,&quot;credit&quot;:&quot;&quot;,&quot;camera&quot;:&quot;&quot;,&quot;caption&quot;:&quot;&quot;,&quot;created_timestamp&quot;:&quot;0&quot;,&quot;copyright&quot;:&quot;&quot;,&quot;focal_length&quot;:&quot;0&quot;,&quot;iso&quot;:&quot;0&quot;,&quot;shutter_speed&quot;:&quot;0&quot;,&quot;title&quot;:&quot;&quot;,&quot;orientation&quot;:&quot;0&quot;}\" data-image-title=\"WhatsApp-Image-2020-01-30-at-22.58.46\" data-image-description=\"\" data-image-caption=\"\" data-medium-file=\"https:\/\/www.paudalho.pe.gov.br\/portal\/wp-content\/uploads\/2020\/01\/WhatsApp-Image-2020-01-30-at-22.58.46-350x230.jpeg\" data-large-file=\"https:\/\/www.paudalho.pe.gov.br\/portal\/wp-content\/uploads\/2020\/01\/WhatsApp-Image-2020-01-30-at-22.58.46-800x450.jpeg\" src=\"https:\/\/i2.wp.com\/www.paudalho.pe.gov.br\/portal\/wp-content\/uploads\/2020\/01\/WhatsApp-Image-2020-01-30-at-22.58.46.jpeg?resize=800%2C450&amp;ssl=1\" alt=\"\" class=\"wp-image-9794\" srcset=\"https:\/\/www.paudalho.pe.gov.br\/portal\/wp-content\/uploads\/2020\/01\/WhatsApp-Image-2020-01-30-at-22.58.46.jpeg 1280w, https:\/\/www.paudalho.pe.gov.br\/portal\/wp-content\/uploads\/2020\/01\/WhatsApp-Image-2020-01-30-at-22.58.46-768x512.jpeg 768w\" sizes=\"auto, (max-width: 1280px) 100vw, 1280px\" \/><figcaption>Crian\u00e7as posam para foto durante o evento de entrega da reconstru\u00e7\u00e3o da Escola Paulo VI.  Foto: Josu\u00e9 J\u00fanior\/PMP <\/figcaption><\/figure>\n\n\n\n<figure class=\"wp-block-image size-large\"><img loading=\"lazy\" decoding=\"async\" width=\"1280\" height=\"853\" data-attachment-id=\"9795\" data-permalink=\"https:\/\/www.paudalho.pe.gov.br\/portal\/apos-obras-escola-paulo-vi-e-reinaugurada-em-paudalho\/whatsapp-image-2020-01-30-at-22-58-01\/\" data-orig-file=\"https:\/\/www.paudalho.pe.gov.br\/portal\/wp-content\/uploads\/2020\/01\/WhatsApp-Image-2020-01-30-at-22.58.01.jpeg\" data-orig-size=\"1280,853\" data-comments-opened=\"1\" data-image-meta=\"{&quot;aperture&quot;:&quot;0&quot;,&quot;credit&quot;:&quot;&quot;,&quot;camera&quot;:&quot;&quot;,&quot;caption&quot;:&quot;&quot;,&quot;created_timestamp&quot;:&quot;0&quot;,&quot;copyright&quot;:&quot;&quot;,&quot;focal_length&quot;:&quot;0&quot;,&quot;iso&quot;:&quot;0&quot;,&quot;shutter_speed&quot;:&quot;0&quot;,&quot;title&quot;:&quot;&quot;,&quot;orientation&quot;:&quot;0&quot;}\" data-image-title=\"WhatsApp-Image-2020-01-30-at-22.58.01\" data-image-description=\"\" data-image-caption=\"\" data-medium-file=\"https:\/\/www.paudalho.pe.gov.br\/portal\/wp-content\/uploads\/2020\/01\/WhatsApp-Image-2020-01-30-at-22.58.01-350x230.jpeg\" data-large-file=\"https:\/\/www.paudalho.pe.gov.br\/portal\/wp-content\/uploads\/2020\/01\/WhatsApp-Image-2020-01-30-at-22.58.01-800x450.jpeg\" src=\"https:\/\/i0.wp.com\/www.paudalho.pe.gov.br\/portal\/wp-content\/uploads\/2020\/01\/WhatsApp-Image-2020-01-30-at-22.58.01.jpeg?resize=800%2C450&amp;ssl=1\" alt=\"\" class=\"wp-image-9795\" srcset=\"https:\/\/www.paudalho.pe.gov.br\/portal\/wp-content\/uploads\/2020\/01\/WhatsApp-Image-2020-01-30-at-22.58.01.jpeg 1280w, https:\/\/www.paudalho.pe.gov.br\/portal\/wp-content\/uploads\/2020\/01\/WhatsApp-Image-2020-01-30-at-22.58.01-768x512.jpeg 768w\" sizes=\"auto, (max-width: 1280px) 100vw, 1280px\" \/><figcaption>Tudo organizado para o acolhimento dos estudantes e docentes na institui\u00e7\u00e3o.  Foto: Josu\u00e9 J\u00fanior\/PMP<\/figcaption><\/figure>\n\n\n\n<p><\/p>\n","protected":false},"excerpt":{"rendered":"<p>Na noite desta-feira feira (30), a Prefeitura do Paudalho realizou um evento de entrega da Escola Paulo VI, na Comunidade Ch\u00e3 do Pinheiro. <\/p>\n","protected":false},"author":6,"featured_media":9791,"comment_status":"open","ping_status":"open","sticky":false,"template":"","format":"standard","meta":{"_jetpack_newsletter_access":"","_jetpack_dont_email_post_to_subs":false,"_jetpack_newsletter_tier_id":0,"_jetpack_memberships_contains_paywalled_content":false,"_jetpack_memberships_contains_paid_content":false,"footnotes":""},"categories":[2,4,520,1,35],"tags":[30,36],"class_list":["post-9790","post","type-post","status-publish","format-standard","has-post-thumbnail","hentry","category-destaque","category-educacao","category-educacao-2","category-noticias","category-obras","tag-educacao","tag-obras"],"jetpack_featured_media_url":"https:\/\/www.paudalho.pe.gov.br\/portal\/wp-content\/uploads\/2020\/01\/WhatsApp-Image-2020-01-30-at-22.58.40.jpeg","jetpack_sharing_enabled":true,"jetpack_shortlink":"https:\/\/wp.me\/p98mS2-2xU","_links":{"self":[{"href":"https:\/\/www.paudalho.pe.gov.br\/portal\/wp-json\/wp\/v2\/posts\/9790","targetHints":{"allow":["GET"]}}],"collection":[{"href":"https:\/\/www.paudalho.pe.gov.br\/portal\/wp-json\/wp\/v2\/posts"}],"about":[{"href":"https:\/\/www.paudalho.pe.gov.br\/portal\/wp-json\/wp\/v2\/types\/post"}],"author":[{"embeddable":true,"href":"https:\/\/www.paudalho.pe.gov.br\/portal\/wp-json\/wp\/v2\/users\/6"}],"replies":[{"embeddable":true,"href":"https:\/\/www.paudalho.pe.gov.br\/portal\/wp-json\/wp\/v2\/comments?post=9790"}],"version-history":[{"count":9,"href":"https:\/\/www.paudalho.pe.gov.br\/portal\/wp-json\/wp\/v2\/posts\/9790\/revisions"}],"predecessor-version":[{"id":9804,"href":"https:\/\/www.paudalho.pe.gov.br\/portal\/wp-json\/wp\/v2\/posts\/9790\/revisions\/9804"}],"wp:featuredmedia":[{"embeddable":true,"href":"https:\/\/www.paudalho.pe.gov.br\/portal\/wp-json\/wp\/v2\/media\/9791"}],"wp:attachment":[{"href":"https:\/\/www.paudalho.pe.gov.br\/portal\/wp-json\/wp\/v2\/media?parent=9790"}],"wp:term":[{"taxonomy":"category","embeddable":true,"href":"https:\/\/www.paudalho.pe.gov.br\/portal\/wp-json\/wp\/v2\/categories?post=9790"},{"taxonomy":"post_tag","embeddable":true,"href":"https:\/\/www.paudalho.pe.gov.br\/portal\/wp-json\/wp\/v2\/tags?post=9790"}],"curies":[{"name":"wp","href":"https:\/\/api.w.org\/{rel}","templated":true}]}}