{"id":9671,"date":"2020-01-20T11:34:03","date_gmt":"2020-01-20T14:34:03","guid":{"rendered":"https:\/\/www.paudalho.pe.gov.br\/portal\/?p=9671"},"modified":"2020-01-20T11:34:27","modified_gmt":"2020-01-20T14:34:27","slug":"polo-cultural-e-celebracoes-religiosas-marcam-primeiro-final-de-semana-da-151o-festa-de-sao-sebastiao-em-paudalho","status":"publish","type":"post","link":"https:\/\/www.paudalho.pe.gov.br\/portal\/polo-cultural-e-celebracoes-religiosas-marcam-primeiro-final-de-semana-da-151o-festa-de-sao-sebastiao-em-paudalho\/","title":{"rendered":"Polo Cultural e celebra\u00e7\u00f5es religiosas marcam primeiro final de semana da 151\u00ba Festa de S\u00e3o Sebasti\u00e3o em Paudalho"},"content":{"rendered":"\n<p>A 151\u00ba Festa de S\u00e3o Sebasti\u00e3o teve \u00ednicio no \u00faltimo final de semana com apresenta\u00e7\u00f5es no Polo Cultural, que fica na Travessa Padre Em\u00eddio, no Centro da cidade. <\/p>\n\n\n\n<p>A programa\u00e7\u00e3o come\u00e7ou na sexta-feira (17) com apresenta\u00e7\u00e3o de  Zaminho Soares e Biu Caboclo e a Ciranda do Zeca Cirandeiro. No s\u00e1bado (18) um verdadeiro show de cultura e regionalidade! O Coco de Il\u00fa animou quem passava pelo local e o grupo Pagode Tudo Nosso encerrou a noite.<\/p>\n\n\n\n<p>No domingo (19) quem animou o Polo foi o grupo de Xaxado da Rosa Linda-Linda Rosa e a mistura de ritmos e sons do grupo Face a Face. &#8220;A Cultura ela vem d\u00e1 rua para a nossa Secretaria e esse Polo tem o objetivo de mostrar a nossa Cultura, \u00e9 uma preocupa\u00e7\u00e3o em oportunizar um espa\u00e7o onde a nossa tradi\u00e7\u00e3o possa ser difundida&#8221;, comentou o secret\u00e1rio-executivo de Cultura e Turismo, Jo\u00e3o Batista. <\/p>\n\n\n\n<h3 class=\"wp-block-heading\">Tem mais Festa<\/h3>\n\n\n\n<p>Nesta segunda-feira (20) \u00e9 a vez do grupo de Teatro Pega na Rua, da Orquestra de Frevo Cruzeiro do Sul e Passistas do grupo Andarilho e da dupla Lau Santos e Givaldo Show se apresentarem. Na ter\u00e7a-feira (21) quem subir\u00e1 ao palco \u00e9 o grupo de dan\u00e7a Ra\u00edzes da Mastruz, a Banda Jovem 22 de Novembro e Ninho Pernambuco.<\/p>\n\n\n\n<p>Na quarta (22), a Orquestra de Frevo do Clube Lenhadores do Paudalho e Passistas do grupo Andarilho e Biu Sanfoneiro animam a festa. Na quinta-feira (23) tem mais programa\u00e7\u00e3o com o Pastoril do Servi\u00e7o de Conviv\u00eancia e show com o Frei Dami\u00e3o. Na sexta-feira (24) tem m\u00fasica com a Banda Jo\u00e3o Batista de Lima e o grupo de pagode Esta\u00e7\u00e3o Batucada.<\/p>\n\n\n\n<p>No s\u00e1bado (25), o Polo Cultural ter\u00e1 apresenta\u00e7\u00f5es do grupo de Capoeira Assojucap e da dupla Jo\u00e3o e Henrique. No domingo (26), encerrando a programa\u00e7\u00e3o, subir\u00e3o ao palco a Ciranda Bela Rosa do Mestre B\u00ed e o Mamulengo de Jo\u00e3o Galego.  <\/p>\n\n\n\n<h3 class=\"wp-block-heading\">Polo Principal <\/h3>\n\n\n\n<p>Al\u00e9m da religiosidade e das atra\u00e7\u00f5es no Polo Cultural, a popula\u00e7\u00e3o vai poder conferir de perto muita m\u00fasica, no P\u00e1tio de Eventos Beira-Rio, no Centro da cidade.  Na sexta-feira (24) sobem ao palco Xuxu a Perigosa \u00e0s 20h, Anna Catarina \u00e0s 22h e A Favorita, a partir da meia-noite. No s\u00e1bado (25) \u00e9 a vez de Lili Mariscares se apresentar a partir das 20h, \u00e0s 22h quem comanda a festa \u00e9 a cantora Eduarda Alves e a meia-noite quem sobe ao palco \u00e9 Rog\u00e9rio Som. No domingo (26) quem se apresenta \u00e9 Rosimar Lima, a partir das 20h, Wallas Arraes \u00e0s 22h e Andr\u00e9 Viana  \u00e0 meia-noite. <\/p>\n\n\n\n<h3 class=\"wp-block-heading\">Religiosidade<\/h3>\n\n\n\n<p>Na sexta-feira (17) a tradicional Prociss\u00e3o da Bandeira abriu os festejos destinado ao Santo. Centenas de fi\u00e9is caminharam pelas principais ruas da cidade em dire\u00e7\u00e3o \u00e0 Igreja de S\u00e3o Sebasti\u00e3o. No local houve uma missa e celebra\u00e7\u00e3o. As programa\u00e7\u00f5es religiosas seguem ocorrendo na Igreja Matriz do Divino Esp\u00edrito Santo, no Centro da cidade. <\/p>\n\n\n\n<figure class=\"wp-block-image size-large\"><img loading=\"lazy\" decoding=\"async\" width=\"1280\" height=\"853\" data-attachment-id=\"9679\" data-permalink=\"https:\/\/www.paudalho.pe.gov.br\/portal\/polo-cultural-e-celebracoes-religiosas-marcam-primeiro-final-de-semana-da-151o-festa-de-sao-sebastiao-em-paudalho\/whatsapp-image-2020-01-17-at-22-37-30\/\" data-orig-file=\"https:\/\/www.paudalho.pe.gov.br\/portal\/wp-content\/uploads\/2020\/01\/WhatsApp-Image-2020-01-17-at-22.37.30.jpeg\" data-orig-size=\"1280,853\" data-comments-opened=\"1\" data-image-meta=\"{&quot;aperture&quot;:&quot;0&quot;,&quot;credit&quot;:&quot;&quot;,&quot;camera&quot;:&quot;&quot;,&quot;caption&quot;:&quot;&quot;,&quot;created_timestamp&quot;:&quot;0&quot;,&quot;copyright&quot;:&quot;&quot;,&quot;focal_length&quot;:&quot;0&quot;,&quot;iso&quot;:&quot;0&quot;,&quot;shutter_speed&quot;:&quot;0&quot;,&quot;title&quot;:&quot;&quot;,&quot;orientation&quot;:&quot;0&quot;}\" data-image-title=\"WhatsApp-Image-2020-01-17-at-22.37.30\" data-image-description=\"\" data-image-caption=\"\" data-medium-file=\"https:\/\/www.paudalho.pe.gov.br\/portal\/wp-content\/uploads\/2020\/01\/WhatsApp-Image-2020-01-17-at-22.37.30-350x230.jpeg\" data-large-file=\"https:\/\/www.paudalho.pe.gov.br\/portal\/wp-content\/uploads\/2020\/01\/WhatsApp-Image-2020-01-17-at-22.37.30-800x450.jpeg\" src=\"https:\/\/i0.wp.com\/www.paudalho.pe.gov.br\/portal\/wp-content\/uploads\/2020\/01\/WhatsApp-Image-2020-01-17-at-22.37.30.jpeg?resize=800%2C450&amp;ssl=1\" alt=\"\" class=\"wp-image-9679\" srcset=\"https:\/\/www.paudalho.pe.gov.br\/portal\/wp-content\/uploads\/2020\/01\/WhatsApp-Image-2020-01-17-at-22.37.30.jpeg 1280w, https:\/\/www.paudalho.pe.gov.br\/portal\/wp-content\/uploads\/2020\/01\/WhatsApp-Image-2020-01-17-at-22.37.30-768x512.jpeg 768w\" sizes=\"auto, (max-width: 1280px) 100vw, 1280px\" \/><figcaption> Foto: Josu\u00e9 J\u00fanior\/PMP <\/figcaption><\/figure>\n\n\n\n<figure class=\"wp-block-image size-large\"><img loading=\"lazy\" decoding=\"async\" width=\"1280\" height=\"853\" data-attachment-id=\"9678\" data-permalink=\"https:\/\/www.paudalho.pe.gov.br\/portal\/polo-cultural-e-celebracoes-religiosas-marcam-primeiro-final-de-semana-da-151o-festa-de-sao-sebastiao-em-paudalho\/whatsapp-image-2020-01-17-at-22-37-32\/\" data-orig-file=\"https:\/\/www.paudalho.pe.gov.br\/portal\/wp-content\/uploads\/2020\/01\/WhatsApp-Image-2020-01-17-at-22.37.32.jpeg\" data-orig-size=\"1280,853\" data-comments-opened=\"1\" data-image-meta=\"{&quot;aperture&quot;:&quot;0&quot;,&quot;credit&quot;:&quot;&quot;,&quot;camera&quot;:&quot;&quot;,&quot;caption&quot;:&quot;&quot;,&quot;created_timestamp&quot;:&quot;0&quot;,&quot;copyright&quot;:&quot;&quot;,&quot;focal_length&quot;:&quot;0&quot;,&quot;iso&quot;:&quot;0&quot;,&quot;shutter_speed&quot;:&quot;0&quot;,&quot;title&quot;:&quot;&quot;,&quot;orientation&quot;:&quot;0&quot;}\" data-image-title=\"WhatsApp-Image-2020-01-17-at-22.37.32\" data-image-description=\"\" data-image-caption=\"\" data-medium-file=\"https:\/\/www.paudalho.pe.gov.br\/portal\/wp-content\/uploads\/2020\/01\/WhatsApp-Image-2020-01-17-at-22.37.32-350x230.jpeg\" data-large-file=\"https:\/\/www.paudalho.pe.gov.br\/portal\/wp-content\/uploads\/2020\/01\/WhatsApp-Image-2020-01-17-at-22.37.32-800x450.jpeg\" src=\"https:\/\/i2.wp.com\/www.paudalho.pe.gov.br\/portal\/wp-content\/uploads\/2020\/01\/WhatsApp-Image-2020-01-17-at-22.37.32.jpeg?resize=800%2C450&amp;ssl=1\" alt=\"\" class=\"wp-image-9678\" srcset=\"https:\/\/www.paudalho.pe.gov.br\/portal\/wp-content\/uploads\/2020\/01\/WhatsApp-Image-2020-01-17-at-22.37.32.jpeg 1280w, https:\/\/www.paudalho.pe.gov.br\/portal\/wp-content\/uploads\/2020\/01\/WhatsApp-Image-2020-01-17-at-22.37.32-768x512.jpeg 768w\" sizes=\"auto, (max-width: 1280px) 100vw, 1280px\" \/><figcaption> Foto: Josu\u00e9 J\u00fanior\/PMP <\/figcaption><\/figure>\n\n\n\n<figure class=\"wp-block-image size-large\"><img loading=\"lazy\" decoding=\"async\" width=\"1280\" height=\"853\" data-attachment-id=\"9677\" data-permalink=\"https:\/\/www.paudalho.pe.gov.br\/portal\/polo-cultural-e-celebracoes-religiosas-marcam-primeiro-final-de-semana-da-151o-festa-de-sao-sebastiao-em-paudalho\/whatsapp-image-2020-01-17-at-22-37-31\/\" data-orig-file=\"https:\/\/www.paudalho.pe.gov.br\/portal\/wp-content\/uploads\/2020\/01\/WhatsApp-Image-2020-01-17-at-22.37.31.jpeg\" data-orig-size=\"1280,853\" data-comments-opened=\"1\" data-image-meta=\"{&quot;aperture&quot;:&quot;0&quot;,&quot;credit&quot;:&quot;&quot;,&quot;camera&quot;:&quot;&quot;,&quot;caption&quot;:&quot;&quot;,&quot;created_timestamp&quot;:&quot;0&quot;,&quot;copyright&quot;:&quot;&quot;,&quot;focal_length&quot;:&quot;0&quot;,&quot;iso&quot;:&quot;0&quot;,&quot;shutter_speed&quot;:&quot;0&quot;,&quot;title&quot;:&quot;&quot;,&quot;orientation&quot;:&quot;0&quot;}\" data-image-title=\"WhatsApp-Image-2020-01-17-at-22.37.31\" data-image-description=\"\" data-image-caption=\"\" data-medium-file=\"https:\/\/www.paudalho.pe.gov.br\/portal\/wp-content\/uploads\/2020\/01\/WhatsApp-Image-2020-01-17-at-22.37.31-350x230.jpeg\" data-large-file=\"https:\/\/www.paudalho.pe.gov.br\/portal\/wp-content\/uploads\/2020\/01\/WhatsApp-Image-2020-01-17-at-22.37.31-800x450.jpeg\" src=\"https:\/\/i0.wp.com\/www.paudalho.pe.gov.br\/portal\/wp-content\/uploads\/2020\/01\/WhatsApp-Image-2020-01-17-at-22.37.31.jpeg?resize=800%2C450&amp;ssl=1\" alt=\"\" class=\"wp-image-9677\" srcset=\"https:\/\/www.paudalho.pe.gov.br\/portal\/wp-content\/uploads\/2020\/01\/WhatsApp-Image-2020-01-17-at-22.37.31.jpeg 1280w, https:\/\/www.paudalho.pe.gov.br\/portal\/wp-content\/uploads\/2020\/01\/WhatsApp-Image-2020-01-17-at-22.37.31-768x512.jpeg 768w\" sizes=\"auto, (max-width: 1280px) 100vw, 1280px\" \/><figcaption>Foto: Josu\u00e9 J\u00fanior\/PMP<\/figcaption><\/figure>\n\n\n\n<p><\/p>\n","protected":false},"excerpt":{"rendered":"<p>A 151\u00ba Festa de S\u00e3o Sebasti\u00e3o teve \u00ednicio no \u00faltimo final de semana com apresenta\u00e7\u00f5es no Polo Cultural, que fica na Travessa Padre Em\u00eddio, no Centro da cidade. A programa\u00e7\u00e3o come\u00e7ou na sexta-feira (17) com apresenta\u00e7\u00e3o de Zaminho Soares e Biu Caboclo e a Ciranda do Zeca Cirandeiro. No s\u00e1bado (18) um verdadeiro show de [&hellip;]<\/p>\n","protected":false},"author":4,"featured_media":9680,"comment_status":"open","ping_status":"open","sticky":false,"template":"","format":"standard","meta":{"_jetpack_newsletter_access":"","_jetpack_dont_email_post_to_subs":false,"_jetpack_newsletter_tier_id":0,"_jetpack_memberships_contains_paywalled_content":false,"_jetpack_memberships_contains_paid_content":false,"footnotes":""},"categories":[6,2,1],"tags":[223,234],"class_list":["post-9671","post","type-post","status-publish","format-standard","has-post-thumbnail","hentry","category-cultura","category-destaque","category-noticias","tag-festa-de-sao-sebastiao","tag-sao-sebastiao"],"jetpack_featured_media_url":"https:\/\/www.paudalho.pe.gov.br\/portal\/wp-content\/uploads\/2020\/01\/WhatsApp-Image-2020-01-17-at-22.37.28.jpeg","jetpack_sharing_enabled":true,"jetpack_shortlink":"https:\/\/wp.me\/p98mS2-2vZ","_links":{"self":[{"href":"https:\/\/www.paudalho.pe.gov.br\/portal\/wp-json\/wp\/v2\/posts\/9671","targetHints":{"allow":["GET"]}}],"collection":[{"href":"https:\/\/www.paudalho.pe.gov.br\/portal\/wp-json\/wp\/v2\/posts"}],"about":[{"href":"https:\/\/www.paudalho.pe.gov.br\/portal\/wp-json\/wp\/v2\/types\/post"}],"author":[{"embeddable":true,"href":"https:\/\/www.paudalho.pe.gov.br\/portal\/wp-json\/wp\/v2\/users\/4"}],"replies":[{"embeddable":true,"href":"https:\/\/www.paudalho.pe.gov.br\/portal\/wp-json\/wp\/v2\/comments?post=9671"}],"version-history":[{"count":2,"href":"https:\/\/www.paudalho.pe.gov.br\/portal\/wp-json\/wp\/v2\/posts\/9671\/revisions"}],"predecessor-version":[{"id":9681,"href":"https:\/\/www.paudalho.pe.gov.br\/portal\/wp-json\/wp\/v2\/posts\/9671\/revisions\/9681"}],"wp:featuredmedia":[{"embeddable":true,"href":"https:\/\/www.paudalho.pe.gov.br\/portal\/wp-json\/wp\/v2\/media\/9680"}],"wp:attachment":[{"href":"https:\/\/www.paudalho.pe.gov.br\/portal\/wp-json\/wp\/v2\/media?parent=9671"}],"wp:term":[{"taxonomy":"category","embeddable":true,"href":"https:\/\/www.paudalho.pe.gov.br\/portal\/wp-json\/wp\/v2\/categories?post=9671"},{"taxonomy":"post_tag","embeddable":true,"href":"https:\/\/www.paudalho.pe.gov.br\/portal\/wp-json\/wp\/v2\/tags?post=9671"}],"curies":[{"name":"wp","href":"https:\/\/api.w.org\/{rel}","templated":true}]}}