{"id":963,"date":"2017-09-06T11:05:53","date_gmt":"2017-09-06T14:05:53","guid":{"rendered":"http:\/\/www.paudalho.pe.gov.br\/portal\/?p=963"},"modified":"2018-01-11T21:58:19","modified_gmt":"2018-01-12T00:58:19","slug":"qualidade-de-vida-para-os-alunos-diz-secretario-de-obras-sobre-reinauguracao-da-escola-municipal-de-guadalajara","status":"publish","type":"post","link":"https:\/\/www.paudalho.pe.gov.br\/portal\/qualidade-de-vida-para-os-alunos-diz-secretario-de-obras-sobre-reinauguracao-da-escola-municipal-de-guadalajara\/","title":{"rendered":"\u201cQualidade de vida para os alunos\u201d, diz secret\u00e1rio de Obras sobre reinaugura\u00e7\u00e3o da Escola Municipal de Guadalajara"},"content":{"rendered":"<p>Festa, alegria e muita gratid\u00e3o marcaram a reinaugura\u00e7\u00e3o da Escola Municipal de Guadalajara, conhecida popularmente como Casar\u00e3o, nesta ter\u00e7a-feira (6). A Prefeitura do Paudalho por meio das Secretaria de Obras e Servi\u00e7os P\u00fablicos e Educa\u00e7\u00e3o realizou a solenidade juntamente com a popula\u00e7\u00e3o do distrito que compareceu a entrega da unidade de ensino. No momento, a banda marcial do Casar\u00e3o se apresentou. <strong>Veja no v\u00eddeo:\u00a0<\/strong><br \/>\n<span class=\"embed-youtube\" style=\"text-align:center; display: block;\"><iframe loading=\"lazy\" class=\"youtube-player\" width=\"640\" height=\"360\" src=\"https:\/\/www.youtube.com\/embed\/5Vsr6awi0Wo?version=3&#038;rel=1&#038;showsearch=0&#038;showinfo=1&#038;iv_load_policy=1&#038;fs=1&#038;hl=pt-BR&#038;autohide=2&#038;wmode=transparent\" allowfullscreen=\"true\" style=\"border:0;\" sandbox=\"allow-scripts allow-same-origin allow-popups allow-presentation allow-popups-to-escape-sandbox\"><\/iframe><\/span><br \/>\nA gest\u00e3o da Prefeitura continua avan\u00e7ando e mostrando que \u00e9 poss\u00edvel, em pouco tempo, construir um novo amanh\u00e3. Sobre a reforma, o secretario de Obras e Servi\u00e7os P\u00fablicos, Gustavo Gouveia, comentou que o objetivo \u00e9 da mais qualidade de vida a popula\u00e7\u00e3o. <em>\u201cHoje o que n\u00f3s fizemos aqui, a maior parte foi uma amplia\u00e7\u00e3o de tr\u00eas salas. Aqui existia uma anexo, que na gest\u00e3o passada ficava a mais de 2 km de dist\u00e2ncia da escola, nisso a gente ampliou as tr\u00eas salas e reformou dando mais qualidade de vida para os alunos e para os professores\u201d,<\/em> disse.<\/p>\n<div id=\"attachment_1009\" style=\"width: 310px\" class=\"wp-caption alignnone\"><img loading=\"lazy\" decoding=\"async\" aria-describedby=\"caption-attachment-1009\" data-attachment-id=\"1009\" data-permalink=\"https:\/\/www.paudalho.pe.gov.br\/portal\/qualidade-de-vida-para-os-alunos-diz-secretario-de-obras-sobre-reinauguracao-da-escola-municipal-de-guadalajara\/whatsapp-image-2017-09-06-at-11-58-04-am-2\/\" data-orig-file=\"https:\/\/www.paudalho.pe.gov.br\/portal\/wp-content\/uploads\/2017\/09\/WhatsApp-Image-2017-09-06-at-11.58.04-AM-1.jpeg\" data-orig-size=\"1024,683\" data-comments-opened=\"1\" data-image-meta=\"{&quot;aperture&quot;:&quot;0&quot;,&quot;credit&quot;:&quot;&quot;,&quot;camera&quot;:&quot;&quot;,&quot;caption&quot;:&quot;&quot;,&quot;created_timestamp&quot;:&quot;0&quot;,&quot;copyright&quot;:&quot;&quot;,&quot;focal_length&quot;:&quot;0&quot;,&quot;iso&quot;:&quot;0&quot;,&quot;shutter_speed&quot;:&quot;0&quot;,&quot;title&quot;:&quot;&quot;,&quot;orientation&quot;:&quot;0&quot;}\" data-image-title=\"WhatsApp Image 2017-09-06 at 11.58.04 AM\" data-image-description=\"\" data-image-caption=\"&lt;p&gt;Foto: Isak de Castro\/Comunica\u00e7\u00e3oPrefeituradePaudalho&lt;\/p&gt;\n\" data-medium-file=\"https:\/\/www.paudalho.pe.gov.br\/portal\/wp-content\/uploads\/2017\/09\/WhatsApp-Image-2017-09-06-at-11.58.04-AM-1-350x230.jpeg\" data-large-file=\"https:\/\/www.paudalho.pe.gov.br\/portal\/wp-content\/uploads\/2017\/09\/WhatsApp-Image-2017-09-06-at-11.58.04-AM-1-800x450.jpeg\" class=\"size-medium wp-image-1009\" src=\"http:\/\/www.paudalho.pe.gov.br\/portal\/wp-content\/uploads\/2017\/09\/WhatsApp-Image-2017-09-06-at-11.58.04-AM-1-350x230.jpeg\" alt=\"\" width=\"300\" height=\"197\" \/><p id=\"caption-attachment-1009\" class=\"wp-caption-text\">Foto: Isak de Castro\/Comunica\u00e7\u00e3oPrefeituradePaudalho<\/p><\/div>\n<div id=\"attachment_1007\" style=\"width: 310px\" class=\"wp-caption alignnone\"><img loading=\"lazy\" decoding=\"async\" aria-describedby=\"caption-attachment-1007\" data-attachment-id=\"1007\" data-permalink=\"https:\/\/www.paudalho.pe.gov.br\/portal\/qualidade-de-vida-para-os-alunos-diz-secretario-de-obras-sobre-reinauguracao-da-escola-municipal-de-guadalajara\/whatsapp-image-2017-09-06-at-11-57-58-am\/\" data-orig-file=\"https:\/\/www.paudalho.pe.gov.br\/portal\/wp-content\/uploads\/2017\/09\/WhatsApp-Image-2017-09-06-at-11.57.58-AM.jpeg\" data-orig-size=\"1024,575\" data-comments-opened=\"1\" data-image-meta=\"{&quot;aperture&quot;:&quot;0&quot;,&quot;credit&quot;:&quot;&quot;,&quot;camera&quot;:&quot;&quot;,&quot;caption&quot;:&quot;&quot;,&quot;created_timestamp&quot;:&quot;0&quot;,&quot;copyright&quot;:&quot;&quot;,&quot;focal_length&quot;:&quot;0&quot;,&quot;iso&quot;:&quot;0&quot;,&quot;shutter_speed&quot;:&quot;0&quot;,&quot;title&quot;:&quot;&quot;,&quot;orientation&quot;:&quot;0&quot;}\" data-image-title=\"WhatsApp Image 2017-09-06 at 11.57.58 AM\" data-image-description=\"\" data-image-caption=\"&lt;p&gt;Foto: Isak de Castro\/Comunica\u00e7\u00e3oPrefeituradePaudalho&lt;\/p&gt;\n\" data-medium-file=\"https:\/\/www.paudalho.pe.gov.br\/portal\/wp-content\/uploads\/2017\/09\/WhatsApp-Image-2017-09-06-at-11.57.58-AM-350x230.jpeg\" data-large-file=\"https:\/\/www.paudalho.pe.gov.br\/portal\/wp-content\/uploads\/2017\/09\/WhatsApp-Image-2017-09-06-at-11.57.58-AM-800x450.jpeg\" class=\"size-medium wp-image-1007\" src=\"http:\/\/www.paudalho.pe.gov.br\/portal\/wp-content\/uploads\/2017\/09\/WhatsApp-Image-2017-09-06-at-11.57.58-AM-350x230.jpeg\" alt=\"\" width=\"300\" height=\"197\" \/><p id=\"caption-attachment-1007\" class=\"wp-caption-text\">Foto: Isak de Castro\/Comunica\u00e7\u00e3oPrefeituradePaudalho<\/p><\/div>\n<div id=\"attachment_985\" style=\"width: 310px\" class=\"wp-caption alignnone\"><img loading=\"lazy\" decoding=\"async\" aria-describedby=\"caption-attachment-985\" data-attachment-id=\"985\" data-permalink=\"https:\/\/www.paudalho.pe.gov.br\/portal\/qualidade-de-vida-para-os-alunos-diz-secretario-de-obras-sobre-reinauguracao-da-escola-municipal-de-guadalajara\/whatsapp-image-2017-09-06-at-11-45-45-am\/\" data-orig-file=\"https:\/\/www.paudalho.pe.gov.br\/portal\/wp-content\/uploads\/2017\/09\/WhatsApp-Image-2017-09-06-at-11.45.45-AM.jpeg\" data-orig-size=\"1024,683\" data-comments-opened=\"1\" data-image-meta=\"{&quot;aperture&quot;:&quot;0&quot;,&quot;credit&quot;:&quot;&quot;,&quot;camera&quot;:&quot;&quot;,&quot;caption&quot;:&quot;&quot;,&quot;created_timestamp&quot;:&quot;0&quot;,&quot;copyright&quot;:&quot;&quot;,&quot;focal_length&quot;:&quot;0&quot;,&quot;iso&quot;:&quot;0&quot;,&quot;shutter_speed&quot;:&quot;0&quot;,&quot;title&quot;:&quot;&quot;,&quot;orientation&quot;:&quot;0&quot;}\" data-image-title=\"WhatsApp Image 2017-09-06 at 11.45.45 AM\" data-image-description=\"\" data-image-caption=\"&lt;p&gt;Foto: Isak de Castro\/Comunica\u00e7\u00e3oPrefeituradePaudalho&lt;\/p&gt;\n\" data-medium-file=\"https:\/\/www.paudalho.pe.gov.br\/portal\/wp-content\/uploads\/2017\/09\/WhatsApp-Image-2017-09-06-at-11.45.45-AM-350x230.jpeg\" data-large-file=\"https:\/\/www.paudalho.pe.gov.br\/portal\/wp-content\/uploads\/2017\/09\/WhatsApp-Image-2017-09-06-at-11.45.45-AM-800x450.jpeg\" class=\"size-medium wp-image-985\" src=\"http:\/\/www.paudalho.pe.gov.br\/portal\/wp-content\/uploads\/2017\/09\/WhatsApp-Image-2017-09-06-at-11.45.45-AM-350x230.jpeg\" alt=\"\" width=\"300\" height=\"197\" \/><p id=\"caption-attachment-985\" class=\"wp-caption-text\">Foto: Isak de Castro\/Comunica\u00e7\u00e3oPrefeituradePaudalho<\/p><\/div>\n<div id=\"attachment_1010\" style=\"width: 310px\" class=\"wp-caption alignnone\"><img loading=\"lazy\" decoding=\"async\" aria-describedby=\"caption-attachment-1010\" data-attachment-id=\"1010\" data-permalink=\"https:\/\/www.paudalho.pe.gov.br\/portal\/qualidade-de-vida-para-os-alunos-diz-secretario-de-obras-sobre-reinauguracao-da-escola-municipal-de-guadalajara\/whatsapp-image-2017-09-06-at-11-45-43-am-2\/\" data-orig-file=\"https:\/\/www.paudalho.pe.gov.br\/portal\/wp-content\/uploads\/2017\/09\/WhatsApp-Image-2017-09-06-at-11.45.43-AM-1.jpeg\" data-orig-size=\"1024,683\" data-comments-opened=\"1\" data-image-meta=\"{&quot;aperture&quot;:&quot;0&quot;,&quot;credit&quot;:&quot;&quot;,&quot;camera&quot;:&quot;&quot;,&quot;caption&quot;:&quot;&quot;,&quot;created_timestamp&quot;:&quot;0&quot;,&quot;copyright&quot;:&quot;&quot;,&quot;focal_length&quot;:&quot;0&quot;,&quot;iso&quot;:&quot;0&quot;,&quot;shutter_speed&quot;:&quot;0&quot;,&quot;title&quot;:&quot;&quot;,&quot;orientation&quot;:&quot;0&quot;}\" data-image-title=\"WhatsApp Image 2017-09-06 at 11.45.43 AM\" data-image-description=\"\" data-image-caption=\"&lt;p&gt;Foto: Isak de Castro\/Comunica\u00e7\u00e3oPrefeituradePaudalho&lt;\/p&gt;\n\" data-medium-file=\"https:\/\/www.paudalho.pe.gov.br\/portal\/wp-content\/uploads\/2017\/09\/WhatsApp-Image-2017-09-06-at-11.45.43-AM-1-350x230.jpeg\" data-large-file=\"https:\/\/www.paudalho.pe.gov.br\/portal\/wp-content\/uploads\/2017\/09\/WhatsApp-Image-2017-09-06-at-11.45.43-AM-1-800x450.jpeg\" class=\"size-medium wp-image-1010\" src=\"http:\/\/www.paudalho.pe.gov.br\/portal\/wp-content\/uploads\/2017\/09\/WhatsApp-Image-2017-09-06-at-11.45.43-AM-1-350x230.jpeg\" alt=\"\" width=\"300\" height=\"197\" \/><p id=\"caption-attachment-1010\" class=\"wp-caption-text\">Foto: Isak de Castro\/Comunica\u00e7\u00e3oPrefeituradePaudalho<\/p><\/div>\n<h3><strong>A escola estava abandonada<\/strong><\/h3>\n<p>O Casar\u00e3o estava h\u00e1 quase 12 anos sem uma a\u00e7\u00e3o da Prefeitura do Paudalho, com estrutura defasada e isso comprometia o rendimento dos alunos e o bem-estar da popula\u00e7\u00e3o. Essa realidade, no entanto, mudou. <strong>C<\/strong><strong>onfira nas fotos:<\/strong><\/p>\n<p>&nbsp;<\/p>\n<div id=\"attachment_984\" style=\"width: 310px\" class=\"wp-caption alignnone\"><img loading=\"lazy\" decoding=\"async\" aria-describedby=\"caption-attachment-984\" data-attachment-id=\"984\" data-permalink=\"https:\/\/www.paudalho.pe.gov.br\/portal\/qualidade-de-vida-para-os-alunos-diz-secretario-de-obras-sobre-reinauguracao-da-escola-municipal-de-guadalajara\/whatsapp-image-2017-09-06-at-11-45-38-am-1\/\" data-orig-file=\"https:\/\/www.paudalho.pe.gov.br\/portal\/wp-content\/uploads\/2017\/09\/WhatsApp-Image-2017-09-06-at-11.45.38-AM-1.jpeg\" data-orig-size=\"1024,683\" data-comments-opened=\"1\" data-image-meta=\"{&quot;aperture&quot;:&quot;0&quot;,&quot;credit&quot;:&quot;&quot;,&quot;camera&quot;:&quot;&quot;,&quot;caption&quot;:&quot;&quot;,&quot;created_timestamp&quot;:&quot;0&quot;,&quot;copyright&quot;:&quot;&quot;,&quot;focal_length&quot;:&quot;0&quot;,&quot;iso&quot;:&quot;0&quot;,&quot;shutter_speed&quot;:&quot;0&quot;,&quot;title&quot;:&quot;&quot;,&quot;orientation&quot;:&quot;0&quot;}\" data-image-title=\"WhatsApp Image 2017-09-06 at 11.45.38 AM (1)\" data-image-description=\"\" data-image-caption=\"\" data-medium-file=\"https:\/\/www.paudalho.pe.gov.br\/portal\/wp-content\/uploads\/2017\/09\/WhatsApp-Image-2017-09-06-at-11.45.38-AM-1-350x230.jpeg\" data-large-file=\"https:\/\/www.paudalho.pe.gov.br\/portal\/wp-content\/uploads\/2017\/09\/WhatsApp-Image-2017-09-06-at-11.45.38-AM-1-800x450.jpeg\" class=\"wp-image-984 size-medium\" src=\"http:\/\/www.paudalho.pe.gov.br\/portal\/wp-content\/uploads\/2017\/09\/WhatsApp-Image-2017-09-06-at-11.45.38-AM-1-350x230.jpeg\" alt=\"\" width=\"300\" height=\"197\" \/><p id=\"caption-attachment-984\" class=\"wp-caption-text\">Foto: Isak de Castro\/Comunica\u00e7\u00e3oPrefeituradePaudalho<\/p><\/div>\n<div id=\"attachment_965\" style=\"width: 310px\" class=\"wp-caption alignnone\"><img loading=\"lazy\" decoding=\"async\" aria-describedby=\"caption-attachment-965\" data-attachment-id=\"965\" data-permalink=\"https:\/\/www.paudalho.pe.gov.br\/portal\/qualidade-de-vida-para-os-alunos-diz-secretario-de-obras-sobre-reinauguracao-da-escola-municipal-de-guadalajara\/d7300961-9249-408e-a547-b554b31622e9\/\" data-orig-file=\"https:\/\/www.paudalho.pe.gov.br\/portal\/wp-content\/uploads\/2017\/09\/d7300961-9249-408e-a547-b554b31622e9.jpg\" data-orig-size=\"1280,960\" data-comments-opened=\"1\" data-image-meta=\"{&quot;aperture&quot;:&quot;0&quot;,&quot;credit&quot;:&quot;&quot;,&quot;camera&quot;:&quot;&quot;,&quot;caption&quot;:&quot;&quot;,&quot;created_timestamp&quot;:&quot;0&quot;,&quot;copyright&quot;:&quot;&quot;,&quot;focal_length&quot;:&quot;0&quot;,&quot;iso&quot;:&quot;0&quot;,&quot;shutter_speed&quot;:&quot;0&quot;,&quot;title&quot;:&quot;&quot;,&quot;orientation&quot;:&quot;0&quot;}\" data-image-title=\"d7300961-9249-408e-a547-b554b31622e9\" data-image-description=\"\" data-image-caption=\"&lt;p&gt;Foto: Isak de Castro\/Comunica\u00e7\u00e3oPrefeituradePaudalho&lt;\/p&gt;\n\" data-medium-file=\"https:\/\/www.paudalho.pe.gov.br\/portal\/wp-content\/uploads\/2017\/09\/d7300961-9249-408e-a547-b554b31622e9-350x230.jpg\" data-large-file=\"https:\/\/www.paudalho.pe.gov.br\/portal\/wp-content\/uploads\/2017\/09\/d7300961-9249-408e-a547-b554b31622e9-800x450.jpg\" class=\"size-medium wp-image-965\" src=\"http:\/\/www.paudalho.pe.gov.br\/portal\/wp-content\/uploads\/2017\/09\/d7300961-9249-408e-a547-b554b31622e9-350x230.jpg\" alt=\"\" width=\"300\" height=\"197\" \/><p id=\"caption-attachment-965\" class=\"wp-caption-text\">Foto: Isak de Castro\/Comunica\u00e7\u00e3oPrefeituradePaudalho<\/p><\/div>\n<div id=\"attachment_967\" style=\"width: 310px\" class=\"wp-caption alignnone\"><img loading=\"lazy\" decoding=\"async\" aria-describedby=\"caption-attachment-967\" data-attachment-id=\"967\" data-permalink=\"https:\/\/www.paudalho.pe.gov.br\/portal\/qualidade-de-vida-para-os-alunos-diz-secretario-de-obras-sobre-reinauguracao-da-escola-municipal-de-guadalajara\/44818e5d-5718-44db-8db0-000a95359b34-2\/\" data-orig-file=\"https:\/\/www.paudalho.pe.gov.br\/portal\/wp-content\/uploads\/2017\/09\/44818e5d-5718-44db-8db0-000a95359b34-1.jpg\" data-orig-size=\"1280,960\" data-comments-opened=\"1\" data-image-meta=\"{&quot;aperture&quot;:&quot;0&quot;,&quot;credit&quot;:&quot;&quot;,&quot;camera&quot;:&quot;&quot;,&quot;caption&quot;:&quot;&quot;,&quot;created_timestamp&quot;:&quot;0&quot;,&quot;copyright&quot;:&quot;&quot;,&quot;focal_length&quot;:&quot;0&quot;,&quot;iso&quot;:&quot;0&quot;,&quot;shutter_speed&quot;:&quot;0&quot;,&quot;title&quot;:&quot;&quot;,&quot;orientation&quot;:&quot;0&quot;}\" data-image-title=\"44818e5d-5718-44db-8db0-000a95359b34\" data-image-description=\"\" data-image-caption=\"&lt;p&gt;Foto: Isak de Castro\/Comunica\u00e7\u00e3oPrefeituradePaudalho&lt;\/p&gt;\n\" data-medium-file=\"https:\/\/www.paudalho.pe.gov.br\/portal\/wp-content\/uploads\/2017\/09\/44818e5d-5718-44db-8db0-000a95359b34-1-350x230.jpg\" data-large-file=\"https:\/\/www.paudalho.pe.gov.br\/portal\/wp-content\/uploads\/2017\/09\/44818e5d-5718-44db-8db0-000a95359b34-1-800x450.jpg\" class=\"size-medium wp-image-967\" src=\"http:\/\/www.paudalho.pe.gov.br\/portal\/wp-content\/uploads\/2017\/09\/44818e5d-5718-44db-8db0-000a95359b34-1-350x230.jpg\" alt=\"\" width=\"300\" height=\"197\" \/><p id=\"caption-attachment-967\" class=\"wp-caption-text\">Foto: Isak de Castro\/Comunica\u00e7\u00e3oPrefeituradePaudalho<\/p><\/div>\n<div id=\"attachment_968\" style=\"width: 310px\" class=\"wp-caption alignnone\"><img loading=\"lazy\" decoding=\"async\" aria-describedby=\"caption-attachment-968\" data-attachment-id=\"968\" data-permalink=\"https:\/\/www.paudalho.pe.gov.br\/portal\/qualidade-de-vida-para-os-alunos-diz-secretario-de-obras-sobre-reinauguracao-da-escola-municipal-de-guadalajara\/c05908f6-c3f6-4f27-a776-87e5b121f2a2-1\/\" data-orig-file=\"https:\/\/www.paudalho.pe.gov.br\/portal\/wp-content\/uploads\/2017\/09\/c05908f6-c3f6-4f27-a776-87e5b121f2a2-1.jpg\" data-orig-size=\"1280,960\" data-comments-opened=\"1\" data-image-meta=\"{&quot;aperture&quot;:&quot;0&quot;,&quot;credit&quot;:&quot;&quot;,&quot;camera&quot;:&quot;&quot;,&quot;caption&quot;:&quot;&quot;,&quot;created_timestamp&quot;:&quot;0&quot;,&quot;copyright&quot;:&quot;&quot;,&quot;focal_length&quot;:&quot;0&quot;,&quot;iso&quot;:&quot;0&quot;,&quot;shutter_speed&quot;:&quot;0&quot;,&quot;title&quot;:&quot;&quot;,&quot;orientation&quot;:&quot;0&quot;}\" data-image-title=\"c05908f6-c3f6-4f27-a776-87e5b121f2a2 (1)\" data-image-description=\"\" data-image-caption=\"&lt;p&gt;Foto: Isak de Castro\/Comunica\u00e7\u00e3oPrefeituradePaudalho&lt;\/p&gt;\n\" data-medium-file=\"https:\/\/www.paudalho.pe.gov.br\/portal\/wp-content\/uploads\/2017\/09\/c05908f6-c3f6-4f27-a776-87e5b121f2a2-1-350x230.jpg\" data-large-file=\"https:\/\/www.paudalho.pe.gov.br\/portal\/wp-content\/uploads\/2017\/09\/c05908f6-c3f6-4f27-a776-87e5b121f2a2-1-800x450.jpg\" class=\"size-medium wp-image-968\" src=\"http:\/\/www.paudalho.pe.gov.br\/portal\/wp-content\/uploads\/2017\/09\/c05908f6-c3f6-4f27-a776-87e5b121f2a2-1-350x230.jpg\" alt=\"\" width=\"300\" height=\"197\" \/><p id=\"caption-attachment-968\" class=\"wp-caption-text\">Foto: Isak de Castro\/Comunica\u00e7\u00e3oPrefeituradePaudalho<\/p><\/div>\n<h3><strong>Trabalho mais barato<\/strong><\/h3>\n<p>Ainda segundo o secret\u00e1rio, a escolha de trabalhar com equipe pr\u00f3pria ajuda a economizar dinheiro, que pode ser empregado em outras constru\u00e7\u00f5es e reformas. \u201cA prefeitura conta hoje com uma equipe de manuten\u00e7\u00e3o, onde t\u00eam pedreiros, ajudantes, pintores, encanadores e com isso fica mais barato sim para a Prefeitura\u201d, esclareceu.<\/p>\n<h3><strong>Tecnologia Avan\u00e7ada<\/strong><\/h3>\n<p>Na Escola Municipal de Guadalajara, foi usada uma alta tecnologia, chamada de Light Woll, que permite a constru\u00e7\u00e3o r\u00e1pida. Em 21 dias foram levantadas tr\u00eas novas salas de aula.<\/p>\n<div id=\"attachment_969\" style=\"width: 310px\" class=\"wp-caption alignnone\"><img loading=\"lazy\" decoding=\"async\" aria-describedby=\"caption-attachment-969\" data-attachment-id=\"969\" data-permalink=\"https:\/\/www.paudalho.pe.gov.br\/portal\/qualidade-de-vida-para-os-alunos-diz-secretario-de-obras-sobre-reinauguracao-da-escola-municipal-de-guadalajara\/5419e923-dcf5-4885-ba50-5ad31b5129b8-2\/\" data-orig-file=\"https:\/\/www.paudalho.pe.gov.br\/portal\/wp-content\/uploads\/2017\/09\/5419e923-dcf5-4885-ba50-5ad31b5129b8.jpg\" data-orig-size=\"1088,714\" data-comments-opened=\"1\" data-image-meta=\"{&quot;aperture&quot;:&quot;0&quot;,&quot;credit&quot;:&quot;&quot;,&quot;camera&quot;:&quot;&quot;,&quot;caption&quot;:&quot;&quot;,&quot;created_timestamp&quot;:&quot;0&quot;,&quot;copyright&quot;:&quot;&quot;,&quot;focal_length&quot;:&quot;0&quot;,&quot;iso&quot;:&quot;0&quot;,&quot;shutter_speed&quot;:&quot;0&quot;,&quot;title&quot;:&quot;&quot;,&quot;orientation&quot;:&quot;0&quot;}\" data-image-title=\"5419e923-dcf5-4885-ba50-5ad31b5129b8\" data-image-description=\"\" data-image-caption=\"&lt;p&gt;Foto: Isak de Castro\/Comunica\u00e7\u00e3oPrefeituradePaudalho&lt;\/p&gt;\n\" data-medium-file=\"https:\/\/www.paudalho.pe.gov.br\/portal\/wp-content\/uploads\/2017\/09\/5419e923-dcf5-4885-ba50-5ad31b5129b8-350x230.jpg\" data-large-file=\"https:\/\/www.paudalho.pe.gov.br\/portal\/wp-content\/uploads\/2017\/09\/5419e923-dcf5-4885-ba50-5ad31b5129b8-800x450.jpg\" class=\"size-medium wp-image-969\" src=\"http:\/\/www.paudalho.pe.gov.br\/portal\/wp-content\/uploads\/2017\/09\/5419e923-dcf5-4885-ba50-5ad31b5129b8-350x230.jpg\" alt=\"\" width=\"300\" height=\"197\" srcset=\"https:\/\/www.paudalho.pe.gov.br\/portal\/wp-content\/uploads\/2017\/09\/5419e923-dcf5-4885-ba50-5ad31b5129b8-350x230.jpg 350w, https:\/\/www.paudalho.pe.gov.br\/portal\/wp-content\/uploads\/2017\/09\/5419e923-dcf5-4885-ba50-5ad31b5129b8-768x504.jpg 768w, https:\/\/www.paudalho.pe.gov.br\/portal\/wp-content\/uploads\/2017\/09\/5419e923-dcf5-4885-ba50-5ad31b5129b8.jpg 1088w\" sizes=\"auto, (max-width: 300px) 100vw, 300px\" \/><p id=\"caption-attachment-969\" class=\"wp-caption-text\">Foto: Isak de Castro\/Comunica\u00e7\u00e3oPrefeituradePaudalho<\/p><\/div>\n<p>Para o vereador da comunidade, J\u00fanior Dona, com a reforma a educa\u00e7\u00e3o na localidade vai superar as expectativas. <em>\u201c\u00e9 momento de alegria. Guadalajara hoje pode dizer que a educa\u00e7\u00e3o vai superar as expectativa dos anos passados, porque estava desprezada, o pessoal sem incentivo e hoje a gente ver uma escola que tinha uma refer\u00eancia como Casar\u00e3o ganhar mais tr\u00eas salas de aulas \u00e9 uma reforma 100% e est\u00e1 uma escola de primeiro mundo, para uma comunidade como Guadalajara, a gente est\u00e1 super feliz<\/em>\u201d, finalizou.\u00a0\u00a0A reinaugura\u00e7\u00e3o demonstra o compromisso que a atual gest\u00e3o tem com a educa\u00e7\u00e3o da popula\u00e7\u00e3o.<\/p>\n<p><a href=\"http:\/\/www.paudalho.pe.gov.br\/portal\/secretaria-de-obras-supera-obstaculos-e-recupera-13-escolas-e-oito-postos-de-saude\/\" target=\"_blank\" rel=\"noopener\">Leia mais:\u00a0Secretaria de Obras supera obst\u00e1culos e recupera 13 postos de sa\u00fade e oito escolas<\/a><\/p>\n<p>&nbsp;<\/p>\n<p>&nbsp;<\/p>\n<p>&nbsp;<\/p>\n<p>&nbsp;<\/p>\n","protected":false},"excerpt":{"rendered":"<p>Festa, alegria e muita gratid\u00e3o marcaram a reinaugura\u00e7\u00e3o da Escola Municipal de Guadalajara, conhecida popularmente como Casar\u00e3o, nesta ter\u00e7a-feira (6). A Prefeitura do Paudalho por meio das Secretaria de Obras e Servi\u00e7os P\u00fablicos e Educa\u00e7\u00e3o realizou a solenidade juntamente com a popula\u00e7\u00e3o do distrito que compareceu a entrega da unidade de ensino. No momento, a [&hellip;]<\/p>\n","protected":false},"author":4,"featured_media":1006,"comment_status":"open","ping_status":"open","sticky":false,"template":"","format":"standard","meta":{"_jetpack_newsletter_access":"","_jetpack_dont_email_post_to_subs":false,"_jetpack_newsletter_tier_id":0,"_jetpack_memberships_contains_paywalled_content":false,"_jetpack_memberships_contains_paid_content":false,"footnotes":""},"categories":[2,4,35],"tags":[30,116,14,115],"class_list":["post-963","post","type-post","status-publish","format-standard","has-post-thumbnail","hentry","category-destaque","category-educacao","category-obras","tag-educacao","tag-escola-municipal-de-guadalajara","tag-paudalho","tag-reforma"],"jetpack_featured_media_url":"https:\/\/www.paudalho.pe.gov.br\/portal\/wp-content\/uploads\/2017\/09\/WhatsApp-Image-2017-09-06-at-11.58.02-AM.jpeg","jetpack_sharing_enabled":true,"jetpack_shortlink":"https:\/\/wp.me\/p98mS2-fx","_links":{"self":[{"href":"https:\/\/www.paudalho.pe.gov.br\/portal\/wp-json\/wp\/v2\/posts\/963","targetHints":{"allow":["GET"]}}],"collection":[{"href":"https:\/\/www.paudalho.pe.gov.br\/portal\/wp-json\/wp\/v2\/posts"}],"about":[{"href":"https:\/\/www.paudalho.pe.gov.br\/portal\/wp-json\/wp\/v2\/types\/post"}],"author":[{"embeddable":true,"href":"https:\/\/www.paudalho.pe.gov.br\/portal\/wp-json\/wp\/v2\/users\/4"}],"replies":[{"embeddable":true,"href":"https:\/\/www.paudalho.pe.gov.br\/portal\/wp-json\/wp\/v2\/comments?post=963"}],"version-history":[{"count":14,"href":"https:\/\/www.paudalho.pe.gov.br\/portal\/wp-json\/wp\/v2\/posts\/963\/revisions"}],"predecessor-version":[{"id":2341,"href":"https:\/\/www.paudalho.pe.gov.br\/portal\/wp-json\/wp\/v2\/posts\/963\/revisions\/2341"}],"wp:featuredmedia":[{"embeddable":true,"href":"https:\/\/www.paudalho.pe.gov.br\/portal\/wp-json\/wp\/v2\/media\/1006"}],"wp:attachment":[{"href":"https:\/\/www.paudalho.pe.gov.br\/portal\/wp-json\/wp\/v2\/media?parent=963"}],"wp:term":[{"taxonomy":"category","embeddable":true,"href":"https:\/\/www.paudalho.pe.gov.br\/portal\/wp-json\/wp\/v2\/categories?post=963"},{"taxonomy":"post_tag","embeddable":true,"href":"https:\/\/www.paudalho.pe.gov.br\/portal\/wp-json\/wp\/v2\/tags?post=963"}],"curies":[{"name":"wp","href":"https:\/\/api.w.org\/{rel}","templated":true}]}}