{"id":9432,"date":"2019-12-18T14:16:36","date_gmt":"2019-12-18T17:16:36","guid":{"rendered":"https:\/\/www.paudalho.pe.gov.br\/portal\/?p=9432"},"modified":"2019-12-18T14:16:36","modified_gmt":"2019-12-18T17:16:36","slug":"2%e2%80%a2turma-do-curso-de-modelagem-corte-costura-domestica-e-industrial-e-confeccao-textil-recebe-certificado-nesta-sexta-20","status":"publish","type":"post","link":"https:\/\/www.paudalho.pe.gov.br\/portal\/2%e2%80%a2turma-do-curso-de-modelagem-corte-costura-domestica-e-industrial-e-confeccao-textil-recebe-certificado-nesta-sexta-20\/","title":{"rendered":"2\u2022turma do curso de Modelagem, Corte,  Costura Dom\u00e9stica e Industrial e Confec\u00e7\u00e3o T\u00eaxtil recebe certificado nesta sexta (20)"},"content":{"rendered":"\n<p>A Prefeitura, por meio da Cooperativa de Costura e Confec\u00e7\u00e3o de Paudalho realiza na pr\u00f3xima sexta-feira (20) a Cerim\u00f4nia de Encerramento da segunda oficina de Modelagem, Corte, Costura Dom\u00e9stica e Industrial e Confec\u00e7\u00e3o T\u00eaxtil. A programa\u00e7\u00e3o ocorrer\u00e1 no Clube Estrela do Paudalho, no Centro, a partir das 16h.<\/p>\n\n\n\n<p>Na ocasi\u00e3o, a Cooperativa de Costura e Confec\u00e7\u00e3o estar\u00e1 entregando os certificados aos 160 alunos que foram matriculados nas oito turmas e conclu\u00edram suas atividades. A segunda oficina teve in\u00edcio no dia 30 de setembro e finaliza\u00e7\u00e3o no dia 18 de dezembro. A a\u00e7\u00e3o \u00e9 realizada com apoio da Secretaria de Desenvolvimento e Assist\u00eancia Social e tem objetivo de oportunizar os paudalhenses.\u00a0<\/p>\n","protected":false},"excerpt":{"rendered":"<p>A Prefeitura, por meio da Cooperativa de Costura e Confec\u00e7\u00e3o de Paudalho realiza na pr\u00f3xima sexta-feira (20) a Cerim\u00f4nia de Encerramento da segunda oficina de Modelagem, Corte, Costura Dom\u00e9stica e Industrial e Confec\u00e7\u00e3o T\u00eaxtil. A programa\u00e7\u00e3o ocorrer\u00e1 no Clube Estrela do Paudalho, no Centro, a partir das 16h. Na ocasi\u00e3o, a Cooperativa de Costura e [&hellip;]<\/p>\n","protected":false},"author":4,"featured_media":9433,"comment_status":"open","ping_status":"open","sticky":false,"template":"","format":"standard","meta":{"_jetpack_newsletter_access":"","_jetpack_dont_email_post_to_subs":false,"_jetpack_newsletter_tier_id":0,"_jetpack_memberships_contains_paywalled_content":false,"_jetpack_memberships_contains_paid_content":false,"footnotes":""},"categories":[2,1],"tags":[342,585],"class_list":["post-9432","post","type-post","status-publish","format-standard","has-post-thumbnail","hentry","category-destaque","category-noticias","tag-cooperativa-de-costura-e-confeccao-do-paudalho","tag-costura"],"jetpack_featured_media_url":"https:\/\/www.paudalho.pe.gov.br\/portal\/wp-content\/uploads\/2019\/12\/569256FA-C266-439F-85B6-6D8266490564.png","jetpack_sharing_enabled":true,"jetpack_shortlink":"https:\/\/wp.me\/p98mS2-2s8","_links":{"self":[{"href":"https:\/\/www.paudalho.pe.gov.br\/portal\/wp-json\/wp\/v2\/posts\/9432","targetHints":{"allow":["GET"]}}],"collection":[{"href":"https:\/\/www.paudalho.pe.gov.br\/portal\/wp-json\/wp\/v2\/posts"}],"about":[{"href":"https:\/\/www.paudalho.pe.gov.br\/portal\/wp-json\/wp\/v2\/types\/post"}],"author":[{"embeddable":true,"href":"https:\/\/www.paudalho.pe.gov.br\/portal\/wp-json\/wp\/v2\/users\/4"}],"replies":[{"embeddable":true,"href":"https:\/\/www.paudalho.pe.gov.br\/portal\/wp-json\/wp\/v2\/comments?post=9432"}],"version-history":[{"count":1,"href":"https:\/\/www.paudalho.pe.gov.br\/portal\/wp-json\/wp\/v2\/posts\/9432\/revisions"}],"predecessor-version":[{"id":9434,"href":"https:\/\/www.paudalho.pe.gov.br\/portal\/wp-json\/wp\/v2\/posts\/9432\/revisions\/9434"}],"wp:featuredmedia":[{"embeddable":true,"href":"https:\/\/www.paudalho.pe.gov.br\/portal\/wp-json\/wp\/v2\/media\/9433"}],"wp:attachment":[{"href":"https:\/\/www.paudalho.pe.gov.br\/portal\/wp-json\/wp\/v2\/media?parent=9432"}],"wp:term":[{"taxonomy":"category","embeddable":true,"href":"https:\/\/www.paudalho.pe.gov.br\/portal\/wp-json\/wp\/v2\/categories?post=9432"},{"taxonomy":"post_tag","embeddable":true,"href":"https:\/\/www.paudalho.pe.gov.br\/portal\/wp-json\/wp\/v2\/tags?post=9432"}],"curies":[{"name":"wp","href":"https:\/\/api.w.org\/{rel}","templated":true}]}}