{"id":932,"date":"2017-09-05T11:05:15","date_gmt":"2017-09-05T14:05:15","guid":{"rendered":"http:\/\/www.paudalho.pe.gov.br\/portal\/?p=932"},"modified":"2017-09-21T23:05:08","modified_gmt":"2017-09-22T02:05:08","slug":"saiba-quais-vias-serao-bloqueadas-no-dia-7-de-setembro-em-paudalho","status":"publish","type":"post","link":"https:\/\/www.paudalho.pe.gov.br\/portal\/saiba-quais-vias-serao-bloqueadas-no-dia-7-de-setembro-em-paudalho\/","title":{"rendered":"Saiba quais vias ser\u00e3o bloqueadas no dia 7 de setembro em Paudalho"},"content":{"rendered":"<p>Com o objetivo de organizar a cidade para que a popula\u00e7\u00e3o possa participar do Desfile C\u00edvico de forma segura, a Prefeitura do Paudalho informou que algumas vias da cidade ser\u00e3o bloqueadas a partir das 14h da quinta-feira (7).<\/p>\n<div id=\"attachment_934\" style=\"width: 310px\" class=\"wp-caption alignnone\"><img loading=\"lazy\" decoding=\"async\" aria-describedby=\"caption-attachment-934\" data-attachment-id=\"934\" data-permalink=\"https:\/\/www.paudalho.pe.gov.br\/portal\/saiba-quais-vias-serao-bloqueadas-no-dia-7-de-setembro-em-paudalho\/cbbd628b-a260-4f1c-9bbe-35f7a2719803\/\" data-orig-file=\"https:\/\/www.paudalho.pe.gov.br\/portal\/wp-content\/uploads\/2017\/09\/cbbd628b-a260-4f1c-9bbe-35f7a2719803.jpg\" data-orig-size=\"1024,683\" data-comments-opened=\"1\" data-image-meta=\"{&quot;aperture&quot;:&quot;0&quot;,&quot;credit&quot;:&quot;&quot;,&quot;camera&quot;:&quot;&quot;,&quot;caption&quot;:&quot;&quot;,&quot;created_timestamp&quot;:&quot;0&quot;,&quot;copyright&quot;:&quot;&quot;,&quot;focal_length&quot;:&quot;0&quot;,&quot;iso&quot;:&quot;0&quot;,&quot;shutter_speed&quot;:&quot;0&quot;,&quot;title&quot;:&quot;&quot;,&quot;orientation&quot;:&quot;0&quot;}\" data-image-title=\"\" data-image-description=\"\" data-image-caption=\"&lt;p&gt;Foto: Isak de Castro\/Comunica\u00e7\u00e3oPrefeituradoPaudalho&lt;\/p&gt;\n\" data-medium-file=\"https:\/\/www.paudalho.pe.gov.br\/portal\/wp-content\/uploads\/2017\/09\/cbbd628b-a260-4f1c-9bbe-35f7a2719803-350x230.jpg\" data-large-file=\"https:\/\/www.paudalho.pe.gov.br\/portal\/wp-content\/uploads\/2017\/09\/cbbd628b-a260-4f1c-9bbe-35f7a2719803-800x450.jpg\" class=\"size-medium wp-image-934\" src=\"http:\/\/www.paudalho.pe.gov.br\/portal\/wp-content\/uploads\/2017\/09\/cbbd628b-a260-4f1c-9bbe-35f7a2719803-350x230.jpg\" alt=\"\" width=\"300\" height=\"197\" \/><p id=\"caption-attachment-934\" class=\"wp-caption-text\">Foto: Isak de Castro\/Comunica\u00e7\u00e3oPrefeituradoPaudalho<\/p><\/div>\n<h2><strong>Onde ser\u00e3o?<\/strong><\/h2>\n<p>Os bloqueios v\u00e3o acontecer na Rua S\u00e3o Miguel, Rua Jades Cisneiros, Pra\u00e7a do Ros\u00e1rio, Rua Tiradentes, Rua Genu\u00edno Silva, Becos do Maracuj\u00e1, Teatro, Herculano Bandeira e ainda na Pra\u00e7a Pedro Coutinho, Avenida Raul Bandeira, Avenida Luiz Maranh\u00e3o, Parque de Eventos Beira Rio Pio Guerra, Avenida Miguel Arraes (atr\u00e1s do Supermercado Cordeiro) e Rua Santa Tereza, Pr\u00f3ximo ao Palmeiras Futebol Clube.<\/p>\n<p><strong>Ou\u00e7a as informa\u00e7\u00f5es com Swelho Nunes:<\/strong><\/p>\n<!--[if lt IE 9]><script>document.createElement('audio');<\/script><![endif]-->\n<audio class=\"wp-audio-shortcode\" id=\"audio-932-1\" preload=\"none\" style=\"width: 100%;\" controls=\"controls\"><source type=\"audio\/mpeg\" src=\"http:\/\/www.paudalho.pe.gov.br\/portal\/wp-content\/uploads\/2017\/09\/suelliton.mp3?_=1\" \/><a href=\"http:\/\/www.paudalho.pe.gov.br\/portal\/wp-content\/uploads\/2017\/09\/suelliton.mp3\">http:\/\/www.paudalho.pe.gov.br\/portal\/wp-content\/uploads\/2017\/09\/suelliton.mp3<\/a><\/audio>\n<p>&nbsp;<\/p>\n","protected":false},"excerpt":{"rendered":"<p>Com o objetivo de organizar a cidade para que a popula\u00e7\u00e3o possa participar do Desfile C\u00edvico de forma segura, a Prefeitura do Paudalho informou que algumas vias da cidade ser\u00e3o bloqueadas a partir das 14h da quinta-feira (7). Onde ser\u00e3o? Os bloqueios v\u00e3o acontecer na Rua S\u00e3o Miguel, Rua Jades Cisneiros, Pra\u00e7a do Ros\u00e1rio, Rua [&hellip;]<\/p>\n","protected":false},"author":4,"featured_media":935,"comment_status":"open","ping_status":"open","sticky":false,"template":"","format":"standard","meta":{"_jetpack_newsletter_access":"","_jetpack_dont_email_post_to_subs":false,"_jetpack_newsletter_tier_id":0,"_jetpack_memberships_contains_paywalled_content":false,"_jetpack_memberships_contains_paid_content":false,"footnotes":""},"categories":[2,1],"tags":[110,22,109],"class_list":["post-932","post","type-post","status-publish","format-standard","has-post-thumbnail","hentry","category-destaque","category-noticias","tag-bloqueio","tag-prefeitura-do-paudalho","tag-sete-de-setembro"],"jetpack_featured_media_url":"https:\/\/www.paudalho.pe.gov.br\/portal\/wp-content\/uploads\/2017\/09\/dffa60cc-4bbe-484e-806a-29b30fac0e6e.jpg","jetpack_sharing_enabled":true,"jetpack_shortlink":"https:\/\/wp.me\/p98mS2-f2","_links":{"self":[{"href":"https:\/\/www.paudalho.pe.gov.br\/portal\/wp-json\/wp\/v2\/posts\/932","targetHints":{"allow":["GET"]}}],"collection":[{"href":"https:\/\/www.paudalho.pe.gov.br\/portal\/wp-json\/wp\/v2\/posts"}],"about":[{"href":"https:\/\/www.paudalho.pe.gov.br\/portal\/wp-json\/wp\/v2\/types\/post"}],"author":[{"embeddable":true,"href":"https:\/\/www.paudalho.pe.gov.br\/portal\/wp-json\/wp\/v2\/users\/4"}],"replies":[{"embeddable":true,"href":"https:\/\/www.paudalho.pe.gov.br\/portal\/wp-json\/wp\/v2\/comments?post=932"}],"version-history":[{"count":6,"href":"https:\/\/www.paudalho.pe.gov.br\/portal\/wp-json\/wp\/v2\/posts\/932\/revisions"}],"predecessor-version":[{"id":1231,"href":"https:\/\/www.paudalho.pe.gov.br\/portal\/wp-json\/wp\/v2\/posts\/932\/revisions\/1231"}],"wp:featuredmedia":[{"embeddable":true,"href":"https:\/\/www.paudalho.pe.gov.br\/portal\/wp-json\/wp\/v2\/media\/935"}],"wp:attachment":[{"href":"https:\/\/www.paudalho.pe.gov.br\/portal\/wp-json\/wp\/v2\/media?parent=932"}],"wp:term":[{"taxonomy":"category","embeddable":true,"href":"https:\/\/www.paudalho.pe.gov.br\/portal\/wp-json\/wp\/v2\/categories?post=932"},{"taxonomy":"post_tag","embeddable":true,"href":"https:\/\/www.paudalho.pe.gov.br\/portal\/wp-json\/wp\/v2\/tags?post=932"}],"curies":[{"name":"wp","href":"https:\/\/api.w.org\/{rel}","templated":true}]}}