{"id":9128,"date":"2019-12-02T11:41:05","date_gmt":"2019-12-02T14:41:05","guid":{"rendered":"https:\/\/www.paudalho.pe.gov.br\/portal\/?p=9128"},"modified":"2019-12-02T11:57:28","modified_gmt":"2019-12-02T14:57:28","slug":"pre-estreia-da-serie-os-ovos-da-raposa-ocorrera-em-paudalho-com-exibicao-da-obra-para-populacao","status":"publish","type":"post","link":"https:\/\/www.paudalho.pe.gov.br\/portal\/pre-estreia-da-serie-os-ovos-da-raposa-ocorrera-em-paudalho-com-exibicao-da-obra-para-populacao\/","title":{"rendered":"Pr\u00e9-estreia da s\u00e9rie Os Ovos da Raposa ocorrer\u00e1 em Paudalho com exibi\u00e7\u00e3o da obra para popula\u00e7\u00e3o"},"content":{"rendered":"\n<p>Com apoio da Prefeitura do Paudalho,  no s\u00e1bado, dia 14 de dezembro, a s\u00e9rie Os Ovos da Raposa ter\u00e1 sua pr\u00e9-estreia nacional na cidade. A s\u00e9rie, que foi gravada no munic\u00edpio, ser\u00e1 exibida no P\u00e1tio de Eventos Beira-Rio, a partir das 19h para toda a popula\u00e7\u00e3o. <\/p>\n\n\n\n<p>Ser\u00e3o apresentados quatro epis\u00f3dios de 24 minutos e a partir tamb\u00e9m da segunda quinzena de dezembro a obra poder\u00e1 ser acompanhar atrav\u00e9s das exibi\u00e7\u00f5es, inicialmente em TVs p\u00fablicas, como determina o edital da  Ag\u00eancia Nacional do Cinema (Ancine). Ao todo, a obra conta com 13 epis\u00f3dios de 26 minutos cada um.<\/p>\n\n\n\n<h3 class=\"wp-block-heading\">A s\u00e9rie <\/h3>\n\n\n\n<p>Na hist\u00f3ria, na fict\u00edcia Bakatu, Hilda (Lais Vieira), uma feirante proativa aumenta a sua clientela enquanto o prefeito, Jos\u00e9 Abelinto (Cl\u00e1udio Ferrario), tem a sua candidatura amea\u00e7ada com a chegada do forasteiro Roque (Jorge de Paula). Os fatos s\u00e3o acompanhados por Miro dos Cord\u00e9is (Pedro Wagner) que usa a r\u00e1dio Boca Falante para denunciar os desmandos no munic\u00edpio.<\/p>\n\n\n\n<figure class=\"wp-block-image\"><img loading=\"lazy\" decoding=\"async\" width=\"1280\" height=\"956\" data-attachment-id=\"9130\" data-permalink=\"https:\/\/www.paudalho.pe.gov.br\/portal\/pre-estreia-da-serie-os-ovos-da-raposa-ocorrera-em-paudalho-com-exibicao-da-obra-para-populacao\/d630a6d1-8c45-4d1b-8dbf-c5bd167e34b5\/\" data-orig-file=\"https:\/\/www.paudalho.pe.gov.br\/portal\/wp-content\/uploads\/2019\/12\/d630a6d1-8c45-4d1b-8dbf-c5bd167e34b5.jpg\" data-orig-size=\"1280,956\" data-comments-opened=\"1\" data-image-meta=\"{&quot;aperture&quot;:&quot;0&quot;,&quot;credit&quot;:&quot;&quot;,&quot;camera&quot;:&quot;&quot;,&quot;caption&quot;:&quot;&quot;,&quot;created_timestamp&quot;:&quot;0&quot;,&quot;copyright&quot;:&quot;&quot;,&quot;focal_length&quot;:&quot;0&quot;,&quot;iso&quot;:&quot;0&quot;,&quot;shutter_speed&quot;:&quot;0&quot;,&quot;title&quot;:&quot;&quot;,&quot;orientation&quot;:&quot;0&quot;}\" data-image-title=\"d630a6d1-8c45-4d1b-8dbf-c5bd167e34b5\" data-image-description=\"\" data-image-caption=\"\" data-medium-file=\"https:\/\/www.paudalho.pe.gov.br\/portal\/wp-content\/uploads\/2019\/12\/d630a6d1-8c45-4d1b-8dbf-c5bd167e34b5-350x230.jpg\" data-large-file=\"https:\/\/www.paudalho.pe.gov.br\/portal\/wp-content\/uploads\/2019\/12\/d630a6d1-8c45-4d1b-8dbf-c5bd167e34b5-800x450.jpg\" src=\"https:\/\/i0.wp.com\/www.paudalho.pe.gov.br\/portal\/wp-content\/uploads\/2019\/12\/d630a6d1-8c45-4d1b-8dbf-c5bd167e34b5.jpg?resize=800%2C450&amp;ssl=1\" alt=\"\" class=\"wp-image-9130\" srcset=\"https:\/\/www.paudalho.pe.gov.br\/portal\/wp-content\/uploads\/2019\/12\/d630a6d1-8c45-4d1b-8dbf-c5bd167e34b5.jpg 1280w, https:\/\/www.paudalho.pe.gov.br\/portal\/wp-content\/uploads\/2019\/12\/d630a6d1-8c45-4d1b-8dbf-c5bd167e34b5-768x574.jpg 768w\" sizes=\"auto, (max-width: 1280px) 100vw, 1280px\" \/><figcaption>Na imagem Cl\u00e1udio Ferrario interpreta o prefeito de Bakatu. <\/figcaption><\/figure>\n\n\n\n<h3 class=\"wp-block-heading\">Paudalho \u00e9 Bakatu<\/h3>\n\n\n\n<p>A cidade de Paudalho foi escolhida pela produ\u00e7\u00e3o como cen\u00e1rio para as filmagens que aconteceram em 2017. Uma equipe composta por mais de 50 pessoas, entre t\u00e9cnicos e artistas, esteve durante dois meses circulando por v\u00e1rias pontos da cidade. Uma escola foi transformada na Prefeitura, casas em comit\u00eas e gabinetes dos pol\u00edticos, povoados se transformaram em cen\u00e1rios para cenas com caracter\u00edsticas mais rurais. Em Paudalho acontecem 90 por cento das cenas, al\u00e9m de loca\u00e7\u00f5es complementares nas cidades de Igarassu e Recife.<\/p>\n\n\n\n<p><strong>Confira o trailer: <\/strong><\/p>\n\n\n\n<figure class=\"wp-block-video\"><video controls src=\"https:\/\/www.paudalho.pe.gov.br\/portal\/wp-content\/uploads\/2019\/12\/WhatsApp-Video-2019-11-30-at-23.03.30.mp4\"><\/video><\/figure>\n","protected":false},"excerpt":{"rendered":"<p>Com apoio da Prefeitura do Paudalho, no s\u00e1bado, dia 14 de dezembro, a s\u00e9rie Os Ovos da Raposa ter\u00e1 sua pr\u00e9-estreia nacional na cidade. A s\u00e9rie, que foi gravada no munic\u00edpio, ser\u00e1 exibida no P\u00e1tio de Eventos Beira-Rio, a partir das 19h para toda a popula\u00e7\u00e3o. Ser\u00e3o apresentados quatro epis\u00f3dios de 24 minutos e a [&hellip;]<\/p>\n","protected":false},"author":4,"featured_media":9129,"comment_status":"open","ping_status":"open","sticky":false,"template":"","format":"standard","meta":{"_jetpack_newsletter_access":"","_jetpack_dont_email_post_to_subs":false,"_jetpack_newsletter_tier_id":0,"_jetpack_memberships_contains_paywalled_content":false,"_jetpack_memberships_contains_paid_content":false,"footnotes":""},"categories":[2,520,1],"tags":[68,14],"class_list":["post-9128","post","type-post","status-publish","format-standard","has-post-thumbnail","hentry","category-destaque","category-educacao-2","category-noticias","tag-cultura","tag-paudalho"],"jetpack_featured_media_url":"https:\/\/www.paudalho.pe.gov.br\/portal\/wp-content\/uploads\/2019\/12\/1983d1fd-e62a-41c7-b475-3b425f91ac51.jpg","jetpack_sharing_enabled":true,"jetpack_shortlink":"https:\/\/wp.me\/p98mS2-2ne","_links":{"self":[{"href":"https:\/\/www.paudalho.pe.gov.br\/portal\/wp-json\/wp\/v2\/posts\/9128","targetHints":{"allow":["GET"]}}],"collection":[{"href":"https:\/\/www.paudalho.pe.gov.br\/portal\/wp-json\/wp\/v2\/posts"}],"about":[{"href":"https:\/\/www.paudalho.pe.gov.br\/portal\/wp-json\/wp\/v2\/types\/post"}],"author":[{"embeddable":true,"href":"https:\/\/www.paudalho.pe.gov.br\/portal\/wp-json\/wp\/v2\/users\/4"}],"replies":[{"embeddable":true,"href":"https:\/\/www.paudalho.pe.gov.br\/portal\/wp-json\/wp\/v2\/comments?post=9128"}],"version-history":[{"count":7,"href":"https:\/\/www.paudalho.pe.gov.br\/portal\/wp-json\/wp\/v2\/posts\/9128\/revisions"}],"predecessor-version":[{"id":9138,"href":"https:\/\/www.paudalho.pe.gov.br\/portal\/wp-json\/wp\/v2\/posts\/9128\/revisions\/9138"}],"wp:featuredmedia":[{"embeddable":true,"href":"https:\/\/www.paudalho.pe.gov.br\/portal\/wp-json\/wp\/v2\/media\/9129"}],"wp:attachment":[{"href":"https:\/\/www.paudalho.pe.gov.br\/portal\/wp-json\/wp\/v2\/media?parent=9128"}],"wp:term":[{"taxonomy":"category","embeddable":true,"href":"https:\/\/www.paudalho.pe.gov.br\/portal\/wp-json\/wp\/v2\/categories?post=9128"},{"taxonomy":"post_tag","embeddable":true,"href":"https:\/\/www.paudalho.pe.gov.br\/portal\/wp-json\/wp\/v2\/tags?post=9128"}],"curies":[{"name":"wp","href":"https:\/\/api.w.org\/{rel}","templated":true}]}}