{"id":9119,"date":"2019-11-28T11:58:25","date_gmt":"2019-11-28T14:58:25","guid":{"rendered":"https:\/\/www.paudalho.pe.gov.br\/portal\/?p=9119"},"modified":"2020-01-09T16:10:55","modified_gmt":"2020-01-09T19:10:55","slug":"confira-a-lista-de-apresentacao-dos-finalistas-do-canta-paudalho-2019","status":"publish","type":"post","link":"https:\/\/www.paudalho.pe.gov.br\/portal\/confira-a-lista-de-apresentacao-dos-finalistas-do-canta-paudalho-2019\/","title":{"rendered":"Confira a lista de apresenta\u00e7\u00e3o dos finalistas do Canta Paudalho 2019"},"content":{"rendered":"\n<p>Nos pr\u00f3ximos dias sete e oito de dezembro Paudalho conhecer\u00e1 as novas vozes da cidade, na final do Canta Paudalho 2019. No s\u00e1bado (7) quem se apresenta s\u00e3o os adultos, a partir das 20h. No domingo (8) quem sobe ao palco do P\u00e1tio de Eventos Beira-Rio, no Centro da cidade, s\u00e3o as crian\u00e7as a partir das 19h. <\/p>\n\n\n\n<p>Em sua terceira edi\u00e7\u00e3o, o show de talentos j\u00e1 se tornou refer\u00eancia em toda a Mata Norte e tem objetivo de oportunizar o paudalhense que tem um sonho de seguir carreira musical. Nos dias de evento o p\u00fablico votar\u00e1 atrav\u00e9s de um aplicativo que ser\u00e1 disponibilizado. <\/p>\n\n\n\n<p><strong>Confira a lista da ordem de apresenta\u00e7\u00e3o da vers\u00e3o adulto:<\/strong><\/p>\n\n\n\n<p>1- MANOEL GEN\u00c1RIO DA SILVA <\/p>\n\n\n\n<p>2- CEC\u00cdLIA CRISTINA MONTEIRO DE MORAIS<\/p>\n\n\n\n<p>3- LEANDRO VIANA LIMA<\/p>\n\n\n\n<p>4- ROBERT DA SILVA NUNES<\/p>\n\n\n\n<p>5- RENATO VALENTIM DA SILVA<\/p>\n\n\n\n<p>6- LUCIANO PRESS\u00c3O <\/p>\n\n\n\n<p>7- LEANDRA DA COSTA PEDROSA<\/p>\n\n\n\n<p>8- JO\u00c3O PAULO DE SANTANA SOUZA<\/p>\n\n\n\n<p>9- ALEFF COUNTER<\/p>\n\n\n\n<p>10- ELVIS LEVINE<\/p>\n\n\n\n<p>11- VALDEMIR MIRANDA DA ROCHA FILHO<\/p>\n\n\n\n<p>12- DAGMARCIA F.GON\u00c7ALVES GOMES<\/p>\n\n\n\n<p><strong>Confira a lista da ordem de apresenta\u00e7\u00e3o da vers\u00e3o KIDS:<\/strong><\/p>\n\n\n\n<p>1- FL\u00c1VIA STERFANY OLIVEIRA DO NASCIMENTO E INGRID SABRINY DE MORAIS SOUSA<\/p>\n\n\n\n<p>2- GABRIEL HENRIQUE DOS SANTOS<\/p>\n\n\n\n<p>3- LET\u00cdCIA CONCEI\u00c7\u00c3O DA SILVA<\/p>\n\n\n\n<p>4- ALESSANDRA GABRIELLY BANDEIRA DA SILVA<\/p>\n\n\n\n<p>5- ADRIELE TEN\u00d3RIO LOPES DA SILVA E ANIELY LOPES DA SILVA<\/p>\n\n\n\n<p>6- LAYSA KAUANY DE SOUZA NASCIMENTO<\/p>\n\n\n\n<p>7- ANTONY GABRIEL BARBOSA GUSM\u00c3O<\/p>\n\n\n\n<p>8- HIALE NAYARA ALVES DA SILVA           <\/p>\n\n\n\n<p>9- ALICYA J\u00daLIA SANTANA DO CARMO<\/p>\n\n\n\n<p>10- JOYCE MARIA TEN\u00d3RIO DA SILVA<\/p>\n\n\n\n<p>11- TCHICYANE RAFAELA DA SILVA SANTIAGO<\/p>\n\n\n\n<p>12- ANA KEVELLYN CORREIA GOMES<\/p>\n\n\n\n<p>13- INGRID VIT\u00d3RIA DA SILVA<\/p>\n\n\n\n<p>14- JEDILSON DION\u00cdSIO BEZERRA<\/p>\n","protected":false},"excerpt":{"rendered":"<p>Nos pr\u00f3ximos dias sete e oito de dezembro Paudalho conhecer\u00e1 as novas vozes da cidade, na final do Canta Paudalho 2019. No s\u00e1bado (7) quem se apresenta s\u00e3o os adultos, a partir das 20h. No domingo (8) quem sobe ao palco do P\u00e1tio de Eventos Beira-Rio, no Centro da cidade, s\u00e3o as crian\u00e7as a partir [&hellip;]<\/p>\n","protected":false},"author":4,"featured_media":9021,"comment_status":"open","ping_status":"open","sticky":false,"template":"","format":"standard","meta":{"_jetpack_newsletter_access":"","_jetpack_dont_email_post_to_subs":false,"_jetpack_newsletter_tier_id":0,"_jetpack_memberships_contains_paywalled_content":false,"_jetpack_memberships_contains_paid_content":false,"footnotes":""},"categories":[416,6,2,1],"tags":[14],"class_list":["post-9119","post","type-post","status-publish","format-standard","has-post-thumbnail","hentry","category-canta-paudalho","category-cultura","category-destaque","category-noticias","tag-paudalho"],"jetpack_featured_media_url":"https:\/\/www.paudalho.pe.gov.br\/portal\/wp-content\/uploads\/2019\/11\/34B66FC3-D3FC-49DA-8EA5-96B2F3CC290C.jpeg","jetpack_sharing_enabled":true,"jetpack_shortlink":"https:\/\/wp.me\/p98mS2-2n5","_links":{"self":[{"href":"https:\/\/www.paudalho.pe.gov.br\/portal\/wp-json\/wp\/v2\/posts\/9119","targetHints":{"allow":["GET"]}}],"collection":[{"href":"https:\/\/www.paudalho.pe.gov.br\/portal\/wp-json\/wp\/v2\/posts"}],"about":[{"href":"https:\/\/www.paudalho.pe.gov.br\/portal\/wp-json\/wp\/v2\/types\/post"}],"author":[{"embeddable":true,"href":"https:\/\/www.paudalho.pe.gov.br\/portal\/wp-json\/wp\/v2\/users\/4"}],"replies":[{"embeddable":true,"href":"https:\/\/www.paudalho.pe.gov.br\/portal\/wp-json\/wp\/v2\/comments?post=9119"}],"version-history":[{"count":1,"href":"https:\/\/www.paudalho.pe.gov.br\/portal\/wp-json\/wp\/v2\/posts\/9119\/revisions"}],"predecessor-version":[{"id":9120,"href":"https:\/\/www.paudalho.pe.gov.br\/portal\/wp-json\/wp\/v2\/posts\/9119\/revisions\/9120"}],"wp:featuredmedia":[{"embeddable":true,"href":"https:\/\/www.paudalho.pe.gov.br\/portal\/wp-json\/wp\/v2\/media\/9021"}],"wp:attachment":[{"href":"https:\/\/www.paudalho.pe.gov.br\/portal\/wp-json\/wp\/v2\/media?parent=9119"}],"wp:term":[{"taxonomy":"category","embeddable":true,"href":"https:\/\/www.paudalho.pe.gov.br\/portal\/wp-json\/wp\/v2\/categories?post=9119"},{"taxonomy":"post_tag","embeddable":true,"href":"https:\/\/www.paudalho.pe.gov.br\/portal\/wp-json\/wp\/v2\/tags?post=9119"}],"curies":[{"name":"wp","href":"https:\/\/api.w.org\/{rel}","templated":true}]}}