{"id":911,"date":"2017-09-04T14:41:52","date_gmt":"2017-09-04T17:41:52","guid":{"rendered":"http:\/\/www.paudalho.pe.gov.br\/portal\/?p=911"},"modified":"2017-09-21T02:21:25","modified_gmt":"2017-09-21T05:21:25","slug":"setembro-amarelo-prefeitura-do-paudalho-promove-campanha-de-combate-ao-suicidio","status":"publish","type":"post","link":"https:\/\/www.paudalho.pe.gov.br\/portal\/setembro-amarelo-prefeitura-do-paudalho-promove-campanha-de-combate-ao-suicidio\/","title":{"rendered":"Prefeitura do Paudalho promove campanha de combate ao suic\u00eddio"},"content":{"rendered":"<p>De acordo com dados do Mapa da Viol\u00eancia 2017, em 12 anos, a taxa de suic\u00eddio na popula\u00e7\u00e3o de 15 a 29 anos subiu de 5,1 por 100 mil habitantes, em 2002, para 5,6 em 2014, contabilizando um aumento de quase 10%. Isso representa que a taxa continua crescendo. E no m\u00eas dedicado ao combate do ato, a Prefeitura do Paudalho por meio da Secretaria de Sa\u00fade vai promover programa\u00e7\u00e3o em escolas, postos de sa\u00fade e outras a\u00e7\u00f5es para incentivar a popula\u00e7\u00e3o a debater e lutar contra o suic\u00eddio.<\/p>\n<p>Para se ter uma ideia sobre a crescente, em 1980, a taxa de suic\u00eddio na faixa et\u00e1ria de 19 a 29 anos era de 4,4 por 100 mil habitantes. Em 1990 ela chegou a 4,1 e 4,5, em 2000. Isso que dizer que de 1980 a 2014, houve um aumento de 27%.<\/p>\n<h3><strong>Dados alarmantes<\/strong><\/h3>\n<p>Segundo a Organiza\u00e7\u00e3o Mundial da Sa\u00fade (OMS), em 2020, aproximadamente 1,53 milh\u00f5es de pessoas no mundo morrer\u00e3o por suicido.<\/p>\n<div id=\"attachment_915\" style=\"width: 310px\" class=\"wp-caption alignnone\"><img loading=\"lazy\" decoding=\"async\" aria-describedby=\"caption-attachment-915\" data-attachment-id=\"915\" data-permalink=\"https:\/\/www.paudalho.pe.gov.br\/portal\/setembro-amarelo-prefeitura-do-paudalho-promove-campanha-de-combate-ao-suicidio\/21442112_754659138040940_631995785_n\/\" data-orig-file=\"https:\/\/www.paudalho.pe.gov.br\/portal\/wp-content\/uploads\/2017\/09\/21442112_754659138040940_631995785_n.jpg\" data-orig-size=\"603,575\" data-comments-opened=\"1\" data-image-meta=\"{&quot;aperture&quot;:&quot;0&quot;,&quot;credit&quot;:&quot;Home&quot;,&quot;camera&quot;:&quot;&quot;,&quot;caption&quot;:&quot;&quot;,&quot;created_timestamp&quot;:&quot;0&quot;,&quot;copyright&quot;:&quot;&quot;,&quot;focal_length&quot;:&quot;0&quot;,&quot;iso&quot;:&quot;0&quot;,&quot;shutter_speed&quot;:&quot;0&quot;,&quot;title&quot;:&quot;&quot;,&quot;orientation&quot;:&quot;0&quot;}\" data-image-title=\"\" data-image-description=\"\" data-image-caption=\"&lt;p&gt;Edi\u00e7\u00e3o Isak de Castro\/Comunica\u00e7\u00e3oPrefeituradePaudalho&lt;\/p&gt;\n\" data-medium-file=\"https:\/\/www.paudalho.pe.gov.br\/portal\/wp-content\/uploads\/2017\/09\/21442112_754659138040940_631995785_n-350x230.jpg\" data-large-file=\"https:\/\/www.paudalho.pe.gov.br\/portal\/wp-content\/uploads\/2017\/09\/21442112_754659138040940_631995785_n-603x450.jpg\" class=\"size-medium wp-image-915\" src=\"http:\/\/www.paudalho.pe.gov.br\/portal\/wp-content\/uploads\/2017\/09\/21442112_754659138040940_631995785_n-350x230.jpg\" alt=\"\" width=\"300\" height=\"197\" \/><p id=\"caption-attachment-915\" class=\"wp-caption-text\">Edi\u00e7\u00e3o Isak de Castro\/Comunica\u00e7\u00e3oPrefeituradePaudalho<\/p><\/div>\n<h3><\/h3>\n<h3><strong>O que leva uma pessoa a se suicidar<\/strong><\/h3>\n<p>&nbsp;<\/p>\n<p><strong>Solid\u00e3o<\/strong><\/p>\n<p>Uma das queixas mais constantes na tentativa de suic\u00eddio \u00e9 a solid\u00e3o. A sensa\u00e7\u00e3o de isolamento, de uma ang\u00fastia profunda por se sentir sozinho, de que ningu\u00e9m vai compreend\u00ea-lo e julg\u00e1-lo, de que n\u00e3o aguentam mais e est\u00e3o cansados, s\u00e3o exemplos de falas dessas pessoas.<\/p>\n<p><strong>Depress\u00e3o<\/strong><\/p>\n<p>A conseq\u00fc\u00eancia mais desastrosa da depress\u00e3o \u00e9 o suic\u00eddio. Das 30 mil pessoas que morrem por suic\u00eddio nos Estados Unidos a cada ano, por exemplo, a maioria est\u00e1 sofrendo de depress\u00e3o.<\/p>\n<p><strong>Presen\u00e7a de outras doen\u00e7as ou m\u00e1 sa\u00fade<\/strong><\/p>\n<p>Algumas doen\u00e7as que deixam as pessoas impossibilitadas de alguma forma f\u00edsica, como andar, falar, ouvir, etc, ou, por exemplo, outras doen\u00e7as como HIV, c\u00e2ncer, uma doen\u00e7a terminal e transtornos mentais (esquizofrenia, depress\u00e3o, bipolaridade dist\u00farbios da ansiedade e a personalidade, bulimia e anorexia, entre outras), podem contribuir para uma maior desorganiza\u00e7\u00e3o ou desconforto emocional para tirar a pr\u00f3pria vida.<\/p>\n<h3>Conflitos de identidades<\/h3>\n<p>Em um pa\u00eds homof\u00f3bico, muita das vezes mulheres e homens cometem suic\u00eddio porque se descobrem gays e s\u00e3o recriminados.<\/p>\n<p>&nbsp;<\/p>\n<p>Com informa\u00e7\u00f5es do Portal BioSom<\/p>\n<p>&nbsp;<\/p>\n","protected":false},"excerpt":{"rendered":"<p>De acordo com dados do Mapa da Viol\u00eancia 2017, em 12 anos, a taxa de suic\u00eddio na popula\u00e7\u00e3o de 15 a 29 anos subiu de 5,1 por 100 mil habitantes, em 2002, para 5,6 em 2014, contabilizando um aumento de quase 10%. Isso representa que a taxa continua crescendo. E no m\u00eas dedicado ao combate [&hellip;]<\/p>\n","protected":false},"author":4,"featured_media":916,"comment_status":"open","ping_status":"open","sticky":false,"template":"","format":"standard","meta":{"_jetpack_newsletter_access":"","_jetpack_dont_email_post_to_subs":false,"_jetpack_newsletter_tier_id":0,"_jetpack_memberships_contains_paywalled_content":false,"_jetpack_memberships_contains_paid_content":false,"footnotes":""},"categories":[2,3],"tags":[14,15,106,105],"class_list":["post-911","post","type-post","status-publish","format-standard","has-post-thumbnail","hentry","category-destaque","category-saude","tag-paudalho","tag-prefeitura","tag-secretaria-de-educacao","tag-setembro-amarelo"],"jetpack_featured_media_url":"https:\/\/www.paudalho.pe.gov.br\/portal\/wp-content\/uploads\/2017\/09\/21362912_754659221374265_1298368302_n.jpg","jetpack_sharing_enabled":true,"jetpack_shortlink":"https:\/\/wp.me\/p98mS2-eH","_links":{"self":[{"href":"https:\/\/www.paudalho.pe.gov.br\/portal\/wp-json\/wp\/v2\/posts\/911","targetHints":{"allow":["GET"]}}],"collection":[{"href":"https:\/\/www.paudalho.pe.gov.br\/portal\/wp-json\/wp\/v2\/posts"}],"about":[{"href":"https:\/\/www.paudalho.pe.gov.br\/portal\/wp-json\/wp\/v2\/types\/post"}],"author":[{"embeddable":true,"href":"https:\/\/www.paudalho.pe.gov.br\/portal\/wp-json\/wp\/v2\/users\/4"}],"replies":[{"embeddable":true,"href":"https:\/\/www.paudalho.pe.gov.br\/portal\/wp-json\/wp\/v2\/comments?post=911"}],"version-history":[{"count":6,"href":"https:\/\/www.paudalho.pe.gov.br\/portal\/wp-json\/wp\/v2\/posts\/911\/revisions"}],"predecessor-version":[{"id":1218,"href":"https:\/\/www.paudalho.pe.gov.br\/portal\/wp-json\/wp\/v2\/posts\/911\/revisions\/1218"}],"wp:featuredmedia":[{"embeddable":true,"href":"https:\/\/www.paudalho.pe.gov.br\/portal\/wp-json\/wp\/v2\/media\/916"}],"wp:attachment":[{"href":"https:\/\/www.paudalho.pe.gov.br\/portal\/wp-json\/wp\/v2\/media?parent=911"}],"wp:term":[{"taxonomy":"category","embeddable":true,"href":"https:\/\/www.paudalho.pe.gov.br\/portal\/wp-json\/wp\/v2\/categories?post=911"},{"taxonomy":"post_tag","embeddable":true,"href":"https:\/\/www.paudalho.pe.gov.br\/portal\/wp-json\/wp\/v2\/tags?post=911"}],"curies":[{"name":"wp","href":"https:\/\/api.w.org\/{rel}","templated":true}]}}