{"id":9109,"date":"2019-11-25T10:52:32","date_gmt":"2019-11-25T13:52:32","guid":{"rendered":"https:\/\/www.paudalho.pe.gov.br\/portal\/?p=9109"},"modified":"2019-11-25T11:14:11","modified_gmt":"2019-11-25T14:14:11","slug":"sedas-realiza-audiencia-publica-em-defesa-do-sistema-unico-de-assistencia-social-e-da-seguridade-social","status":"publish","type":"post","link":"https:\/\/www.paudalho.pe.gov.br\/portal\/sedas-realiza-audiencia-publica-em-defesa-do-sistema-unico-de-assistencia-social-e-da-seguridade-social\/","title":{"rendered":"SEDAS realiza Audi\u00eancia P\u00fablica em defesa do Sistema \u00danico de Assist\u00eancia Social e da Seguridade Social"},"content":{"rendered":"\n<p>A Prefeitura do Paudalho por meio da Secretaria de Desenvolvimento e Assist\u00eancia Social (SEDAS) realizar\u00e1 nesta ter\u00e7a-feira (26)   uma Audi\u00eancia P\u00fablica em defesa do Sistema \u00danico de Assist\u00eancia Social (SUAS) e da Seguridade Social.<\/p>\n\n\n\n<p>A programa\u00e7\u00e3o ocorrer\u00e1 no Clube Estrela do Paudalho, no Centro da cidade, a partir das 8h. Entre os pontos, ser\u00e3o discutidos: o congelamento de gastos p\u00fablicos que causa impacto direto na assist\u00eancia social, os atrasos e as quedas que ocorrem nos repasses para os munic\u00edpios, inviabilizando o custeio dos servi\u00e7os socioassistenciais, fato que gera d\u00e9ficit crescente nas contas p\u00fablicas dos Fundos Municipais de Assist\u00eancia Social, entre outros assuntos. <\/p>\n\n\n\n<div class=\"wp-block-file\"><a href=\"https:\/\/www.paudalho.pe.gov.br\/portal\/wp-content\/uploads\/2019\/11\/Subs\u00eddios-Ato-em-Defesa-do-Or\u00e7amento-26.11.pdf\"> Confira aqui outros pontos que ser\u00e3o abordados! <\/a><a href=\"https:\/\/www.paudalho.pe.gov.br\/portal\/wp-content\/uploads\/2019\/11\/Subs\u00eddios-Ato-em-Defesa-do-Or\u00e7amento-26.11.pdf\" class=\"wp-block-file__button\" download>Baixar<\/a><\/div>\n\n\n\n<p><\/p>\n","protected":false},"excerpt":{"rendered":"<p>A Prefeitura do Paudalho por meio da Secretaria de Desenvolvimento e Assist\u00eancia Social (SEDAS) realizar\u00e1 nesta ter\u00e7a-feira (26) uma Audi\u00eancia P\u00fablica em defesa do Sistema \u00danico de Assist\u00eancia Social (SUAS) e da Seguridade Social. A programa\u00e7\u00e3o ocorrer\u00e1 no Clube Estrela do Paudalho, no Centro da cidade, a partir das 8h. Entre os pontos, ser\u00e3o discutidos: [&hellip;]<\/p>\n","protected":false},"author":4,"featured_media":9110,"comment_status":"open","ping_status":"open","sticky":false,"template":"","format":"standard","meta":{"_jetpack_newsletter_access":"","_jetpack_dont_email_post_to_subs":false,"_jetpack_newsletter_tier_id":0,"_jetpack_memberships_contains_paywalled_content":false,"_jetpack_memberships_contains_paid_content":false,"footnotes":""},"categories":[43,2,1],"tags":[99,45],"class_list":["post-9109","post","type-post","status-publish","format-standard","has-post-thumbnail","hentry","category-audiencia-publica","category-destaque","category-noticias","tag-assistencia-social","tag-audiencia-publica"],"jetpack_featured_media_url":"https:\/\/www.paudalho.pe.gov.br\/portal\/wp-content\/uploads\/2019\/11\/audiencia_publica-770x416.jpg","jetpack_sharing_enabled":true,"jetpack_shortlink":"https:\/\/wp.me\/p98mS2-2mV","_links":{"self":[{"href":"https:\/\/www.paudalho.pe.gov.br\/portal\/wp-json\/wp\/v2\/posts\/9109","targetHints":{"allow":["GET"]}}],"collection":[{"href":"https:\/\/www.paudalho.pe.gov.br\/portal\/wp-json\/wp\/v2\/posts"}],"about":[{"href":"https:\/\/www.paudalho.pe.gov.br\/portal\/wp-json\/wp\/v2\/types\/post"}],"author":[{"embeddable":true,"href":"https:\/\/www.paudalho.pe.gov.br\/portal\/wp-json\/wp\/v2\/users\/4"}],"replies":[{"embeddable":true,"href":"https:\/\/www.paudalho.pe.gov.br\/portal\/wp-json\/wp\/v2\/comments?post=9109"}],"version-history":[{"count":4,"href":"https:\/\/www.paudalho.pe.gov.br\/portal\/wp-json\/wp\/v2\/posts\/9109\/revisions"}],"predecessor-version":[{"id":9115,"href":"https:\/\/www.paudalho.pe.gov.br\/portal\/wp-json\/wp\/v2\/posts\/9109\/revisions\/9115"}],"wp:featuredmedia":[{"embeddable":true,"href":"https:\/\/www.paudalho.pe.gov.br\/portal\/wp-json\/wp\/v2\/media\/9110"}],"wp:attachment":[{"href":"https:\/\/www.paudalho.pe.gov.br\/portal\/wp-json\/wp\/v2\/media?parent=9109"}],"wp:term":[{"taxonomy":"category","embeddable":true,"href":"https:\/\/www.paudalho.pe.gov.br\/portal\/wp-json\/wp\/v2\/categories?post=9109"},{"taxonomy":"post_tag","embeddable":true,"href":"https:\/\/www.paudalho.pe.gov.br\/portal\/wp-json\/wp\/v2\/tags?post=9109"}],"curies":[{"name":"wp","href":"https:\/\/api.w.org\/{rel}","templated":true}]}}