{"id":9020,"date":"2019-11-19T14:39:06","date_gmt":"2019-11-19T17:39:06","guid":{"rendered":"https:\/\/www.paudalho.pe.gov.br\/portal\/?p=9020"},"modified":"2020-01-09T16:11:38","modified_gmt":"2020-01-09T19:11:38","slug":"final-do-canta-paudalho-promete-muita-musica-e-emocao","status":"publish","type":"post","link":"https:\/\/www.paudalho.pe.gov.br\/portal\/final-do-canta-paudalho-promete-muita-musica-e-emocao\/","title":{"rendered":"Final do Canta Paudalho promete muita m\u00fasica e emo\u00e7\u00e3o"},"content":{"rendered":"\n<p>M\u00fasica, emo\u00e7\u00e3o e oportunidade! A Secretaria de Cultura e Turismo realizar\u00e1 nos dias sete e oito de dezembro a final do Canta Paudalho 2019. No s\u00e1bado (7) os adultos se apresentam a partir das 20h, j\u00e1 no domingo ser\u00e1 a vez da crian\u00e7ada subir ao palco a partir das 19h. As apresenta\u00e7\u00f5es ocorrer\u00e3o no P\u00e1tio de Eventos Beira-Rio, no Centro da cidade.\u00a0<\/p>\n\n\n\n<p>Em sua terceira edi\u00e7\u00e3o, o show de talentos j\u00e1 se tornou refer\u00eancia em toda a Mata Norte e tem objetivo de oportunizar o paudalhense que tem um sonho de seguir carreira musical. Nos dias de evento o p\u00fablico voltar\u00e1 atrav\u00e9s de um aplicativo que ser\u00e1 disponibilizado.<br><\/p>\n\n\n\n<h3 class=\"wp-block-heading\">Confira a lista dos finalistas<\/h3>\n\n\n\n<p><strong>CANTA PAUDALHO KIDS<\/strong><\/p>\n\n\n\n<p>1-ALESSANDRA&nbsp;<\/p>\n\n\n\n<p>2-ANA KEVELLYN CORREIA GOMES<\/p>\n\n\n\n<p>3-JEDILSON DION\u00cdSIO BEZERRA<\/p>\n\n\n\n<p>4-ALICYA J\u00daLIA SANTANA DO CARMO<\/p>\n\n\n\n<p>5-HIALE NAYARA ALVES DA SILVA<\/p>\n\n\n\n<p>6-ADRIELE TEN\u00d3RIO LOPES DA SILVA E ANIELY LOPES DA SILVA<\/p>\n\n\n\n<p>7-JOYCE MARIA TEN\u00d3RIO DA SILVA<\/p>\n\n\n\n<p>8-TCHICYANE RAFAELA DA SILVA SANTIAGO<\/p>\n\n\n\n<p>9-LAYSA KAUANY DE SOUZA NASCIMENTO<\/p>\n\n\n\n<p>10-FL\u00c1VIA STERFANY OLIVEIRA DO NASCIMENTO E INGRID SABRINY DE MORAIS SOUSA<\/p>\n\n\n\n<p>11-ANTONY GABRIEL BARBOSA GUSM\u00c3O<\/p>\n\n\n\n<p>12-GABRIEL HENRIQUE DOS SANTOS<\/p>\n\n\n\n<p>13-INGRID VIT\u00d3RIA DA SILVA<\/p>\n\n\n\n<p>14-LET\u00cdCIA CONCEI\u00c7\u00c3O DA SILVA<br><\/p>\n\n\n\n<p><strong>CANTA PAUDALHO ADULTO<\/strong><\/p>\n\n\n\n<p><strong>1-<\/strong>ROBERT DA SILVA NUNES<\/p>\n\n\n\n<p>2-VALDEMIR MIRANDA DA ROCHA FILHO<\/p>\n\n\n\n<p>3-ELVIS EVERALDO DA SILVA COELHO&nbsp;<strong>( ELVIS LEVINE )<\/strong><\/p>\n\n\n\n<p><strong>4-<\/strong>LEANDRA DA COSTA PEDROSA<\/p>\n\n\n\n<p>5-LUCIANO FRANCISCO AMORIM DE ALMEIDA FILHO&nbsp;<strong>( LUCIANO PRESS\u00c3O )<\/strong><\/p>\n\n\n\n<p><strong>6-<\/strong>RENATO VALENTIM DA SILVA<\/p>\n\n\n\n<p>7-LEANDRO VIANA LIMA<\/p>\n\n\n\n<p>8-CEC\u00cdLIA CRISTINA MONTEIRO DE MORAIS<\/p>\n\n\n\n<p>9-MANOEL GEN\u00c1RIO DA SILVA<\/p>\n\n\n\n<p>10-DAGMARCIA F.GON\u00c7ALVES GOMES<\/p>\n\n\n\n<p>11-JO\u00c3O PAULO DE SANTANA SOUZA<\/p>\n\n\n\n<p>12-ALEFF LUAN DA SILVA<\/p>\n\n\n\n<p><strong>(ALEFF COUNTER)<\/strong><\/p>\n\n\n\n<p><\/p>\n","protected":false},"excerpt":{"rendered":"<p>M\u00fasica, emo\u00e7\u00e3o e oportunidade! A Secretaria de Cultura e Turismo realizar\u00e1 nos dias sete e oito de dezembro a final do Canta Paudalho 2019. No s\u00e1bado (7) os adultos se apresentam a partir das 20h, j\u00e1 no domingo ser\u00e1 a vez da crian\u00e7ada subir ao palco a partir das 19h. As apresenta\u00e7\u00f5es ocorrer\u00e3o no P\u00e1tio [&hellip;]<\/p>\n","protected":false},"author":4,"featured_media":9021,"comment_status":"open","ping_status":"open","sticky":false,"template":"","format":"standard","meta":{"_jetpack_newsletter_access":"","_jetpack_dont_email_post_to_subs":false,"_jetpack_newsletter_tier_id":0,"_jetpack_memberships_contains_paywalled_content":false,"_jetpack_memberships_contains_paid_content":false,"footnotes":""},"categories":[416,6,2,520],"tags":[144,14],"class_list":["post-9020","post","type-post","status-publish","format-standard","has-post-thumbnail","hentry","category-canta-paudalho","category-cultura","category-destaque","category-educacao-2","tag-canta-paudalho","tag-paudalho"],"jetpack_featured_media_url":"https:\/\/www.paudalho.pe.gov.br\/portal\/wp-content\/uploads\/2019\/11\/34B66FC3-D3FC-49DA-8EA5-96B2F3CC290C.jpeg","jetpack_sharing_enabled":true,"jetpack_shortlink":"https:\/\/wp.me\/p98mS2-2lu","_links":{"self":[{"href":"https:\/\/www.paudalho.pe.gov.br\/portal\/wp-json\/wp\/v2\/posts\/9020","targetHints":{"allow":["GET"]}}],"collection":[{"href":"https:\/\/www.paudalho.pe.gov.br\/portal\/wp-json\/wp\/v2\/posts"}],"about":[{"href":"https:\/\/www.paudalho.pe.gov.br\/portal\/wp-json\/wp\/v2\/types\/post"}],"author":[{"embeddable":true,"href":"https:\/\/www.paudalho.pe.gov.br\/portal\/wp-json\/wp\/v2\/users\/4"}],"replies":[{"embeddable":true,"href":"https:\/\/www.paudalho.pe.gov.br\/portal\/wp-json\/wp\/v2\/comments?post=9020"}],"version-history":[{"count":3,"href":"https:\/\/www.paudalho.pe.gov.br\/portal\/wp-json\/wp\/v2\/posts\/9020\/revisions"}],"predecessor-version":[{"id":9024,"href":"https:\/\/www.paudalho.pe.gov.br\/portal\/wp-json\/wp\/v2\/posts\/9020\/revisions\/9024"}],"wp:featuredmedia":[{"embeddable":true,"href":"https:\/\/www.paudalho.pe.gov.br\/portal\/wp-json\/wp\/v2\/media\/9021"}],"wp:attachment":[{"href":"https:\/\/www.paudalho.pe.gov.br\/portal\/wp-json\/wp\/v2\/media?parent=9020"}],"wp:term":[{"taxonomy":"category","embeddable":true,"href":"https:\/\/www.paudalho.pe.gov.br\/portal\/wp-json\/wp\/v2\/categories?post=9020"},{"taxonomy":"post_tag","embeddable":true,"href":"https:\/\/www.paudalho.pe.gov.br\/portal\/wp-json\/wp\/v2\/tags?post=9020"}],"curies":[{"name":"wp","href":"https:\/\/api.w.org\/{rel}","templated":true}]}}