{"id":899,"date":"2017-09-04T14:06:38","date_gmt":"2017-09-04T17:06:38","guid":{"rendered":"http:\/\/www.paudalho.pe.gov.br\/portal\/?p=899"},"modified":"2017-09-21T02:12:53","modified_gmt":"2017-09-21T05:12:53","slug":"de-forma-antecipada-selecao-de-paudalho-se-classifica-para-2o-fase-da-copa-do-interior","status":"publish","type":"post","link":"https:\/\/www.paudalho.pe.gov.br\/portal\/de-forma-antecipada-selecao-de-paudalho-se-classifica-para-2o-fase-da-copa-do-interior\/","title":{"rendered":"De forma antecipada, Sele\u00e7\u00e3o de Paudalho se classifica para 2\u00ba fase da Copa do Interior"},"content":{"rendered":"<p>No pr\u00f3ximo domingo (10), a Sele\u00e7\u00e3o de Futebol de Paudalho enfrenta a equipe de Lagoa de Itaenga, \u00e0s 15h, na cidade do time advers\u00e1rio. O time conquistou de forma antecipada a classifica\u00e7\u00e3o para a segunda fase da Copa do Interior 2017, no \u00faltimo dia 27, no embate contra Camaragibe. No confronto, a equipe do t\u00e9cnico A\u00edlton Silva marcou 3&#215;0, em Lagoa do Carro. Os gols foram marcados por Pop, Guguinha e um dos artilheiros da competi\u00e7\u00e3o, o camisa 10, Jo\u00e3o que comentou sobre a alegria de ter feito mais um. <em>\u201cEstou muito feliz\u201d<\/em>, disse.<\/p>\n<p>O evento esportivo tem o apoio da Prefeitura do Paudalho com iniciativa da Federa\u00e7\u00e3o Pernambucana de Futebol e mobiliza diversos munic\u00edpios do Estado. O gerente de Esporte do Munic\u00edpio, Di\u00f3genes Porf\u00edrio, destacou a import\u00e2ncia da competi\u00e7\u00e3o. \u201c<em>A Copa do Interior tem a sua import\u00e2ncia dentro do cen\u00e1rio futebol\u00edstico. Dentro do cen\u00e1rio do estado de Pernambuco \u00e9 uma competi\u00e7\u00e3o segundo hist\u00f3rico, que existe h\u00e1 mais de 70 anos e oficializada pela Federa\u00e7\u00e3o h\u00e1 30 anos&#8230; a gente destaca a import\u00e2ncia pelo fator de proporcionar a oportunidade para jovens atletas que sonham com a carreira de futebol\u201d<\/em>, disse.<\/p>\n<h3><strong>Veteranos na competi\u00e7\u00e3o<\/strong><\/h3>\n<p>A sele\u00e7\u00e3o j\u00e1 participou 30 vezes da competi\u00e7\u00e3o, conseguindo t\u00edtulos de campe\u00e3 e vice. O munic\u00edpio \u00e9 um das poucas cidades que j\u00e1 atuaram em todas as edi\u00e7\u00f5es do Copa. Neste ano, mais uma vez, o time est\u00e1 fazendo bonito, com duas vit\u00f3rias e um empate. O coordenador da Sele\u00e7\u00e3o de Paudalho, Daniel Dantas, explica que um dos objetivos da Sele\u00e7\u00e3o \u00e9 prevenir.<em> \u201cRevelar atletas, propiciando os sonhos desses jogadores, prevenindo a depend\u00eancia e a viol\u00eancia de todos eles atrav\u00e9s do esporte\u201d<\/em>, disse. Para Daniel Dantas, o esporte \u00e9 um grande agente de transforma\u00e7\u00e3o. A competi\u00e7\u00e3o come\u00e7ou no dia 30 de julho e tem seu t\u00e9rmino\u00a0previsto para o dia tr\u00eas de dezembro, totalizando 18 rodadas e 130 partidas.<\/p>\n<p>&nbsp;<\/p>\n","protected":false},"excerpt":{"rendered":"<p>No pr\u00f3ximo domingo (10), a Sele\u00e7\u00e3o de Futebol de Paudalho enfrenta a equipe de Lagoa de Itaenga, \u00e0s 15h, na cidade do time advers\u00e1rio. O time conquistou de forma antecipada a classifica\u00e7\u00e3o para a segunda fase da Copa do Interior 2017, no \u00faltimo dia 27, no embate contra Camaragibe. No confronto, a equipe do t\u00e9cnico [&hellip;]<\/p>\n","protected":false},"author":4,"featured_media":905,"comment_status":"open","ping_status":"open","sticky":false,"template":"","format":"standard","meta":{"_jetpack_newsletter_access":"","_jetpack_dont_email_post_to_subs":false,"_jetpack_newsletter_tier_id":0,"_jetpack_memberships_contains_paywalled_content":false,"_jetpack_memberships_contains_paid_content":false,"footnotes":""},"categories":[2,7],"tags":[103,14,104],"class_list":["post-899","post","type-post","status-publish","format-standard","has-post-thumbnail","hentry","category-destaque","category-esportes","tag-futebol","tag-paudalho","tag-prefeitura-de-paudalho"],"jetpack_featured_media_url":"https:\/\/www.paudalho.pe.gov.br\/portal\/wp-content\/uploads\/2017\/09\/dentro.jpg","jetpack_sharing_enabled":true,"jetpack_shortlink":"https:\/\/wp.me\/p98mS2-ev","_links":{"self":[{"href":"https:\/\/www.paudalho.pe.gov.br\/portal\/wp-json\/wp\/v2\/posts\/899","targetHints":{"allow":["GET"]}}],"collection":[{"href":"https:\/\/www.paudalho.pe.gov.br\/portal\/wp-json\/wp\/v2\/posts"}],"about":[{"href":"https:\/\/www.paudalho.pe.gov.br\/portal\/wp-json\/wp\/v2\/types\/post"}],"author":[{"embeddable":true,"href":"https:\/\/www.paudalho.pe.gov.br\/portal\/wp-json\/wp\/v2\/users\/4"}],"replies":[{"embeddable":true,"href":"https:\/\/www.paudalho.pe.gov.br\/portal\/wp-json\/wp\/v2\/comments?post=899"}],"version-history":[{"count":11,"href":"https:\/\/www.paudalho.pe.gov.br\/portal\/wp-json\/wp\/v2\/posts\/899\/revisions"}],"predecessor-version":[{"id":1217,"href":"https:\/\/www.paudalho.pe.gov.br\/portal\/wp-json\/wp\/v2\/posts\/899\/revisions\/1217"}],"wp:featuredmedia":[{"embeddable":true,"href":"https:\/\/www.paudalho.pe.gov.br\/portal\/wp-json\/wp\/v2\/media\/905"}],"wp:attachment":[{"href":"https:\/\/www.paudalho.pe.gov.br\/portal\/wp-json\/wp\/v2\/media?parent=899"}],"wp:term":[{"taxonomy":"category","embeddable":true,"href":"https:\/\/www.paudalho.pe.gov.br\/portal\/wp-json\/wp\/v2\/categories?post=899"},{"taxonomy":"post_tag","embeddable":true,"href":"https:\/\/www.paudalho.pe.gov.br\/portal\/wp-json\/wp\/v2\/tags?post=899"}],"curies":[{"name":"wp","href":"https:\/\/api.w.org\/{rel}","templated":true}]}}