{"id":8689,"date":"2019-10-23T16:17:31","date_gmt":"2019-10-23T19:17:31","guid":{"rendered":"https:\/\/www.paudalho.pe.gov.br\/portal\/?p=8689"},"modified":"2019-11-07T13:15:36","modified_gmt":"2019-11-07T16:15:36","slug":"musica-north-rising-metal-fest-sera-realizado-em-paudalho-nesta-sexta-25-e-sabado-26","status":"publish","type":"post","link":"https:\/\/www.paudalho.pe.gov.br\/portal\/musica-north-rising-metal-fest-sera-realizado-em-paudalho-nesta-sexta-25-e-sabado-26\/","title":{"rendered":"M\u00fasica: North Rising &#8211; Metal Fest ser\u00e1 realizado em Paudalho nesta sexta (25) e s\u00e1bado (26)"},"content":{"rendered":"\n<p>M\u00fasica e cultura. Com apoio da Prefeitura do Paudalho ser\u00e1 realizado na cidade a quarta edi\u00e7\u00e3o do North Rising &#8211; Metal Fest. A programa\u00e7\u00e3o ocorrer\u00e1 na pr\u00f3xima sexta-feira (25) e s\u00e1bado (26) no Sal\u00e3o de Festas do P\u00e1tio de Eventos Beira-Rio, no Centro do munic\u00edpio. O evento \u00e9 focado para amantes da chamada m\u00fasica pesada, que j\u00e1 conquistou f\u00e3s em Paudalho.<\/p>\n\n\n\n<p>No primeiro dia, o North Rising &#8211; Metal Fest ser\u00e1 dedicado a outras vertentes musicais e no segundo dedicado exclusivamente ao rocknroll e metal.<\/p>\n\n\n\n<h3 class=\"wp-block-heading\">Confira a programa\u00e7\u00e3o completa:&nbsp;<\/h3>\n\n\n\n<p><strong>Sexta-feira (25) \/ a partir das 19h<\/strong><\/p>\n\n\n\n<p>* Duelo do Beira-Rio &#8211; \u201cEdi\u00e7\u00e3o Especial\u201d<\/p>\n\n\n\n<p>* Marcelo Leon<\/p>\n\n\n\n<p>* Ticuqueiros<\/p>\n\n\n\n<p><strong>S\u00e1bado (26)\/ a partir das 18h<\/strong><\/p>\n\n\n\n<p>* Humberto\u2019s Trio<\/p>\n\n\n\n<p>* Phrygia<\/p>\n\n\n\n<p>* Implement<\/p>\n\n\n\n<p>* Trawma HC<\/p>\n","protected":false},"excerpt":{"rendered":"<p>M\u00fasica e cultura. Com apoio da Prefeitura do Paudalho ser\u00e1 realizado na cidade a quarta edi\u00e7\u00e3o do North Rising &#8211; Metal Fest. A programa\u00e7\u00e3o ocorrer\u00e1 na pr\u00f3xima sexta-feira (25) e s\u00e1bado (26) no Sal\u00e3o de Festas do P\u00e1tio de Eventos Beira-Rio, no Centro do munic\u00edpio. O evento \u00e9 focado para amantes da chamada m\u00fasica pesada, [&hellip;]<\/p>\n","protected":false},"author":4,"featured_media":8690,"comment_status":"open","ping_status":"open","sticky":false,"template":"","format":"standard","meta":{"_jetpack_newsletter_access":"","_jetpack_dont_email_post_to_subs":false,"_jetpack_newsletter_tier_id":0,"_jetpack_memberships_contains_paywalled_content":false,"_jetpack_memberships_contains_paid_content":false,"footnotes":""},"categories":[6],"tags":[222],"class_list":["post-8689","post","type-post","status-publish","format-standard","has-post-thumbnail","hentry","category-cultura","tag-musica"],"jetpack_featured_media_url":"https:\/\/www.paudalho.pe.gov.br\/portal\/wp-content\/uploads\/2019\/10\/25C6CAA7-D5EE-4972-AA06-53908904053D.jpeg","jetpack_sharing_enabled":true,"jetpack_shortlink":"https:\/\/wp.me\/p98mS2-2g9","_links":{"self":[{"href":"https:\/\/www.paudalho.pe.gov.br\/portal\/wp-json\/wp\/v2\/posts\/8689","targetHints":{"allow":["GET"]}}],"collection":[{"href":"https:\/\/www.paudalho.pe.gov.br\/portal\/wp-json\/wp\/v2\/posts"}],"about":[{"href":"https:\/\/www.paudalho.pe.gov.br\/portal\/wp-json\/wp\/v2\/types\/post"}],"author":[{"embeddable":true,"href":"https:\/\/www.paudalho.pe.gov.br\/portal\/wp-json\/wp\/v2\/users\/4"}],"replies":[{"embeddable":true,"href":"https:\/\/www.paudalho.pe.gov.br\/portal\/wp-json\/wp\/v2\/comments?post=8689"}],"version-history":[{"count":2,"href":"https:\/\/www.paudalho.pe.gov.br\/portal\/wp-json\/wp\/v2\/posts\/8689\/revisions"}],"predecessor-version":[{"id":8694,"href":"https:\/\/www.paudalho.pe.gov.br\/portal\/wp-json\/wp\/v2\/posts\/8689\/revisions\/8694"}],"wp:featuredmedia":[{"embeddable":true,"href":"https:\/\/www.paudalho.pe.gov.br\/portal\/wp-json\/wp\/v2\/media\/8690"}],"wp:attachment":[{"href":"https:\/\/www.paudalho.pe.gov.br\/portal\/wp-json\/wp\/v2\/media?parent=8689"}],"wp:term":[{"taxonomy":"category","embeddable":true,"href":"https:\/\/www.paudalho.pe.gov.br\/portal\/wp-json\/wp\/v2\/categories?post=8689"},{"taxonomy":"post_tag","embeddable":true,"href":"https:\/\/www.paudalho.pe.gov.br\/portal\/wp-json\/wp\/v2\/tags?post=8689"}],"curies":[{"name":"wp","href":"https:\/\/api.w.org\/{rel}","templated":true}]}}