{"id":8664,"date":"2019-10-22T12:31:00","date_gmt":"2019-10-22T15:31:00","guid":{"rendered":"https:\/\/www.paudalho.pe.gov.br\/portal\/?p=8664"},"modified":"2019-10-22T12:31:00","modified_gmt":"2019-10-22T15:31:00","slug":"celeiro-esportivo-paudalho-sedia-karate-fight-championship","status":"publish","type":"post","link":"https:\/\/www.paudalho.pe.gov.br\/portal\/celeiro-esportivo-paudalho-sedia-karate-fight-championship\/","title":{"rendered":"Celeiro esportivo, Paudalho sedia Karat\u00ea Fight Championship"},"content":{"rendered":"\n<p>A Prefeitura do Paudalho por meio da Secretaria de Esportes Juventude, Lazer e Desenvolvimento Econ\u00f4mico realizou no \u00faltimo domingo (20) o campeonato Karat\u00ea Fight Championship que ocorreu na Quadra Coberta, que fica no Centro da cidade.\u00a0<\/p>\n\n\n\n<p>A competi\u00e7\u00e3o comp\u00f5e os eventos do ranking da Federa\u00e7\u00e3o Pernambuco de Karat\u00ea Shotokan e reuniu aproximadamente 150 atletas divididos em seis categorias, tanto no masculino quanto no feminino, em duas modalidades, que s\u00e3o: o kata (que \u00e9 a apresenta\u00e7\u00e3o de uma luta imagin\u00e1ria) e o kumite (que \u00e9 o combate). O Campeonato tem objetivo de propagar o esporte e os benef\u00edcios encontrados em sua pr\u00e1tica.\u00a0<br><\/p>\n\n\n\n<h3 class=\"wp-block-heading\">Quando surgiu?<\/h3>\n\n\n\n<p>A palavra Karat\u00ea&nbsp; \u00e9 de origem japonesa, e significa &#8220;m\u00e3os vazias&#8221;. Kara = vazio \/ T\u00ea = m\u00e3o. A modalidade surgiu no s\u00e9culo XVIII em Okinawa, Sul do Jap\u00e3o, \u00e9poca em que as armas eram proibidas naquela regi\u00e3o e por isso fez com que muitas na\u00e7\u00f5es praticassem as artes marciais desarmadas.<br><\/p>\n","protected":false},"excerpt":{"rendered":"<p>A Prefeitura do Paudalho por meio da Secretaria de Esportes Juventude, Lazer e Desenvolvimento Econ\u00f4mico realizou no \u00faltimo domingo (20) o campeonato Karat\u00ea Fight Championship que ocorreu na Quadra Coberta, que fica no Centro da cidade.\u00a0 A competi\u00e7\u00e3o comp\u00f5e os eventos do ranking da Federa\u00e7\u00e3o Pernambuco de Karat\u00ea Shotokan e reuniu aproximadamente 150 atletas divididos [&hellip;]<\/p>\n","protected":false},"author":4,"featured_media":8665,"comment_status":"open","ping_status":"open","sticky":false,"template":"","format":"standard","meta":{"_jetpack_newsletter_access":"","_jetpack_dont_email_post_to_subs":false,"_jetpack_newsletter_tier_id":0,"_jetpack_memberships_contains_paywalled_content":false,"_jetpack_memberships_contains_paid_content":false,"footnotes":""},"categories":[2,7,1],"tags":[121,556,14],"class_list":["post-8664","post","type-post","status-publish","format-standard","has-post-thumbnail","hentry","category-destaque","category-esportes","category-noticias","tag-esporte","tag-karate-fight-championship","tag-paudalho"],"jetpack_featured_media_url":"https:\/\/www.paudalho.pe.gov.br\/portal\/wp-content\/uploads\/2019\/10\/d070cd0c-2647-471d-8fa1-19b6ee0d8cc6.jpg","jetpack_sharing_enabled":true,"jetpack_shortlink":"https:\/\/wp.me\/p98mS2-2fK","_links":{"self":[{"href":"https:\/\/www.paudalho.pe.gov.br\/portal\/wp-json\/wp\/v2\/posts\/8664","targetHints":{"allow":["GET"]}}],"collection":[{"href":"https:\/\/www.paudalho.pe.gov.br\/portal\/wp-json\/wp\/v2\/posts"}],"about":[{"href":"https:\/\/www.paudalho.pe.gov.br\/portal\/wp-json\/wp\/v2\/types\/post"}],"author":[{"embeddable":true,"href":"https:\/\/www.paudalho.pe.gov.br\/portal\/wp-json\/wp\/v2\/users\/4"}],"replies":[{"embeddable":true,"href":"https:\/\/www.paudalho.pe.gov.br\/portal\/wp-json\/wp\/v2\/comments?post=8664"}],"version-history":[{"count":1,"href":"https:\/\/www.paudalho.pe.gov.br\/portal\/wp-json\/wp\/v2\/posts\/8664\/revisions"}],"predecessor-version":[{"id":8666,"href":"https:\/\/www.paudalho.pe.gov.br\/portal\/wp-json\/wp\/v2\/posts\/8664\/revisions\/8666"}],"wp:featuredmedia":[{"embeddable":true,"href":"https:\/\/www.paudalho.pe.gov.br\/portal\/wp-json\/wp\/v2\/media\/8665"}],"wp:attachment":[{"href":"https:\/\/www.paudalho.pe.gov.br\/portal\/wp-json\/wp\/v2\/media?parent=8664"}],"wp:term":[{"taxonomy":"category","embeddable":true,"href":"https:\/\/www.paudalho.pe.gov.br\/portal\/wp-json\/wp\/v2\/categories?post=8664"},{"taxonomy":"post_tag","embeddable":true,"href":"https:\/\/www.paudalho.pe.gov.br\/portal\/wp-json\/wp\/v2\/tags?post=8664"}],"curies":[{"name":"wp","href":"https:\/\/api.w.org\/{rel}","templated":true}]}}