{"id":8616,"date":"2019-10-18T13:50:07","date_gmt":"2019-10-18T16:50:07","guid":{"rendered":"https:\/\/www.paudalho.pe.gov.br\/portal\/?p=8616"},"modified":"2019-10-18T14:49:20","modified_gmt":"2019-10-18T17:49:20","slug":"prefeitura-divulga-convocacao-para-ultima-etapa-da-selecao-publica-da-saude","status":"publish","type":"post","link":"https:\/\/www.paudalho.pe.gov.br\/portal\/prefeitura-divulga-convocacao-para-ultima-etapa-da-selecao-publica-da-saude\/","title":{"rendered":"Prefeitura divulga convoca\u00e7\u00e3o para \u00faltima etapa da Sele\u00e7\u00e3o P\u00fablica da Sa\u00fade"},"content":{"rendered":"\n<p>A Prefeitura do Paudalho por meio da Secretaria de Sa\u00fade divulgou nesta sexta-feira (18) a convoca\u00e7\u00e3o dos candidatos para os cargos de agente comunit\u00e1rio de sa\u00fade e agentes de combate \u00e0 endemias para realiza\u00e7\u00e3o do curso de forma\u00e7\u00e3o inicial e continuada das vagas remanescentes.<\/p>\n\n\n\n<div class=\"wp-block-file\"><a href=\"https:\/\/www.paudalho.pe.gov.br\/portal\/wp-content\/uploads\/2019\/10\/EDITAL-CONVOCA\u00c3_\u00c3_O-CANDIDATOS-PARA-PARTICIPAREM-DO-CURSO-QUALIFICA\u00c3_\u00c3_O-B\u00c3_SICA-1.pdf\">Confira o edital aqui!<\/a><a href=\"https:\/\/www.paudalho.pe.gov.br\/portal\/wp-content\/uploads\/2019\/10\/EDITAL-CONVOCA\u00c3_\u00c3_O-CANDIDATOS-PARA-PARTICIPAREM-DO-CURSO-QUALIFICA\u00c3_\u00c3_O-B\u00c3_SICA-1.pdf\" class=\"wp-block-file__button\" download>Baixar<\/a><\/div>\n\n\n\n<p><\/p>\n","protected":false},"excerpt":{"rendered":"<p>A Prefeitura do Paudalho por meio da Secretaria de Sa\u00fade divulgou nesta sexta-feira (18) a convoca\u00e7\u00e3o dos candidatos para os cargos de agente comunit\u00e1rio de sa\u00fade e agentes de combate \u00e0 endemias para realiza\u00e7\u00e3o do curso de forma\u00e7\u00e3o inicial e continuada das vagas remanescentes.<\/p>\n","protected":false},"author":4,"featured_media":8235,"comment_status":"open","ping_status":"open","sticky":false,"template":"","format":"standard","meta":{"_jetpack_newsletter_access":"","_jetpack_dont_email_post_to_subs":false,"_jetpack_newsletter_tier_id":0,"_jetpack_memberships_contains_paywalled_content":false,"_jetpack_memberships_contains_paid_content":false,"footnotes":""},"categories":[2,1,3],"tags":[16,168,485],"class_list":["post-8616","post","type-post","status-publish","format-standard","has-post-thumbnail","hentry","category-destaque","category-noticias","category-saude","tag-saude","tag-secretaria-de-saude","tag-selecao-publica"],"jetpack_featured_media_url":"https:\/\/www.paudalho.pe.gov.br\/portal\/wp-content\/uploads\/2019\/09\/maos-escrevendo-em-um-papel_1421-715.jpg","jetpack_sharing_enabled":true,"jetpack_shortlink":"https:\/\/wp.me\/p98mS2-2eY","_links":{"self":[{"href":"https:\/\/www.paudalho.pe.gov.br\/portal\/wp-json\/wp\/v2\/posts\/8616","targetHints":{"allow":["GET"]}}],"collection":[{"href":"https:\/\/www.paudalho.pe.gov.br\/portal\/wp-json\/wp\/v2\/posts"}],"about":[{"href":"https:\/\/www.paudalho.pe.gov.br\/portal\/wp-json\/wp\/v2\/types\/post"}],"author":[{"embeddable":true,"href":"https:\/\/www.paudalho.pe.gov.br\/portal\/wp-json\/wp\/v2\/users\/4"}],"replies":[{"embeddable":true,"href":"https:\/\/www.paudalho.pe.gov.br\/portal\/wp-json\/wp\/v2\/comments?post=8616"}],"version-history":[{"count":2,"href":"https:\/\/www.paudalho.pe.gov.br\/portal\/wp-json\/wp\/v2\/posts\/8616\/revisions"}],"predecessor-version":[{"id":8622,"href":"https:\/\/www.paudalho.pe.gov.br\/portal\/wp-json\/wp\/v2\/posts\/8616\/revisions\/8622"}],"wp:featuredmedia":[{"embeddable":true,"href":"https:\/\/www.paudalho.pe.gov.br\/portal\/wp-json\/wp\/v2\/media\/8235"}],"wp:attachment":[{"href":"https:\/\/www.paudalho.pe.gov.br\/portal\/wp-json\/wp\/v2\/media?parent=8616"}],"wp:term":[{"taxonomy":"category","embeddable":true,"href":"https:\/\/www.paudalho.pe.gov.br\/portal\/wp-json\/wp\/v2\/categories?post=8616"},{"taxonomy":"post_tag","embeddable":true,"href":"https:\/\/www.paudalho.pe.gov.br\/portal\/wp-json\/wp\/v2\/tags?post=8616"}],"curies":[{"name":"wp","href":"https:\/\/api.w.org\/{rel}","templated":true}]}}