{"id":8607,"date":"2019-10-18T11:30:14","date_gmt":"2019-10-18T14:30:14","guid":{"rendered":"https:\/\/www.paudalho.pe.gov.br\/portal\/?p=8607"},"modified":"2019-10-18T15:05:15","modified_gmt":"2019-10-18T18:05:15","slug":"prefeitura-levara-parque-de-diversao-para-criancas-de-comunidades-afastadas-do-centro-da-cidade","status":"publish","type":"post","link":"https:\/\/www.paudalho.pe.gov.br\/portal\/prefeitura-levara-parque-de-diversao-para-criancas-de-comunidades-afastadas-do-centro-da-cidade\/","title":{"rendered":"Prefeitura levar\u00e1 parque de divers\u00e3o para crian\u00e7as de comunidades afastadas do Centro da cidade"},"content":{"rendered":"\n<p>Divers\u00e3o para toda a garotada. No m\u00eas dedicado \u00e0s crian\u00e7as, a Prefeitura do Paudalho vem realizando programa\u00e7\u00f5es para os pequenos. Ap\u00f3s o grande sucesso da <a href=\"https:\/\/www.paudalho.pe.gov.br\/portal\/semana-da-crianca-encanta-e-oferta-diversao-para-garotada-de-paudalho\/\">Semana da Crian\u00e7a <\/a>que ocorreu no Centro da cidade, a Prefeitura vai levar o parque de divers\u00e3o gratuito para comunidades mais afastadas.<\/p>\n\n\n\n<p>O parque ficar\u00e1 neste s\u00e1bado (19) e no domingo (20) em Guadalajara, ao lado da Academia da Sa\u00fade (das 8h \u00e0s 11 e das 14h \u00e0s 18h) e em Ch\u00e3 de Cruz, ao lado da Igreja Cat\u00f3lica (das 8h \u00e0s 11h e das 14h \u00e0s 17h). \u201c<em>N\u00f3s ficamos muito felizes com o sucesso da Semana da Crian\u00e7a e agora vamos levar o parque e as atividades para outras comunidades mais afastadas. Nosso objetivo \u00e9 proporcionar divers\u00e3o e alegria para nossa garotada\u201d, <\/em>disse o prefeito Marcelo Gouveia.<\/p>\n\n\n\n<figure class=\"wp-block-image\"><img loading=\"lazy\" decoding=\"async\" width=\"1280\" height=\"1279\" data-attachment-id=\"8624\" data-permalink=\"https:\/\/www.paudalho.pe.gov.br\/portal\/prefeitura-levara-parque-de-diversao-para-criancas-de-comunidades-afastadas-do-centro-da-cidade\/5c15dc21-d296-4527-9dfc-3a3d5b73cda5\/\" data-orig-file=\"https:\/\/www.paudalho.pe.gov.br\/portal\/wp-content\/uploads\/2019\/10\/5C15DC21-D296-4527-9DFC-3A3D5B73CDA5.jpeg\" data-orig-size=\"1280,1279\" data-comments-opened=\"1\" data-image-meta=\"{&quot;aperture&quot;:&quot;0&quot;,&quot;credit&quot;:&quot;&quot;,&quot;camera&quot;:&quot;&quot;,&quot;caption&quot;:&quot;&quot;,&quot;created_timestamp&quot;:&quot;0&quot;,&quot;copyright&quot;:&quot;&quot;,&quot;focal_length&quot;:&quot;0&quot;,&quot;iso&quot;:&quot;0&quot;,&quot;shutter_speed&quot;:&quot;0&quot;,&quot;title&quot;:&quot;&quot;,&quot;orientation&quot;:&quot;0&quot;}\" data-image-title=\"5C15DC21-D296-4527-9DFC-3A3D5B73CDA5\" data-image-description=\"\" data-image-caption=\"\" data-medium-file=\"https:\/\/www.paudalho.pe.gov.br\/portal\/wp-content\/uploads\/2019\/10\/5C15DC21-D296-4527-9DFC-3A3D5B73CDA5-350x230.jpeg\" data-large-file=\"https:\/\/www.paudalho.pe.gov.br\/portal\/wp-content\/uploads\/2019\/10\/5C15DC21-D296-4527-9DFC-3A3D5B73CDA5-800x450.jpeg\" src=\"https:\/\/i0.wp.com\/www.paudalho.pe.gov.br\/portal\/wp-content\/uploads\/2019\/10\/5C15DC21-D296-4527-9DFC-3A3D5B73CDA5.jpeg?resize=800%2C450&amp;ssl=1\" alt=\"\" class=\"wp-image-8624\" srcset=\"https:\/\/www.paudalho.pe.gov.br\/portal\/wp-content\/uploads\/2019\/10\/5C15DC21-D296-4527-9DFC-3A3D5B73CDA5.jpeg 1280w, https:\/\/www.paudalho.pe.gov.br\/portal\/wp-content\/uploads\/2019\/10\/5C15DC21-D296-4527-9DFC-3A3D5B73CDA5-768x767.jpeg 768w\" sizes=\"auto, (max-width: 1280px) 100vw, 1280px\" \/><\/figure>\n\n\n\n<figure class=\"wp-block-image\"><img loading=\"lazy\" decoding=\"async\" width=\"1280\" height=\"1279\" data-attachment-id=\"8625\" data-permalink=\"https:\/\/www.paudalho.pe.gov.br\/portal\/prefeitura-levara-parque-de-diversao-para-criancas-de-comunidades-afastadas-do-centro-da-cidade\/472d7349-aa6b-4672-af2a-75de20345726\/\" data-orig-file=\"https:\/\/www.paudalho.pe.gov.br\/portal\/wp-content\/uploads\/2019\/10\/472D7349-AA6B-4672-AF2A-75DE20345726.jpeg\" data-orig-size=\"1280,1279\" data-comments-opened=\"1\" data-image-meta=\"{&quot;aperture&quot;:&quot;0&quot;,&quot;credit&quot;:&quot;&quot;,&quot;camera&quot;:&quot;&quot;,&quot;caption&quot;:&quot;&quot;,&quot;created_timestamp&quot;:&quot;0&quot;,&quot;copyright&quot;:&quot;&quot;,&quot;focal_length&quot;:&quot;0&quot;,&quot;iso&quot;:&quot;0&quot;,&quot;shutter_speed&quot;:&quot;0&quot;,&quot;title&quot;:&quot;&quot;,&quot;orientation&quot;:&quot;0&quot;}\" data-image-title=\"472D7349-AA6B-4672-AF2A-75DE20345726\" data-image-description=\"\" data-image-caption=\"\" data-medium-file=\"https:\/\/www.paudalho.pe.gov.br\/portal\/wp-content\/uploads\/2019\/10\/472D7349-AA6B-4672-AF2A-75DE20345726-350x230.jpeg\" data-large-file=\"https:\/\/www.paudalho.pe.gov.br\/portal\/wp-content\/uploads\/2019\/10\/472D7349-AA6B-4672-AF2A-75DE20345726-800x450.jpeg\" src=\"https:\/\/i1.wp.com\/www.paudalho.pe.gov.br\/portal\/wp-content\/uploads\/2019\/10\/472D7349-AA6B-4672-AF2A-75DE20345726.jpeg?resize=800%2C450&amp;ssl=1\" alt=\"\" class=\"wp-image-8625\" srcset=\"https:\/\/www.paudalho.pe.gov.br\/portal\/wp-content\/uploads\/2019\/10\/472D7349-AA6B-4672-AF2A-75DE20345726.jpeg 1280w, https:\/\/www.paudalho.pe.gov.br\/portal\/wp-content\/uploads\/2019\/10\/472D7349-AA6B-4672-AF2A-75DE20345726-768x767.jpeg 768w\" sizes=\"auto, (max-width: 1280px) 100vw, 1280px\" \/><\/figure>\n","protected":false},"excerpt":{"rendered":"<p>Divers\u00e3o para toda a garotada. No m\u00eas dedicado \u00e0s crian\u00e7as, a Prefeitura do Paudalho vem realizando programa\u00e7\u00f5es para os pequenos. Ap\u00f3s o grande sucesso da Semana da Crian\u00e7a que ocorreu no Centro da cidade, a Prefeitura vai levar o parque de divers\u00e3o gratuito para comunidades mais afastadas. O parque ficar\u00e1 neste s\u00e1bado (19) e no [&hellip;]<\/p>\n","protected":false},"author":4,"featured_media":8530,"comment_status":"open","ping_status":"open","sticky":false,"template":"","format":"standard","meta":{"_jetpack_newsletter_access":"","_jetpack_dont_email_post_to_subs":false,"_jetpack_newsletter_tier_id":0,"_jetpack_memberships_contains_paywalled_content":false,"_jetpack_memberships_contains_paid_content":false,"footnotes":""},"categories":[2,1],"tags":[162,163],"class_list":["post-8607","post","type-post","status-publish","format-standard","has-post-thumbnail","hentry","category-destaque","category-noticias","tag-dia-das-criancas-semana-da-crianca","tag-semana-da-crianca"],"jetpack_featured_media_url":"https:\/\/www.paudalho.pe.gov.br\/portal\/wp-content\/uploads\/2019\/10\/A70A9604-772F-400C-8637-CD1ECD6DCECA.jpeg","jetpack_sharing_enabled":true,"jetpack_shortlink":"https:\/\/wp.me\/p98mS2-2eP","_links":{"self":[{"href":"https:\/\/www.paudalho.pe.gov.br\/portal\/wp-json\/wp\/v2\/posts\/8607","targetHints":{"allow":["GET"]}}],"collection":[{"href":"https:\/\/www.paudalho.pe.gov.br\/portal\/wp-json\/wp\/v2\/posts"}],"about":[{"href":"https:\/\/www.paudalho.pe.gov.br\/portal\/wp-json\/wp\/v2\/types\/post"}],"author":[{"embeddable":true,"href":"https:\/\/www.paudalho.pe.gov.br\/portal\/wp-json\/wp\/v2\/users\/4"}],"replies":[{"embeddable":true,"href":"https:\/\/www.paudalho.pe.gov.br\/portal\/wp-json\/wp\/v2\/comments?post=8607"}],"version-history":[{"count":6,"href":"https:\/\/www.paudalho.pe.gov.br\/portal\/wp-json\/wp\/v2\/posts\/8607\/revisions"}],"predecessor-version":[{"id":8626,"href":"https:\/\/www.paudalho.pe.gov.br\/portal\/wp-json\/wp\/v2\/posts\/8607\/revisions\/8626"}],"wp:featuredmedia":[{"embeddable":true,"href":"https:\/\/www.paudalho.pe.gov.br\/portal\/wp-json\/wp\/v2\/media\/8530"}],"wp:attachment":[{"href":"https:\/\/www.paudalho.pe.gov.br\/portal\/wp-json\/wp\/v2\/media?parent=8607"}],"wp:term":[{"taxonomy":"category","embeddable":true,"href":"https:\/\/www.paudalho.pe.gov.br\/portal\/wp-json\/wp\/v2\/categories?post=8607"},{"taxonomy":"post_tag","embeddable":true,"href":"https:\/\/www.paudalho.pe.gov.br\/portal\/wp-json\/wp\/v2\/tags?post=8607"}],"curies":[{"name":"wp","href":"https:\/\/api.w.org\/{rel}","templated":true}]}}