{"id":8289,"date":"2019-09-26T03:03:16","date_gmt":"2019-09-26T06:03:16","guid":{"rendered":"https:\/\/www.paudalho.pe.gov.br\/portal\/?p=8289"},"modified":"2019-10-02T11:00:33","modified_gmt":"2019-10-02T14:00:33","slug":"eleicao-unificada-para-o-conselho-tutelar-ocorrera-em-6-de-outubro","status":"publish","type":"post","link":"https:\/\/www.paudalho.pe.gov.br\/portal\/eleicao-unificada-para-o-conselho-tutelar-ocorrera-em-6-de-outubro\/","title":{"rendered":"Elei\u00e7\u00e3o Unificada para o Conselho Tutelar ocorrer\u00e1 em 6 de outubro"},"content":{"rendered":"\n<p>A Prefeitura do Paudalho por meio do Conselho Municipal de Defesa dos Direitos da Crian\u00e7a e do Adolescente (COMDICA)&nbsp;realizar\u00e1 no domingo, dia seis de outubro, a<strong> Elei\u00e7\u00e3o Unificada para o Conselho Tutelar<\/strong> do munic\u00edpio. No momento os eleitores poder\u00e3o votar em at\u00e9 cinco candidatos. O votante deve comparecer aos locais separados para o processo de vota\u00e7\u00e3o portando T\u00edtulo de Eleitor e documento de identifica\u00e7\u00e3o.<\/p>\n\n\n\n<p><strong><a href=\"https:\/\/docs.google.com\/file\/d\/1BHfyccBFCynTc0Ou1NmStbz_G143wnkt\/edit?usp=docslist_api&amp;filetype=msword\">Confira os locais de vota\u00e7\u00e3o aqui!<\/a><\/strong><\/p>\n\n\n\n<h3 class=\"wp-block-heading\">Conselho Tutelar<\/h3>\n\n\n\n<p>&nbsp;O trabalho da equipe ser\u00e1 fiscalizado pelo\nMinist\u00e9rio P\u00fablico de Pernambuco. O Conselho Tutelar \u00e9 um \u00f3rg\u00e3o permanente e\naut\u00f4nomo, n\u00e3o jurisdicional, encarregado pela sociedade de zelar pelo\ncumprimento dos direitos da crian\u00e7a e do adolescente. &nbsp;O trabalho da\nequipe ser\u00e1 fiscalizado pelo Minist\u00e9rio P\u00fablico de Pernambuco. O Conselho\nTutelar \u00e9 um \u00f3rg\u00e3o permanente e aut\u00f4nomo, n\u00e3o jurisdicional, encarregado pela\nsociedade de zelar pelo cumprimento dos direitos da crian\u00e7a e do adolescente.<\/p>\n\n\n<p><!--EndFragment--><\/p>","protected":false},"excerpt":{"rendered":"<p>A Prefeitura do Paudalho por meio do Conselho Municipal de Defesa dos Direitos da Crian\u00e7a e do Adolescente (COMDICA)&nbsp;realizar\u00e1 no domingo, dia seis de outubro, a Elei\u00e7\u00e3o Unificada para o Conselho Tutelar do munic\u00edpio. No momento os eleitores poder\u00e3o votar em at\u00e9 cinco candidatos. O votante deve comparecer aos locais separados para o processo de [&hellip;]<\/p>\n","protected":false},"author":4,"featured_media":7847,"comment_status":"open","ping_status":"open","sticky":false,"template":"","format":"standard","meta":{"_jetpack_newsletter_access":"","_jetpack_dont_email_post_to_subs":false,"_jetpack_newsletter_tier_id":0,"_jetpack_memberships_contains_paywalled_content":false,"_jetpack_memberships_contains_paid_content":false,"footnotes":""},"categories":[2,1],"tags":[487,481,495],"class_list":["post-8289","post","type-post","status-publish","format-standard","has-post-thumbnail","hentry","category-destaque","category-noticias","tag-conselho-tutelar","tag-eleicao","tag-eleicao-conselho-tutelar"],"jetpack_featured_media_url":"https:\/\/www.paudalho.pe.gov.br\/portal\/wp-content\/uploads\/2019\/08\/child-917366_960_720.jpg","jetpack_sharing_enabled":true,"jetpack_shortlink":"https:\/\/wp.me\/p98mS2-29H","_links":{"self":[{"href":"https:\/\/www.paudalho.pe.gov.br\/portal\/wp-json\/wp\/v2\/posts\/8289","targetHints":{"allow":["GET"]}}],"collection":[{"href":"https:\/\/www.paudalho.pe.gov.br\/portal\/wp-json\/wp\/v2\/posts"}],"about":[{"href":"https:\/\/www.paudalho.pe.gov.br\/portal\/wp-json\/wp\/v2\/types\/post"}],"author":[{"embeddable":true,"href":"https:\/\/www.paudalho.pe.gov.br\/portal\/wp-json\/wp\/v2\/users\/4"}],"replies":[{"embeddable":true,"href":"https:\/\/www.paudalho.pe.gov.br\/portal\/wp-json\/wp\/v2\/comments?post=8289"}],"version-history":[{"count":8,"href":"https:\/\/www.paudalho.pe.gov.br\/portal\/wp-json\/wp\/v2\/posts\/8289\/revisions"}],"predecessor-version":[{"id":8441,"href":"https:\/\/www.paudalho.pe.gov.br\/portal\/wp-json\/wp\/v2\/posts\/8289\/revisions\/8441"}],"wp:featuredmedia":[{"embeddable":true,"href":"https:\/\/www.paudalho.pe.gov.br\/portal\/wp-json\/wp\/v2\/media\/7847"}],"wp:attachment":[{"href":"https:\/\/www.paudalho.pe.gov.br\/portal\/wp-json\/wp\/v2\/media?parent=8289"}],"wp:term":[{"taxonomy":"category","embeddable":true,"href":"https:\/\/www.paudalho.pe.gov.br\/portal\/wp-json\/wp\/v2\/categories?post=8289"},{"taxonomy":"post_tag","embeddable":true,"href":"https:\/\/www.paudalho.pe.gov.br\/portal\/wp-json\/wp\/v2\/tags?post=8289"}],"curies":[{"name":"wp","href":"https:\/\/api.w.org\/{rel}","templated":true}]}}