{"id":8230,"date":"2019-09-19T13:34:28","date_gmt":"2019-09-19T16:34:28","guid":{"rendered":"https:\/\/www.paudalho.pe.gov.br\/portal\/?p=8230"},"modified":"2019-09-19T13:36:03","modified_gmt":"2019-09-19T16:36:03","slug":"divulgada-previsao-de-convocacao-para-curso-de-formacao-inicial-da-selecao-publica-da-saude","status":"publish","type":"post","link":"https:\/\/www.paudalho.pe.gov.br\/portal\/divulgada-previsao-de-convocacao-para-curso-de-formacao-inicial-da-selecao-publica-da-saude\/","title":{"rendered":"Divulgada previs\u00e3o de convoca\u00e7\u00e3o para Curso de Forma\u00e7\u00e3o Inicial da Sele\u00e7\u00e3o P\u00fablica da Sa\u00fade"},"content":{"rendered":"\n<p>A Prefeitura do Paudalho por meio da Secretaria de Sa\u00fade divulgou nesta quarta-feira  (18) a previs\u00e3o de convoca\u00e7\u00e3o para Curso de Forma\u00e7\u00e3o Inicial  dos candidatos aos cargos de agente comunit\u00e1rio de sa\u00fade e agentes de combate \u00e0 endemias.<\/p>\n\n\n\n<div class=\"wp-block-file\"><a href=\"https:\/\/www.paudalho.pe.gov.br\/portal\/wp-content\/uploads\/2019\/09\/EDITAL-DE-CONVOCA\u00c7\u00c3O-PARA-O-CURSO-FORMA\u00c7\u00c3O-ACS-E-ACE.pdf\">Confira aqui o edital!<\/a><a href=\"https:\/\/www.paudalho.pe.gov.br\/portal\/wp-content\/uploads\/2019\/09\/EDITAL-DE-CONVOCA\u00c7\u00c3O-PARA-O-CURSO-FORMA\u00c7\u00c3O-ACS-E-ACE.pdf\" class=\"wp-block-file__button\" download>Baixar<\/a><\/div>\n\n\n\n<h3 class=\"wp-block-heading\">As vagas<\/h3>\n\n\n\n<p>Na a\u00e7\u00e3o foram disponibilizadas 19 vagas, sendo 14 para agentes comunit\u00e1rios de sa\u00fade (ACS) e cinco para agente de combate \u00e0s endemias (ACE) para o quadro permanente da Secretaria de Sa\u00fade. Foi exigido o n\u00edvel de escolaridade do ensino m\u00e9dio completo.<\/p>\n","protected":false},"excerpt":{"rendered":"<p>A Prefeitura do Paudalho por meio da Secretaria de Sa\u00fade divulgou nesta quarta-feira (18) a previs\u00e3o de convoca\u00e7\u00e3o para Curso de Forma\u00e7\u00e3o Inicial dos candidatos aos cargos de agente comunit\u00e1rio de sa\u00fade e agentes de combate \u00e0 endemias. As vagas Na a\u00e7\u00e3o foram disponibilizadas 19 vagas, sendo 14 para agentes comunit\u00e1rios de sa\u00fade (ACS) e [&hellip;]<\/p>\n","protected":false},"author":4,"featured_media":8237,"comment_status":"open","ping_status":"open","sticky":false,"template":"","format":"standard","meta":{"_jetpack_newsletter_access":"","_jetpack_dont_email_post_to_subs":false,"_jetpack_newsletter_tier_id":0,"_jetpack_memberships_contains_paywalled_content":false,"_jetpack_memberships_contains_paid_content":false,"footnotes":""},"categories":[2,520,1],"tags":[16,485],"class_list":["post-8230","post","type-post","status-publish","format-standard","has-post-thumbnail","hentry","category-destaque","category-educacao-2","category-noticias","tag-saude","tag-selecao-publica"],"jetpack_featured_media_url":"https:\/\/www.paudalho.pe.gov.br\/portal\/wp-content\/uploads\/2019\/09\/maos-escrevendo-diario.jpg","jetpack_sharing_enabled":true,"jetpack_shortlink":"https:\/\/wp.me\/p98mS2-28K","_links":{"self":[{"href":"https:\/\/www.paudalho.pe.gov.br\/portal\/wp-json\/wp\/v2\/posts\/8230","targetHints":{"allow":["GET"]}}],"collection":[{"href":"https:\/\/www.paudalho.pe.gov.br\/portal\/wp-json\/wp\/v2\/posts"}],"about":[{"href":"https:\/\/www.paudalho.pe.gov.br\/portal\/wp-json\/wp\/v2\/types\/post"}],"author":[{"embeddable":true,"href":"https:\/\/www.paudalho.pe.gov.br\/portal\/wp-json\/wp\/v2\/users\/4"}],"replies":[{"embeddable":true,"href":"https:\/\/www.paudalho.pe.gov.br\/portal\/wp-json\/wp\/v2\/comments?post=8230"}],"version-history":[{"count":3,"href":"https:\/\/www.paudalho.pe.gov.br\/portal\/wp-json\/wp\/v2\/posts\/8230\/revisions"}],"predecessor-version":[{"id":8238,"href":"https:\/\/www.paudalho.pe.gov.br\/portal\/wp-json\/wp\/v2\/posts\/8230\/revisions\/8238"}],"wp:featuredmedia":[{"embeddable":true,"href":"https:\/\/www.paudalho.pe.gov.br\/portal\/wp-json\/wp\/v2\/media\/8237"}],"wp:attachment":[{"href":"https:\/\/www.paudalho.pe.gov.br\/portal\/wp-json\/wp\/v2\/media?parent=8230"}],"wp:term":[{"taxonomy":"category","embeddable":true,"href":"https:\/\/www.paudalho.pe.gov.br\/portal\/wp-json\/wp\/v2\/categories?post=8230"},{"taxonomy":"post_tag","embeddable":true,"href":"https:\/\/www.paudalho.pe.gov.br\/portal\/wp-json\/wp\/v2\/tags?post=8230"}],"curies":[{"name":"wp","href":"https:\/\/api.w.org\/{rel}","templated":true}]}}