{"id":8222,"date":"2019-09-19T12:48:26","date_gmt":"2019-09-19T15:48:26","guid":{"rendered":"https:\/\/www.paudalho.pe.gov.br\/portal\/?p=8222"},"modified":"2019-09-19T18:41:02","modified_gmt":"2019-09-19T21:41:02","slug":"prefeitura-realiza-conferencias-municipais-de-defesa-dos-direitos-da-pessoa-com-deficiencia-e-da-mulher","status":"publish","type":"post","link":"https:\/\/www.paudalho.pe.gov.br\/portal\/prefeitura-realiza-conferencias-municipais-de-defesa-dos-direitos-da-pessoa-com-deficiencia-e-da-mulher\/","title":{"rendered":"Prefeitura realiza Confer\u00eancias Municipais de Defesa dos Direitos da Pessoa com Defici\u00eancia e da Mulher"},"content":{"rendered":"\n<p>A Prefeitura do Paudalho por meio da Secretaria de Desenvolvimento e Assist\u00eancia Social e a Coordenadoria da Mulher realizou nesta quinta-feira (19) as Confer\u00eancias Municipais de Defesa dos Direitos da Pessoa com Defici\u00eancia e da Mulher. Os eventos ocorrem no Sal\u00e3o Paroquial e em seu anexo, que ficam no Centro da cidade. No momento foram discutidas pol\u00edticas p\u00fablicas que ser\u00e3o encaminhadas ao Estado e em seguida ao Governo Federal. <\/p>\n\n\n\n<p>Rom\u00e1rio de Oliveira, de 25 anos, participou do momento e comentou sobre a import\u00e2ncia dele para promover a conscientiza\u00e7\u00e3o no munic\u00edpio. <em>&#8220;\u00c9 muito importante porque as pessoas come\u00e7am a compreender melhor e a gente tamb\u00e9m pode participar da constru\u00e7\u00e3o das pol\u00edticas p\u00fablicas&#8221;<\/em>, disse. <\/p>\n\n\n\n<figure class=\"wp-block-image\"><img loading=\"lazy\" decoding=\"async\" width=\"960\" height=\"1280\" data-attachment-id=\"8225\" data-permalink=\"https:\/\/www.paudalho.pe.gov.br\/portal\/prefeitura-realiza-conferencias-municipais-de-defesa-dos-direitos-da-pessoa-com-deficiencia-e-da-mulher\/389fd6ac-1d97-4b47-b366-b99282c28a36\/\" data-orig-file=\"https:\/\/www.paudalho.pe.gov.br\/portal\/wp-content\/uploads\/2019\/09\/389fd6ac-1d97-4b47-b366-b99282c28a36.jpg\" data-orig-size=\"960,1280\" data-comments-opened=\"1\" data-image-meta=\"{&quot;aperture&quot;:&quot;0&quot;,&quot;credit&quot;:&quot;&quot;,&quot;camera&quot;:&quot;&quot;,&quot;caption&quot;:&quot;&quot;,&quot;created_timestamp&quot;:&quot;0&quot;,&quot;copyright&quot;:&quot;&quot;,&quot;focal_length&quot;:&quot;0&quot;,&quot;iso&quot;:&quot;0&quot;,&quot;shutter_speed&quot;:&quot;0&quot;,&quot;title&quot;:&quot;&quot;,&quot;orientation&quot;:&quot;0&quot;}\" data-image-title=\"389fd6ac-1d97-4b47-b366-b99282c28a36\" data-image-description=\"\" data-image-caption=\"\" data-medium-file=\"https:\/\/www.paudalho.pe.gov.br\/portal\/wp-content\/uploads\/2019\/09\/389fd6ac-1d97-4b47-b366-b99282c28a36-350x230.jpg\" data-large-file=\"https:\/\/www.paudalho.pe.gov.br\/portal\/wp-content\/uploads\/2019\/09\/389fd6ac-1d97-4b47-b366-b99282c28a36-800x450.jpg\" src=\"https:\/\/www.paudalho.pe.gov.br\/portal\/wp-content\/uploads\/2019\/09\/389fd6ac-1d97-4b47-b366-b99282c28a36.jpg\" alt=\"\" class=\"wp-image-8225\" srcset=\"https:\/\/www.paudalho.pe.gov.br\/portal\/wp-content\/uploads\/2019\/09\/389fd6ac-1d97-4b47-b366-b99282c28a36.jpg 960w, https:\/\/www.paudalho.pe.gov.br\/portal\/wp-content\/uploads\/2019\/09\/389fd6ac-1d97-4b47-b366-b99282c28a36-768x1024.jpg 768w\" sizes=\"auto, (max-width: 960px) 100vw, 960px\" \/><figcaption>Foto: Thales K\u00edrion\/PMP <\/figcaption><\/figure>\n\n\n\n<p>Na outra Confer\u00eancia que foi dedicada \u00e0s mulheres, o p\u00fablico feminino tamb\u00e9m p\u00f4de discutir e sugerir pol\u00edticas p\u00fablicas. A coordenadora da Mulher na cidade, Eliana Macedo, destacou o compromisso da Prefeitura com a defesa da mulher. <em>&#8220;N\u00f3s trabalhos uma parceria com o Centro de Refer\u00eancia Especializado de Assist\u00eancia Social, o CREAS. Se a mulher ligar ou for ao nosso setor ela ser\u00e1 recebida por n\u00f3s e a gente faz todos os procedimentos, se for o caso dela prestar queixa, n\u00f3s acompanhamos ela at\u00e9 a delegacia. Essa mulher tamb\u00e9m pode procurar o CREAS que fica na Pra\u00e7a do Ros\u00e1rio<\/em>&#8220;, comentou.  <strong>Vale lembrar que a Coordenadoria da Mulher tamb\u00e9m atende pelo telefone:  (81) 9.9958-0880. <\/strong><\/p>\n","protected":false},"excerpt":{"rendered":"<p>A Prefeitura do Paudalho por meio da Secretaria de Desenvolvimento e Assist\u00eancia Social e a Coordenadoria da Mulher realizou nesta quinta-feira (19) as Confer\u00eancias Municipais de Defesa dos Direitos da Pessoa com Defici\u00eancia e da Mulher. Os eventos ocorrem no Sal\u00e3o Paroquial e em seu anexo, que ficam no Centro da cidade. No momento foram [&hellip;]<\/p>\n","protected":false},"author":4,"featured_media":8241,"comment_status":"open","ping_status":"open","sticky":false,"template":"","format":"standard","meta":{"_jetpack_newsletter_access":"","_jetpack_dont_email_post_to_subs":false,"_jetpack_newsletter_tier_id":0,"_jetpack_memberships_contains_paywalled_content":false,"_jetpack_memberships_contains_paid_content":false,"footnotes":""},"categories":[2,1],"tags":[300,14],"class_list":["post-8222","post","type-post","status-publish","format-standard","has-post-thumbnail","hentry","category-destaque","category-noticias","tag-mulher","tag-paudalho"],"jetpack_featured_media_url":"https:\/\/www.paudalho.pe.gov.br\/portal\/wp-content\/uploads\/2019\/09\/DA74F754-5465-4E9D-BB1B-84319318B9AF.jpeg","jetpack_sharing_enabled":true,"jetpack_shortlink":"https:\/\/wp.me\/p98mS2-28C","_links":{"self":[{"href":"https:\/\/www.paudalho.pe.gov.br\/portal\/wp-json\/wp\/v2\/posts\/8222","targetHints":{"allow":["GET"]}}],"collection":[{"href":"https:\/\/www.paudalho.pe.gov.br\/portal\/wp-json\/wp\/v2\/posts"}],"about":[{"href":"https:\/\/www.paudalho.pe.gov.br\/portal\/wp-json\/wp\/v2\/types\/post"}],"author":[{"embeddable":true,"href":"https:\/\/www.paudalho.pe.gov.br\/portal\/wp-json\/wp\/v2\/users\/4"}],"replies":[{"embeddable":true,"href":"https:\/\/www.paudalho.pe.gov.br\/portal\/wp-json\/wp\/v2\/comments?post=8222"}],"version-history":[{"count":4,"href":"https:\/\/www.paudalho.pe.gov.br\/portal\/wp-json\/wp\/v2\/posts\/8222\/revisions"}],"predecessor-version":[{"id":8229,"href":"https:\/\/www.paudalho.pe.gov.br\/portal\/wp-json\/wp\/v2\/posts\/8222\/revisions\/8229"}],"wp:featuredmedia":[{"embeddable":true,"href":"https:\/\/www.paudalho.pe.gov.br\/portal\/wp-json\/wp\/v2\/media\/8241"}],"wp:attachment":[{"href":"https:\/\/www.paudalho.pe.gov.br\/portal\/wp-json\/wp\/v2\/media?parent=8222"}],"wp:term":[{"taxonomy":"category","embeddable":true,"href":"https:\/\/www.paudalho.pe.gov.br\/portal\/wp-json\/wp\/v2\/categories?post=8222"},{"taxonomy":"post_tag","embeddable":true,"href":"https:\/\/www.paudalho.pe.gov.br\/portal\/wp-json\/wp\/v2\/tags?post=8222"}],"curies":[{"name":"wp","href":"https:\/\/api.w.org\/{rel}","templated":true}]}}