{"id":8199,"date":"2019-09-17T13:53:13","date_gmt":"2019-09-17T16:53:13","guid":{"rendered":"https:\/\/www.paudalho.pe.gov.br\/portal\/?p=8199"},"modified":"2019-09-17T14:09:23","modified_gmt":"2019-09-17T17:09:23","slug":"2o-conferencia-municipal-dos-direitos-da-pessoa-com-deficiencia-de-paudalho-sera-realizada-nesta-quinta-19","status":"publish","type":"post","link":"https:\/\/www.paudalho.pe.gov.br\/portal\/2o-conferencia-municipal-dos-direitos-da-pessoa-com-deficiencia-de-paudalho-sera-realizada-nesta-quinta-19\/","title":{"rendered":"2\u00ba Confer\u00eancia Municipal dos Direitos da Pessoa com Defici\u00eancia de Paudalho ser\u00e1 realizada nesta quinta (19)"},"content":{"rendered":"\n<p>A Prefeitura do Paudalho por meio do Conselho Municipal de Defesa dos Direitos da Pessoa com Defici\u00eancia  realizar\u00e1 nesta quinta-feira (19) a Segunda Conferencia Municipal dos Direitos da Pessoa com Defici\u00eancia, no Sal\u00e3o Paroquial, que fica na Pra\u00e7a do Divino Espirito Santo, no Centro da cidade. <\/p>\n\n\n\n<p>A programa\u00e7\u00e3o ter\u00e1 por tema:  <strong>\u201cN\u00e3o h\u00e1 Controle sem Participa\u00e7\u00e3o Social&#8221;.<\/strong> O objetivo da a\u00e7\u00e3o \u00e9 de discutir, avaliar, propor, divulgar e acompanhar a implementa\u00e7\u00e3o da Pol\u00edtica Estadual da Pessoa com Defici\u00eancia. <\/p>\n","protected":false},"excerpt":{"rendered":"<p>A Prefeitura do Paudalho por meio do Conselho Municipal de Defesa dos Direitos da Pessoa com Defici\u00eancia realizar\u00e1 nesta quinta-feira (19) a Segunda Conferencia Municipal dos Direitos da Pessoa com Defici\u00eancia, no Sal\u00e3o Paroquial, que fica na Pra\u00e7a do Divino Espirito Santo, no Centro da cidade. A programa\u00e7\u00e3o ter\u00e1 por tema: \u201cN\u00e3o h\u00e1 Controle sem [&hellip;]<\/p>\n","protected":false},"author":4,"featured_media":8200,"comment_status":"open","ping_status":"open","sticky":false,"template":"","format":"standard","meta":{"_jetpack_newsletter_access":"","_jetpack_dont_email_post_to_subs":false,"_jetpack_newsletter_tier_id":0,"_jetpack_memberships_contains_paywalled_content":false,"_jetpack_memberships_contains_paid_content":false,"footnotes":""},"categories":[2,1],"tags":[536,219],"class_list":["post-8199","post","type-post","status-publish","format-standard","has-post-thumbnail","hentry","category-destaque","category-noticias","tag-conferencia","tag-pessoa-com-deficiencia"],"jetpack_featured_media_url":"https:\/\/www.paudalho.pe.gov.br\/portal\/wp-content\/uploads\/2019\/09\/3F9A3136.jpg","jetpack_sharing_enabled":true,"jetpack_shortlink":"https:\/\/wp.me\/p98mS2-28f","_links":{"self":[{"href":"https:\/\/www.paudalho.pe.gov.br\/portal\/wp-json\/wp\/v2\/posts\/8199","targetHints":{"allow":["GET"]}}],"collection":[{"href":"https:\/\/www.paudalho.pe.gov.br\/portal\/wp-json\/wp\/v2\/posts"}],"about":[{"href":"https:\/\/www.paudalho.pe.gov.br\/portal\/wp-json\/wp\/v2\/types\/post"}],"author":[{"embeddable":true,"href":"https:\/\/www.paudalho.pe.gov.br\/portal\/wp-json\/wp\/v2\/users\/4"}],"replies":[{"embeddable":true,"href":"https:\/\/www.paudalho.pe.gov.br\/portal\/wp-json\/wp\/v2\/comments?post=8199"}],"version-history":[{"count":3,"href":"https:\/\/www.paudalho.pe.gov.br\/portal\/wp-json\/wp\/v2\/posts\/8199\/revisions"}],"predecessor-version":[{"id":8204,"href":"https:\/\/www.paudalho.pe.gov.br\/portal\/wp-json\/wp\/v2\/posts\/8199\/revisions\/8204"}],"wp:featuredmedia":[{"embeddable":true,"href":"https:\/\/www.paudalho.pe.gov.br\/portal\/wp-json\/wp\/v2\/media\/8200"}],"wp:attachment":[{"href":"https:\/\/www.paudalho.pe.gov.br\/portal\/wp-json\/wp\/v2\/media?parent=8199"}],"wp:term":[{"taxonomy":"category","embeddable":true,"href":"https:\/\/www.paudalho.pe.gov.br\/portal\/wp-json\/wp\/v2\/categories?post=8199"},{"taxonomy":"post_tag","embeddable":true,"href":"https:\/\/www.paudalho.pe.gov.br\/portal\/wp-json\/wp\/v2\/tags?post=8199"}],"curies":[{"name":"wp","href":"https:\/\/api.w.org\/{rel}","templated":true}]}}