{"id":8185,"date":"2019-09-16T15:26:53","date_gmt":"2019-09-16T18:26:53","guid":{"rendered":"https:\/\/www.paudalho.pe.gov.br\/portal\/?p=8185"},"modified":"2019-09-16T15:41:25","modified_gmt":"2019-09-16T18:41:25","slug":"prefeitura-divulga-edital-da-2o-convocacao-para-ultima-etapa-da-selecao-publica-da-secretaria-de-saude","status":"publish","type":"post","link":"https:\/\/www.paudalho.pe.gov.br\/portal\/prefeitura-divulga-edital-da-2o-convocacao-para-ultima-etapa-da-selecao-publica-da-secretaria-de-saude\/","title":{"rendered":"Prefeitura divulga edital da 2\u00ba convoca\u00e7\u00e3o para \u00faltima etapa da Sele\u00e7\u00e3o P\u00fablica da Secretaria de Sa\u00fade"},"content":{"rendered":"\n<p> A Prefeitura do Paudalho por meio da Secretaria de Sa\u00fade divulgou nesta segunda-feira (16) a convoca\u00e7\u00e3o dos candidatos para os cargos de agente comunit\u00e1rio de sa\u00fade e agentes de combate \u00e0 endemias para realiza\u00e7\u00e3o do curso de forma\u00e7\u00e3o inicial e continuada das vagas remanescentes. <\/p>\n\n\n\n<p><a href=\"https:\/\/drive.google.com\/file\/d\/1kFKQPal2_g_JGQDMv_S1bnZk8SCn0lpZ\/view?usp=sharing\">Confira o edital aqui!<\/a><\/p>\n\n\n\n<h3 class=\"wp-block-heading\">As vagas<\/h3>\n\n\n\n<p>Na a\u00e7\u00e3o foram disponibilizadas 19 vagas, sendo 14 para agentes comunit\u00e1rios de sa\u00fade (ACS) e cinco para agente de combate \u00e0s endemias (ACE) para o quadro permanente da Secretaria de Sa\u00fade. Foi exigido o n\u00edvel de escolaridade do ensino m\u00e9dio completo.<\/p>\n\n\n\n<p><a href=\"https:\/\/drive.google.com\/open?id=1ERQKkH8BJhg2YK6H57dIdRhKPgdBLRpM\">Confira aqui o resultado da an\u00e1lise documental!<\/a><a href=\"https:\/\/www.paudalho.pe.gov.br\/portal\/wp-content\/uploads\/2019\/09\/L%C3%BAcia-Matias-RELAT%C3%93RIO-DA-VISITA-CONFIRMAT%C3%93RIA-SELE%C3%87%C3%83O-ACS-convertido.pdf\">&nbsp;<\/a><\/p>\n","protected":false},"excerpt":{"rendered":"<p>A Prefeitura do Paudalho por meio da Secretaria de Sa\u00fade divulgou nesta segunda-feira (16) a convoca\u00e7\u00e3o dos candidatos para os cargos de agente comunit\u00e1rio de sa\u00fade e agentes de combate \u00e0 endemias para realiza\u00e7\u00e3o do curso de forma\u00e7\u00e3o inicial e continuada das vagas remanescentes. Confira o edital aqui! As vagas Na a\u00e7\u00e3o foram disponibilizadas 19 [&hellip;]<\/p>\n","protected":false},"author":4,"featured_media":7832,"comment_status":"open","ping_status":"open","sticky":false,"template":"","format":"standard","meta":{"_jetpack_newsletter_access":"","_jetpack_dont_email_post_to_subs":false,"_jetpack_newsletter_tier_id":0,"_jetpack_memberships_contains_paywalled_content":false,"_jetpack_memberships_contains_paid_content":false,"footnotes":""},"categories":[2,1,3],"tags":[14,16,485],"class_list":["post-8185","post","type-post","status-publish","format-standard","has-post-thumbnail","hentry","category-destaque","category-noticias","category-saude","tag-paudalho","tag-saude","tag-selecao-publica"],"jetpack_featured_media_url":"https:\/\/www.paudalho.pe.gov.br\/portal\/wp-content\/uploads\/2019\/08\/4BD9ACD2-4BE9-4E72-9EB9-E973C1DDF2A6.jpeg","jetpack_sharing_enabled":true,"jetpack_shortlink":"https:\/\/wp.me\/p98mS2-281","_links":{"self":[{"href":"https:\/\/www.paudalho.pe.gov.br\/portal\/wp-json\/wp\/v2\/posts\/8185","targetHints":{"allow":["GET"]}}],"collection":[{"href":"https:\/\/www.paudalho.pe.gov.br\/portal\/wp-json\/wp\/v2\/posts"}],"about":[{"href":"https:\/\/www.paudalho.pe.gov.br\/portal\/wp-json\/wp\/v2\/types\/post"}],"author":[{"embeddable":true,"href":"https:\/\/www.paudalho.pe.gov.br\/portal\/wp-json\/wp\/v2\/users\/4"}],"replies":[{"embeddable":true,"href":"https:\/\/www.paudalho.pe.gov.br\/portal\/wp-json\/wp\/v2\/comments?post=8185"}],"version-history":[{"count":4,"href":"https:\/\/www.paudalho.pe.gov.br\/portal\/wp-json\/wp\/v2\/posts\/8185\/revisions"}],"predecessor-version":[{"id":8192,"href":"https:\/\/www.paudalho.pe.gov.br\/portal\/wp-json\/wp\/v2\/posts\/8185\/revisions\/8192"}],"wp:featuredmedia":[{"embeddable":true,"href":"https:\/\/www.paudalho.pe.gov.br\/portal\/wp-json\/wp\/v2\/media\/7832"}],"wp:attachment":[{"href":"https:\/\/www.paudalho.pe.gov.br\/portal\/wp-json\/wp\/v2\/media?parent=8185"}],"wp:term":[{"taxonomy":"category","embeddable":true,"href":"https:\/\/www.paudalho.pe.gov.br\/portal\/wp-json\/wp\/v2\/categories?post=8185"},{"taxonomy":"post_tag","embeddable":true,"href":"https:\/\/www.paudalho.pe.gov.br\/portal\/wp-json\/wp\/v2\/tags?post=8185"}],"curies":[{"name":"wp","href":"https:\/\/api.w.org\/{rel}","templated":true}]}}