{"id":8077,"date":"2019-09-11T14:20:17","date_gmt":"2019-09-11T17:20:17","guid":{"rendered":"https:\/\/www.paudalho.pe.gov.br\/portal\/?p=8077"},"modified":"2019-09-12T10:33:45","modified_gmt":"2019-09-12T13:33:45","slug":"paudalho-avanca-e-implanta-servico-familia-acolhedora","status":"publish","type":"post","link":"https:\/\/www.paudalho.pe.gov.br\/portal\/paudalho-avanca-e-implanta-servico-familia-acolhedora\/","title":{"rendered":"Paudalho avan\u00e7a e implanta Servi\u00e7o Fam\u00edlia Acolhedora"},"content":{"rendered":"\n<p>A Prefeitura do Paudalho por meio da Secretaria de Desenvolvimento e Assist\u00eancia Social lan\u00e7ou nesta quarta-feira (11) o Servi\u00e7o Fam\u00edlia Acolhedora. A programa\u00e7\u00e3o ocorreu na Academia da Pol\u00edcia Militar.<\/p>\n\n\n\n<p>Com a iniciativa, Paudalho se transforma em um exemplo para todo estado. O desembargador \u00e0 frente da Coordenadoria da Inf\u00e2ncia e Juventude do Tribunal de Justi\u00e7a de Pernambuco (TJPE), Luiz Carlos Figueiredo, elogiou o trabalho realizado na cidade. <em>&#8220;Pessoalmente estou muito feliz. \u00c9 um momento que mostra que as iniciativas criativas podem surtir efeito porque Paudalho \u00e9 um munic\u00edpio pobre em compara\u00e7\u00e3o as grandes cidades e inova. Inovou com o Centro de Parto e agora com esse trabalho com as crian\u00e7as v\u00edtimas de abusos que \u00e9 t\u00e3o importante. Est\u00e3o de parab\u00e9ns&#8221;,<\/em> comentou. <\/p>\n\n\n\n<p>No momento, o prefeito Marcelo Gouveia reafirmou o compromisso da Prefeitura em trabalhar pelo prote\u00e7\u00e3o das crian\u00e7as em vulnerabilidade social.<em> &#8220;N\u00f3s n\u00e3o precisamos sempre ser o dono da ideia, mas queremos apoiar o que est\u00e1 dando certo no Brasil e por isso vamos sim avan\u00e7ar com o Servi\u00e7o . Essa ideia, de implantar a a\u00e7\u00e3o no munic\u00edpio, nasceu em uma audi\u00eancia p\u00fablica atrav\u00e9s do doutor Iarly, e n\u00f3s solicitamos \u00e0 Assist\u00eancia Social que fosse colocado em pr\u00e1tica. S\u00e3o crian\u00e7as, s\u00e3o vidas e isso \u00e9 o que nos motiva. Estamos felizes&#8221;<\/em>, disse. <\/p>\n\n\n\n<figure class=\"wp-block-image\"><img loading=\"lazy\" decoding=\"async\" width=\"1280\" height=\"853\" data-attachment-id=\"8080\" data-permalink=\"https:\/\/www.paudalho.pe.gov.br\/portal\/paudalho-avanca-e-implanta-servico-familia-acolhedora\/40e779fa-52c3-4302-8c48-a6e76d4739fc\/\" data-orig-file=\"https:\/\/www.paudalho.pe.gov.br\/portal\/wp-content\/uploads\/2019\/09\/40e779fa-52c3-4302-8c48-a6e76d4739fc.jpg\" data-orig-size=\"1280,853\" data-comments-opened=\"1\" data-image-meta=\"{&quot;aperture&quot;:&quot;0&quot;,&quot;credit&quot;:&quot;&quot;,&quot;camera&quot;:&quot;&quot;,&quot;caption&quot;:&quot;&quot;,&quot;created_timestamp&quot;:&quot;0&quot;,&quot;copyright&quot;:&quot;&quot;,&quot;focal_length&quot;:&quot;0&quot;,&quot;iso&quot;:&quot;0&quot;,&quot;shutter_speed&quot;:&quot;0&quot;,&quot;title&quot;:&quot;&quot;,&quot;orientation&quot;:&quot;0&quot;}\" data-image-title=\"40e779fa-52c3-4302-8c48-a6e76d4739fc\" data-image-description=\"\" data-image-caption=\"\" data-medium-file=\"https:\/\/www.paudalho.pe.gov.br\/portal\/wp-content\/uploads\/2019\/09\/40e779fa-52c3-4302-8c48-a6e76d4739fc-350x230.jpg\" data-large-file=\"https:\/\/www.paudalho.pe.gov.br\/portal\/wp-content\/uploads\/2019\/09\/40e779fa-52c3-4302-8c48-a6e76d4739fc-800x450.jpg\" src=\"https:\/\/i2.wp.com\/www.paudalho.pe.gov.br\/portal\/wp-content\/uploads\/2019\/09\/40e779fa-52c3-4302-8c48-a6e76d4739fc.jpg?resize=800%2C450&amp;ssl=1\" alt=\"\" class=\"wp-image-8080\" srcset=\"https:\/\/www.paudalho.pe.gov.br\/portal\/wp-content\/uploads\/2019\/09\/40e779fa-52c3-4302-8c48-a6e76d4739fc.jpg 1280w, https:\/\/www.paudalho.pe.gov.br\/portal\/wp-content\/uploads\/2019\/09\/40e779fa-52c3-4302-8c48-a6e76d4739fc-768x512.jpg 768w\" sizes=\"auto, (max-width: 1280px) 100vw, 1280px\" \/><figcaption>Na imagem, o prefeito Marcelo Gouveia faz o uso da palavra.<br>Foto: Isak de Castro\/PMP<\/figcaption><\/figure>\n\n\n\n<p>Ainda estiveram presentes no lan\u00e7amento o juiz da Comarca de Paudalho, Iarly Jos\u00e9 Holanda de Souza, o presidente da C\u00e2mara dos Vereadores, Josimar Cavalcanti, a secret\u00e1ria da Pasta, Valqu\u00edria Marinho e o comandante da Academia da Pol\u00edcia Militar, Ant\u00f4nio Raul.<\/p>\n\n\n\n<figure class=\"wp-block-image\"><img loading=\"lazy\" decoding=\"async\" width=\"609\" height=\"471\" data-attachment-id=\"8079\" data-permalink=\"https:\/\/www.paudalho.pe.gov.br\/portal\/paudalho-avanca-e-implanta-servico-familia-acolhedora\/familia-acolhedora\/\" data-orig-file=\"https:\/\/www.paudalho.pe.gov.br\/portal\/wp-content\/uploads\/2019\/09\/familia-acolhedora.jpeg\" data-orig-size=\"609,471\" data-comments-opened=\"1\" data-image-meta=\"{&quot;aperture&quot;:&quot;0&quot;,&quot;credit&quot;:&quot;&quot;,&quot;camera&quot;:&quot;&quot;,&quot;caption&quot;:&quot;&quot;,&quot;created_timestamp&quot;:&quot;0&quot;,&quot;copyright&quot;:&quot;&quot;,&quot;focal_length&quot;:&quot;0&quot;,&quot;iso&quot;:&quot;0&quot;,&quot;shutter_speed&quot;:&quot;0&quot;,&quot;title&quot;:&quot;&quot;,&quot;orientation&quot;:&quot;0&quot;}\" data-image-title=\"familia-acolhedora\" data-image-description=\"\" data-image-caption=\"\" data-medium-file=\"https:\/\/www.paudalho.pe.gov.br\/portal\/wp-content\/uploads\/2019\/09\/familia-acolhedora-350x230.jpeg\" data-large-file=\"https:\/\/www.paudalho.pe.gov.br\/portal\/wp-content\/uploads\/2019\/09\/familia-acolhedora-609x450.jpeg\" src=\"https:\/\/i2.wp.com\/www.paudalho.pe.gov.br\/portal\/wp-content\/uploads\/2019\/09\/familia-acolhedora.jpeg?resize=609%2C450&amp;ssl=1\" alt=\"\" class=\"wp-image-8079\"\/><\/figure>\n\n\n\n<h3 class=\"wp-block-heading\">A a\u00e7\u00e3o<\/h3>\n\n\n\n<p>O Servi\u00e7o de Acolhimento Familiar permite que as fam\u00edlias recebam, em suas casas, crian\u00e7as e adolescentes afastados do conv\u00edvio de fam\u00edlia biol\u00f3gica.  Os lares selecionados acolher\u00e3o eles por um per\u00edodo, at\u00e9 que a fam\u00edlia de origem esteja apta a cumprir novamente sua fun\u00e7\u00e3o de cuidado e prote\u00e7\u00e3o. Um acompanhamento \u00e9 realizado a cada seis meses para reavalia\u00e7\u00e3o da situa\u00e7\u00e3o da crian\u00e7a ou do adolescente acolhido. Cada fam\u00edlia poder\u00e1 acolher em sua casa apenas uma crian\u00e7a ou adolescente por vez, exceto quando for grupos de irm\u00e3os (mediante avalia\u00e7\u00e3o t\u00e9cnica).<\/p>\n\n\n\n<p><\/p>\n","protected":false},"excerpt":{"rendered":"<p>A Prefeitura do Paudalho por meio da Secretaria de Desenvolvimento e Assist\u00eancia Social lan\u00e7ou nesta quarta-feira (11) o Servi\u00e7o Fam\u00edlia Acolhedora. A programa\u00e7\u00e3o ocorreu na Academia da Pol\u00edcia Militar. Com a iniciativa, Paudalho se transforma em um exemplo para todo estado. O desembargador \u00e0 frente da Coordenadoria da Inf\u00e2ncia e Juventude do Tribunal de Justi\u00e7a [&hellip;]<\/p>\n","protected":false},"author":4,"featured_media":8078,"comment_status":"open","ping_status":"open","sticky":false,"template":"","format":"standard","meta":{"_jetpack_newsletter_access":"","_jetpack_dont_email_post_to_subs":false,"_jetpack_newsletter_tier_id":0,"_jetpack_memberships_contains_paywalled_content":false,"_jetpack_memberships_contains_paid_content":false,"footnotes":""},"categories":[2,1],"tags":[99,415,529,526,124],"class_list":["post-8077","post","type-post","status-publish","format-standard","has-post-thumbnail","hentry","category-destaque","category-noticias","tag-assistencia-social","tag-criancas","tag-familia","tag-programa-familia-acolhedora","tag-secretaria-de-desenvolvimento-e-assistencia-social"],"jetpack_featured_media_url":"https:\/\/www.paudalho.pe.gov.br\/portal\/wp-content\/uploads\/2019\/09\/c5184353-ddad-45ae-8eb4-af50a0a59cdc.jpg","jetpack_sharing_enabled":true,"jetpack_shortlink":"https:\/\/wp.me\/p98mS2-26h","_links":{"self":[{"href":"https:\/\/www.paudalho.pe.gov.br\/portal\/wp-json\/wp\/v2\/posts\/8077","targetHints":{"allow":["GET"]}}],"collection":[{"href":"https:\/\/www.paudalho.pe.gov.br\/portal\/wp-json\/wp\/v2\/posts"}],"about":[{"href":"https:\/\/www.paudalho.pe.gov.br\/portal\/wp-json\/wp\/v2\/types\/post"}],"author":[{"embeddable":true,"href":"https:\/\/www.paudalho.pe.gov.br\/portal\/wp-json\/wp\/v2\/users\/4"}],"replies":[{"embeddable":true,"href":"https:\/\/www.paudalho.pe.gov.br\/portal\/wp-json\/wp\/v2\/comments?post=8077"}],"version-history":[{"count":9,"href":"https:\/\/www.paudalho.pe.gov.br\/portal\/wp-json\/wp\/v2\/posts\/8077\/revisions"}],"predecessor-version":[{"id":8116,"href":"https:\/\/www.paudalho.pe.gov.br\/portal\/wp-json\/wp\/v2\/posts\/8077\/revisions\/8116"}],"wp:featuredmedia":[{"embeddable":true,"href":"https:\/\/www.paudalho.pe.gov.br\/portal\/wp-json\/wp\/v2\/media\/8078"}],"wp:attachment":[{"href":"https:\/\/www.paudalho.pe.gov.br\/portal\/wp-json\/wp\/v2\/media?parent=8077"}],"wp:term":[{"taxonomy":"category","embeddable":true,"href":"https:\/\/www.paudalho.pe.gov.br\/portal\/wp-json\/wp\/v2\/categories?post=8077"},{"taxonomy":"post_tag","embeddable":true,"href":"https:\/\/www.paudalho.pe.gov.br\/portal\/wp-json\/wp\/v2\/tags?post=8077"}],"curies":[{"name":"wp","href":"https:\/\/api.w.org\/{rel}","templated":true}]}}