{"id":8064,"date":"2019-09-10T17:07:09","date_gmt":"2019-09-10T20:07:09","guid":{"rendered":"https:\/\/www.paudalho.pe.gov.br\/portal\/?p=8064"},"modified":"2019-09-10T17:07:09","modified_gmt":"2019-09-10T20:07:09","slug":"a-equoterapia-fez-meu-filho-falar-relata-mae-de-garoto-especial-apos-acao-da-prefeitura","status":"publish","type":"post","link":"https:\/\/www.paudalho.pe.gov.br\/portal\/a-equoterapia-fez-meu-filho-falar-relata-mae-de-garoto-especial-apos-acao-da-prefeitura\/","title":{"rendered":"&#8220;A equoterapia fez meu filho falar&#8221;, relata m\u00e3e de garoto especial ap\u00f3s a\u00e7\u00e3o da Prefeitura"},"content":{"rendered":"\n<p>A Prefeitura do Paudalho por meio da Secretaria de Educa\u00e7\u00e3o tem realizado um trabalho di\u00e1rio com os alunos que possuem alguma necessidade especial. Todas as unidades de ensino municipais, que precisam, disp\u00f5em de apoiadores. S\u00e3o eles professores de libras, brailistas, entre outros profissionais. A equipe \u00e9 composta por 115 pessoas.<\/p>\n\n\n\n<p>Durante dois dias na semana, na ter\u00e7a e sexta-feira, alunos do Col\u00e9gio Municipal Tancredo Neves participaram de uma equoterapia .A a\u00e7\u00e3o \u00e9 realizada em parceria com a Escola Waldorf Rural Turmalina, que fica em Paudalho.<\/p>\n\n\n\n<figure class=\"wp-block-image\"><img loading=\"lazy\" decoding=\"async\" width=\"1280\" height=\"960\" data-attachment-id=\"8068\" data-permalink=\"https:\/\/www.paudalho.pe.gov.br\/portal\/a-equoterapia-fez-meu-filho-falar-relata-mae-de-garoto-especial-apos-acao-da-prefeitura\/dbf4cde5-e412-4e63-942e-e0b18066d0e4\/\" data-orig-file=\"https:\/\/www.paudalho.pe.gov.br\/portal\/wp-content\/uploads\/2019\/09\/dbf4cde5-e412-4e63-942e-e0b18066d0e4.jpg\" data-orig-size=\"1280,960\" data-comments-opened=\"1\" data-image-meta=\"{&quot;aperture&quot;:&quot;0&quot;,&quot;credit&quot;:&quot;&quot;,&quot;camera&quot;:&quot;&quot;,&quot;caption&quot;:&quot;&quot;,&quot;created_timestamp&quot;:&quot;0&quot;,&quot;copyright&quot;:&quot;&quot;,&quot;focal_length&quot;:&quot;0&quot;,&quot;iso&quot;:&quot;0&quot;,&quot;shutter_speed&quot;:&quot;0&quot;,&quot;title&quot;:&quot;&quot;,&quot;orientation&quot;:&quot;0&quot;}\" data-image-title=\"dbf4cde5-e412-4e63-942e-e0b18066d0e4\" data-image-description=\"\" data-image-caption=\"\" data-medium-file=\"https:\/\/www.paudalho.pe.gov.br\/portal\/wp-content\/uploads\/2019\/09\/dbf4cde5-e412-4e63-942e-e0b18066d0e4-350x230.jpg\" data-large-file=\"https:\/\/www.paudalho.pe.gov.br\/portal\/wp-content\/uploads\/2019\/09\/dbf4cde5-e412-4e63-942e-e0b18066d0e4-800x450.jpg\" src=\"https:\/\/i1.wp.com\/www.paudalho.pe.gov.br\/portal\/wp-content\/uploads\/2019\/09\/dbf4cde5-e412-4e63-942e-e0b18066d0e4.jpg?resize=800%2C450&amp;ssl=1\" alt=\"\" class=\"wp-image-8068\" srcset=\"https:\/\/www.paudalho.pe.gov.br\/portal\/wp-content\/uploads\/2019\/09\/dbf4cde5-e412-4e63-942e-e0b18066d0e4.jpg 1280w, https:\/\/www.paudalho.pe.gov.br\/portal\/wp-content\/uploads\/2019\/09\/dbf4cde5-e412-4e63-942e-e0b18066d0e4-768x576.jpg 768w\" sizes=\"auto, (max-width: 1280px) 100vw, 1280px\" \/><\/figure>\n\n\n\n<p><\/p>\n\n\n\n<figure class=\"wp-block-video\"><video controls src=\"blob:https:\/\/www.paudalho.pe.gov.br\/04e2c515-d625-40d4-b43b-69a08a147c6b\"><\/video><\/figure>\n\n\n\n<h3 class=\"wp-block-heading\">O que \u00e9?<\/h3>\n\n\n\n<p>A equoterapia \u00e9 um m\u00e9todo terap\u00eautico e educacional que utiliza o cavalo dentro de uma abordagem multidisciplinar e interdisciplinar, nas \u00e1reas de sa\u00fade, educa\u00e7\u00e3o e equita\u00e7\u00e3o, buscando o desenvolvimento biopsicossocial de pessoas com defici\u00eancias ou necessidades especiais. <em>&#8220;Meu filho n\u00e3o falava e depois da terapia ele agora fala. Eu ainda me emociono quando falo sobre isso&#8221;<\/em>, comentou M\u00e1bia Andrade, m\u00e3e de Vitor Emanoel, que possui s\u00edndrome de Down. De acordo com a Secretaria, a expectativa \u00e9 que a\u00e7\u00e3o se estenda para outras escolas. <\/p>\n\n\n\n<p><strong>Confira o relato:<\/strong><\/p>\n\n\n\n<figure class=\"wp-block-video\"><video controls src=\"https:\/\/www.paudalho.pe.gov.br\/portal\/wp-content\/uploads\/2019\/09\/WhatsApp-Video-2019-09-10-at-16.58.51.mp4\"><\/video><\/figure>\n\n\n\n<p><\/p>\n","protected":false},"excerpt":{"rendered":"<p>A Prefeitura do Paudalho por meio da Secretaria de Educa\u00e7\u00e3o tem realizado um trabalho di\u00e1rio com os alunos que possuem alguma necessidade especial. Todas as unidades de ensino municipais, que precisam, disp\u00f5em de apoiadores. S\u00e3o eles professores de libras, brailistas, entre outros profissionais. A equipe \u00e9 composta por 115 pessoas. Durante dois dias na semana, [&hellip;]<\/p>\n","protected":false},"author":4,"featured_media":8066,"comment_status":"open","ping_status":"open","sticky":false,"template":"","format":"standard","meta":{"_jetpack_newsletter_access":"","_jetpack_dont_email_post_to_subs":false,"_jetpack_newsletter_tier_id":0,"_jetpack_memberships_contains_paywalled_content":false,"_jetpack_memberships_contains_paid_content":false,"footnotes":""},"categories":[2,520,1],"tags":[519,527,14,460],"class_list":["post-8064","post","type-post","status-publish","format-standard","has-post-thumbnail","hentry","category-destaque","category-educacao-2","category-noticias","tag-brasil","tag-equoterapia","tag-paudalho","tag-pernambuco"],"jetpack_featured_media_url":"https:\/\/www.paudalho.pe.gov.br\/portal\/wp-content\/uploads\/2019\/09\/b6ff3dae-f5ff-45d8-9363-5fee113207f2.jpg","jetpack_sharing_enabled":true,"jetpack_shortlink":"https:\/\/wp.me\/p98mS2-264","_links":{"self":[{"href":"https:\/\/www.paudalho.pe.gov.br\/portal\/wp-json\/wp\/v2\/posts\/8064","targetHints":{"allow":["GET"]}}],"collection":[{"href":"https:\/\/www.paudalho.pe.gov.br\/portal\/wp-json\/wp\/v2\/posts"}],"about":[{"href":"https:\/\/www.paudalho.pe.gov.br\/portal\/wp-json\/wp\/v2\/types\/post"}],"author":[{"embeddable":true,"href":"https:\/\/www.paudalho.pe.gov.br\/portal\/wp-json\/wp\/v2\/users\/4"}],"replies":[{"embeddable":true,"href":"https:\/\/www.paudalho.pe.gov.br\/portal\/wp-json\/wp\/v2\/comments?post=8064"}],"version-history":[{"count":3,"href":"https:\/\/www.paudalho.pe.gov.br\/portal\/wp-json\/wp\/v2\/posts\/8064\/revisions"}],"predecessor-version":[{"id":8073,"href":"https:\/\/www.paudalho.pe.gov.br\/portal\/wp-json\/wp\/v2\/posts\/8064\/revisions\/8073"}],"wp:featuredmedia":[{"embeddable":true,"href":"https:\/\/www.paudalho.pe.gov.br\/portal\/wp-json\/wp\/v2\/media\/8066"}],"wp:attachment":[{"href":"https:\/\/www.paudalho.pe.gov.br\/portal\/wp-json\/wp\/v2\/media?parent=8064"}],"wp:term":[{"taxonomy":"category","embeddable":true,"href":"https:\/\/www.paudalho.pe.gov.br\/portal\/wp-json\/wp\/v2\/categories?post=8064"},{"taxonomy":"post_tag","embeddable":true,"href":"https:\/\/www.paudalho.pe.gov.br\/portal\/wp-json\/wp\/v2\/tags?post=8064"}],"curies":[{"name":"wp","href":"https:\/\/api.w.org\/{rel}","templated":true}]}}