{"id":8021,"date":"2019-09-06T15:41:33","date_gmt":"2019-09-06T18:41:33","guid":{"rendered":"https:\/\/www.paudalho.pe.gov.br\/portal\/?p=8021"},"modified":"2019-09-06T15:57:40","modified_gmt":"2019-09-06T18:57:40","slug":"prefeitura-divulga-edital-da-2o-convocacao-para-ultima-etapa-da-selecao-publica-para-secretaria-de-saude","status":"publish","type":"post","link":"https:\/\/www.paudalho.pe.gov.br\/portal\/prefeitura-divulga-edital-da-2o-convocacao-para-ultima-etapa-da-selecao-publica-para-secretaria-de-saude\/","title":{"rendered":"Prefeitura divulga edital da 2\u00ba convoca\u00e7\u00e3o para \u00faltima etapa da Sele\u00e7\u00e3o P\u00fablica para Secretaria de Sa\u00fade"},"content":{"rendered":"\n<p>A Prefeitura do Paudalho por meio da Secretaria de Sa\u00fade divulgou nesta sexta-feira (6) a convoca\u00e7\u00e3o dos candidatos para os cargos de agente comunit\u00e1rio de sa\u00fade e agentes de combate a endemias fazerem a comprova\u00e7\u00e3o de endere\u00e7o.<\/p>\n\n\n\n<div class=\"wp-block-file\"><a href=\"https:\/\/www.paudalho.pe.gov.br\/portal\/wp-content\/uploads\/2019\/09\/L\u00facia-Matias-EDITAL-DE-2a.-CONVOCA\u00c7\u00c3O-PARA-HABILITA\u00c7\u00c3O-DE-CLASSIFICADOS-CURSO-DE-QUALIFICA\u00c7\u00c3O-B\u00c1SICA-VAGAS-REMANESCENTES-1-1.pdf\">Confira o edital aqui!<\/a><a href=\"https:\/\/www.paudalho.pe.gov.br\/portal\/wp-content\/uploads\/2019\/09\/L\u00facia-Matias-EDITAL-DE-2a.-CONVOCA\u00c7\u00c3O-PARA-HABILITA\u00c7\u00c3O-DE-CLASSIFICADOS-CURSO-DE-QUALIFICA\u00c7\u00c3O-B\u00c1SICA-VAGAS-REMANESCENTES-1-1.pdf\" class=\"wp-block-file__button\" download>Baixar<\/a><\/div>\n\n\n\n<h3 class=\"wp-block-heading\">As vagas<\/h3>\n\n\n\n<p>Na a\u00e7\u00e3o foram disponibilizadas 19 vagas, sendo 14 para agentes comunit\u00e1rios de sa\u00fade (ACS) e cinco para agente de combate \u00e0s endemias (ACE) para o quadro permanente da Secretaria de Sa\u00fade. Foi exigido o n\u00edvel de escolaridade do ensino m\u00e9dio completo. <\/p>\n\n\n\n<div class=\"wp-block-file\"><a href=\"https:\/\/www.paudalho.pe.gov.br\/portal\/wp-content\/uploads\/2019\/09\/L\u00facia-Matias-RELAT\u00d3RIO-DA-VISITA-CONFIRMAT\u00d3RIA-SELE\u00c7\u00c3O-ACS-convertido.pdf\">Confira aqui o resultado da an\u00e1lise documental dos candidatos da 1\u00ba etapa! <\/a><a href=\"https:\/\/www.paudalho.pe.gov.br\/portal\/wp-content\/uploads\/2019\/09\/L\u00facia-Matias-RELAT\u00d3RIO-DA-VISITA-CONFIRMAT\u00d3RIA-SELE\u00c7\u00c3O-ACS-convertido.pdf\" class=\"wp-block-file__button\" download>Baixar<\/a><\/div>\n","protected":false},"excerpt":{"rendered":"<p>A Prefeitura do Paudalho por meio da Secretaria de Sa\u00fade divulgou nesta sexta-feira (6) a convoca\u00e7\u00e3o dos candidatos para os cargos de agente comunit\u00e1rio de sa\u00fade e agentes de combate a endemias fazerem a comprova\u00e7\u00e3o de endere\u00e7o. As vagas Na a\u00e7\u00e3o foram disponibilizadas 19 vagas, sendo 14 para agentes comunit\u00e1rios de sa\u00fade (ACS) e cinco [&hellip;]<\/p>\n","protected":false},"author":4,"featured_media":7105,"comment_status":"open","ping_status":"open","sticky":false,"template":"","format":"standard","meta":{"_jetpack_newsletter_access":"","_jetpack_dont_email_post_to_subs":false,"_jetpack_newsletter_tier_id":0,"_jetpack_memberships_contains_paywalled_content":false,"_jetpack_memberships_contains_paid_content":false,"footnotes":""},"categories":[2,1,3],"tags":[16,485],"class_list":["post-8021","post","type-post","status-publish","format-standard","has-post-thumbnail","hentry","category-destaque","category-noticias","category-saude","tag-saude","tag-selecao-publica"],"jetpack_featured_media_url":"https:\/\/www.paudalho.pe.gov.br\/portal\/wp-content\/uploads\/2019\/05\/educacao_caneta.jpg","jetpack_sharing_enabled":true,"jetpack_shortlink":"https:\/\/wp.me\/p98mS2-25n","_links":{"self":[{"href":"https:\/\/www.paudalho.pe.gov.br\/portal\/wp-json\/wp\/v2\/posts\/8021","targetHints":{"allow":["GET"]}}],"collection":[{"href":"https:\/\/www.paudalho.pe.gov.br\/portal\/wp-json\/wp\/v2\/posts"}],"about":[{"href":"https:\/\/www.paudalho.pe.gov.br\/portal\/wp-json\/wp\/v2\/types\/post"}],"author":[{"embeddable":true,"href":"https:\/\/www.paudalho.pe.gov.br\/portal\/wp-json\/wp\/v2\/users\/4"}],"replies":[{"embeddable":true,"href":"https:\/\/www.paudalho.pe.gov.br\/portal\/wp-json\/wp\/v2\/comments?post=8021"}],"version-history":[{"count":9,"href":"https:\/\/www.paudalho.pe.gov.br\/portal\/wp-json\/wp\/v2\/posts\/8021\/revisions"}],"predecessor-version":[{"id":8032,"href":"https:\/\/www.paudalho.pe.gov.br\/portal\/wp-json\/wp\/v2\/posts\/8021\/revisions\/8032"}],"wp:featuredmedia":[{"embeddable":true,"href":"https:\/\/www.paudalho.pe.gov.br\/portal\/wp-json\/wp\/v2\/media\/7105"}],"wp:attachment":[{"href":"https:\/\/www.paudalho.pe.gov.br\/portal\/wp-json\/wp\/v2\/media?parent=8021"}],"wp:term":[{"taxonomy":"category","embeddable":true,"href":"https:\/\/www.paudalho.pe.gov.br\/portal\/wp-json\/wp\/v2\/categories?post=8021"},{"taxonomy":"post_tag","embeddable":true,"href":"https:\/\/www.paudalho.pe.gov.br\/portal\/wp-json\/wp\/v2\/tags?post=8021"}],"curies":[{"name":"wp","href":"https:\/\/api.w.org\/{rel}","templated":true}]}}