{"id":8012,"date":"2019-09-06T14:12:57","date_gmt":"2019-09-06T17:12:57","guid":{"rendered":"https:\/\/www.paudalho.pe.gov.br\/portal\/?p=8012"},"modified":"2019-09-06T14:19:04","modified_gmt":"2019-09-06T17:19:04","slug":"setembro-amarelo-prefeitura-realiza-trabalho-com-grupos-de-convivencia-de-valorizacao-da-vida","status":"publish","type":"post","link":"https:\/\/www.paudalho.pe.gov.br\/portal\/setembro-amarelo-prefeitura-realiza-trabalho-com-grupos-de-convivencia-de-valorizacao-da-vida\/","title":{"rendered":"Setembro Amarelo: Prefeitura realiza trabalho com grupos de Conviv\u00eancia de Valoriza\u00e7\u00e3o da Vida"},"content":{"rendered":"\n<p>De acordo com dados da Organiza\u00e7\u00e3o Mundial da Sa\u00fade (OMS), por ano, quase 800 mil adolescentes, jovens e adultos em todo o mundo cometem suic\u00eddio, que \u00e9 a segunda maior causa de morte entre pessoas de 15 a 29 anos. <\/p>\n\n\n\n<p>No Setembro Amarelo, m\u00eas dedicado ao combate do suic\u00eddio, a Prefeitura do Paudalho informa que por meio da Secretaria de Sa\u00fade realiza grupos de Conviv\u00eancia de Valoriza\u00e7\u00e3o da Vida nas Unidades B\u00e1sicas de Sa\u00fade (UBSs) Guadalajara I e II, Primavera I e III, Santa Tereza e Alto do Cruzeiro. O objetivo \u00e9 ofertar um espa\u00e7o de acolhimento para as pessoas que est\u00e3o precisando ouvir e serem ouvidas. <\/p>\n\n\n\n<p>Vale ressaltar que o Centro de Valoriza\u00e7\u00e3o da Vida (CVV), entidade que ajuda pessoas que est\u00e3o passando por problemas que podem levar ao suic\u00eddio, atende pelo <strong>telefone 188<\/strong>. O Centro realiza apoio emocional e preven\u00e7\u00e3o do suic\u00eddio, atendendo volunt\u00e1ria e gratuitamente todas as pessoas que querem e precisam conversar, sob total sigilo por telefone, e-mail e chat 24 horas por dia.<\/p>\n\n\n\n<h3 class=\"wp-block-heading\">Setembro Amarelo <\/h3>\n\n\n\n<p>O Setembro Amarelo \u00e9 uma campanha de conscientiza\u00e7\u00e3o sobre a preven\u00e7\u00e3o do suic\u00eddio. No Brasil, foi criado em 2015 pelo CVV,  Conselho Federal de Medicina (CFM)  e pela Associa\u00e7\u00e3o Brasileira de Psiquiatria (ABP), com a proposta de associar \u00e0 cor ao m\u00eas que marca o Dia Mundial de Preven\u00e7\u00e3o do Suic\u00eddio (10 de setembro). A ideia \u00e9 pintar, iluminar e estampar o amarelo nas mais diversas resolu\u00e7\u00f5es, garantindo mais visibilidade \u00e0 causa. <\/p>\n\n\n\n<p><strong>Com informa\u00e7\u00f5es do Portal Setembro Amarelo <\/strong><\/p>\n","protected":false},"excerpt":{"rendered":"<p>De acordo com dados da Organiza\u00e7\u00e3o Mundial da Sa\u00fade (OMS), por ano, quase 800 mil adolescentes, jovens e adultos em todo o mundo cometem suic\u00eddio, que \u00e9 a segunda maior causa de morte entre pessoas de 15 a 29 anos. No Setembro Amarelo, m\u00eas dedicado ao combate do suic\u00eddio, a Prefeitura do Paudalho informa que [&hellip;]<\/p>\n","protected":false},"author":4,"featured_media":8013,"comment_status":"open","ping_status":"open","sticky":false,"template":"","format":"standard","meta":{"_jetpack_newsletter_access":"","_jetpack_dont_email_post_to_subs":false,"_jetpack_newsletter_tier_id":0,"_jetpack_memberships_contains_paywalled_content":false,"_jetpack_memberships_contains_paid_content":false,"footnotes":""},"categories":[2,1,3],"tags":[105],"class_list":["post-8012","post","type-post","status-publish","format-standard","has-post-thumbnail","hentry","category-destaque","category-noticias","category-saude","tag-setembro-amarelo"],"jetpack_featured_media_url":"https:\/\/www.paudalho.pe.gov.br\/portal\/wp-content\/uploads\/2019\/09\/56448485-731d-495b-875d-1ebfea2a2fdb.jpg","jetpack_sharing_enabled":true,"jetpack_shortlink":"https:\/\/wp.me\/p98mS2-25e","_links":{"self":[{"href":"https:\/\/www.paudalho.pe.gov.br\/portal\/wp-json\/wp\/v2\/posts\/8012","targetHints":{"allow":["GET"]}}],"collection":[{"href":"https:\/\/www.paudalho.pe.gov.br\/portal\/wp-json\/wp\/v2\/posts"}],"about":[{"href":"https:\/\/www.paudalho.pe.gov.br\/portal\/wp-json\/wp\/v2\/types\/post"}],"author":[{"embeddable":true,"href":"https:\/\/www.paudalho.pe.gov.br\/portal\/wp-json\/wp\/v2\/users\/4"}],"replies":[{"embeddable":true,"href":"https:\/\/www.paudalho.pe.gov.br\/portal\/wp-json\/wp\/v2\/comments?post=8012"}],"version-history":[{"count":6,"href":"https:\/\/www.paudalho.pe.gov.br\/portal\/wp-json\/wp\/v2\/posts\/8012\/revisions"}],"predecessor-version":[{"id":8019,"href":"https:\/\/www.paudalho.pe.gov.br\/portal\/wp-json\/wp\/v2\/posts\/8012\/revisions\/8019"}],"wp:featuredmedia":[{"embeddable":true,"href":"https:\/\/www.paudalho.pe.gov.br\/portal\/wp-json\/wp\/v2\/media\/8013"}],"wp:attachment":[{"href":"https:\/\/www.paudalho.pe.gov.br\/portal\/wp-json\/wp\/v2\/media?parent=8012"}],"wp:term":[{"taxonomy":"category","embeddable":true,"href":"https:\/\/www.paudalho.pe.gov.br\/portal\/wp-json\/wp\/v2\/categories?post=8012"},{"taxonomy":"post_tag","embeddable":true,"href":"https:\/\/www.paudalho.pe.gov.br\/portal\/wp-json\/wp\/v2\/tags?post=8012"}],"curies":[{"name":"wp","href":"https:\/\/api.w.org\/{rel}","templated":true}]}}