{"id":8006,"date":"2019-09-06T00:31:48","date_gmt":"2019-09-06T03:31:48","guid":{"rendered":"https:\/\/www.paudalho.pe.gov.br\/portal\/?p=8006"},"modified":"2019-09-06T01:21:30","modified_gmt":"2019-09-06T04:21:30","slug":"prefeitura-do-paudalho-lanca-programa-familia-acolhedora","status":"publish","type":"post","link":"https:\/\/www.paudalho.pe.gov.br\/portal\/prefeitura-do-paudalho-lanca-programa-familia-acolhedora\/","title":{"rendered":"Prefeitura do Paudalho lan\u00e7a Programa Fam\u00edlia Acolhedora"},"content":{"rendered":"\n<p>A Prefeitura do Paudalho por meio da Secretaria de Desenvolvimento e Assist\u00eancia Social realizar\u00e1 o lan\u00e7amento do Programa Fam\u00edlia Acolhedora, na pr\u00f3xima quarta-feira (11). A programa\u00e7\u00e3o ocorrer\u00e1 na Academia da Pol\u00edcia Militar, a partir das 9h.<\/p>\n\n\n\n<p>O momento contar\u00e1 com a presen\u00e7a de diversas autoridades, entre elas o prefeito, Marcelo Gouveia, o desembargador do Tribunal de Justi\u00e7a de Pernambuco, Luiz Carlos Figueiredo, o juiz da Comarca de Paudalho, Iarly Jos\u00e9 Holanda de Souza, o promotor de Justi\u00e7a de Paudalho, Carlos Eduardo Seabra e ainda o presidente da C\u00e2mara dos Vereadores, Josimar Cavalcanti e a secret\u00e1ria da Pasta, Valqu\u00edria Marinho. <\/p>\n\n\n\n<h3 class=\"wp-block-heading\">O programa<\/h3>\n\n\n\n<p>Tamb\u00e9m conhecida como\u00a0\u201cguarda subsidiada\u201d, a modalidade de fam\u00edlia acolhedora, permite que as fam\u00edlias recebam, em suas casas, crian\u00e7as e adolescentes afastados do conv\u00edvio de\u00a0fam\u00edlia biol\u00f3gica. \u00a0Os lares selecionados acolher\u00e3o eles por um per\u00edodo, at\u00e9 que a fam\u00edlia de origem esteja apta a cumprir novamente sua fun\u00e7\u00e3o de cuidado e prote\u00e7\u00e3o. Um acompanhamento \u00e9 realizado a cada seis meses para reavalia\u00e7\u00e3o da situa\u00e7\u00e3o da crian\u00e7a ou do adolescente acolhido. Cada fam\u00edlia poder\u00e1 acolher em sua casa apenas uma crian\u00e7a ou adolescente por vez, exceto quando for grupos de irm\u00e3os (mediante avalia\u00e7\u00e3o t\u00e9cnica).<\/p>\n\n\n\n<p><strong>Com informa\u00e7\u00f5es do Portal do Sistema \u00danico de Assist\u00eancia Social.<\/strong><\/p>\n\n\n\n<figure class=\"wp-block-image\"><img loading=\"lazy\" decoding=\"async\" width=\"1000\" height=\"1000\" data-attachment-id=\"8008\" data-permalink=\"https:\/\/www.paudalho.pe.gov.br\/portal\/prefeitura-do-paudalho-lanca-programa-familia-acolhedora\/225feb88-e241-4da4-823f-fb77b50e9423\/\" data-orig-file=\"https:\/\/www.paudalho.pe.gov.br\/portal\/wp-content\/uploads\/2019\/09\/225feb88-e241-4da4-823f-fb77b50e9423.jpg\" data-orig-size=\"1000,1000\" data-comments-opened=\"1\" data-image-meta=\"{&quot;aperture&quot;:&quot;0&quot;,&quot;credit&quot;:&quot;&quot;,&quot;camera&quot;:&quot;&quot;,&quot;caption&quot;:&quot;&quot;,&quot;created_timestamp&quot;:&quot;0&quot;,&quot;copyright&quot;:&quot;&quot;,&quot;focal_length&quot;:&quot;0&quot;,&quot;iso&quot;:&quot;0&quot;,&quot;shutter_speed&quot;:&quot;0&quot;,&quot;title&quot;:&quot;&quot;,&quot;orientation&quot;:&quot;0&quot;}\" data-image-title=\"225feb88-e241-4da4-823f-fb77b50e9423\" data-image-description=\"\" data-image-caption=\"\" data-medium-file=\"https:\/\/www.paudalho.pe.gov.br\/portal\/wp-content\/uploads\/2019\/09\/225feb88-e241-4da4-823f-fb77b50e9423-350x230.jpg\" data-large-file=\"https:\/\/www.paudalho.pe.gov.br\/portal\/wp-content\/uploads\/2019\/09\/225feb88-e241-4da4-823f-fb77b50e9423-800x450.jpg\" src=\"https:\/\/www.paudalho.pe.gov.br\/portal\/wp-content\/uploads\/2019\/09\/225feb88-e241-4da4-823f-fb77b50e9423.jpg\" alt=\"\" class=\"wp-image-8008\" srcset=\"https:\/\/www.paudalho.pe.gov.br\/portal\/wp-content\/uploads\/2019\/09\/225feb88-e241-4da4-823f-fb77b50e9423.jpg 1000w, https:\/\/www.paudalho.pe.gov.br\/portal\/wp-content\/uploads\/2019\/09\/225feb88-e241-4da4-823f-fb77b50e9423-768x768.jpg 768w\" sizes=\"auto, (max-width: 1000px) 100vw, 1000px\" \/><\/figure>\n","protected":false},"excerpt":{"rendered":"<p>A Prefeitura do Paudalho por meio da Secretaria de Desenvolvimento e Assist\u00eancia Social realizar\u00e1 o lan\u00e7amento do Programa Fam\u00edlia Acolhedora, na pr\u00f3xima quarta-feira (11). A programa\u00e7\u00e3o ocorrer\u00e1 na Academia da Pol\u00edcia Militar, a partir das 9h. O momento contar\u00e1 com a presen\u00e7a de diversas autoridades, entre elas o prefeito, Marcelo Gouveia, o desembargador do Tribunal [&hellip;]<\/p>\n","protected":false},"author":4,"featured_media":8007,"comment_status":"open","ping_status":"open","sticky":false,"template":"","format":"standard","meta":{"_jetpack_newsletter_access":"","_jetpack_dont_email_post_to_subs":false,"_jetpack_newsletter_tier_id":0,"_jetpack_memberships_contains_paywalled_content":false,"_jetpack_memberships_contains_paid_content":false,"footnotes":""},"categories":[2,1],"tags":[99,526],"class_list":["post-8006","post","type-post","status-publish","format-standard","has-post-thumbnail","hentry","category-destaque","category-noticias","tag-assistencia-social","tag-programa-familia-acolhedora"],"jetpack_featured_media_url":"https:\/\/www.paudalho.pe.gov.br\/portal\/wp-content\/uploads\/2019\/09\/team-spirit-2447163_960_720.jpg","jetpack_sharing_enabled":true,"jetpack_shortlink":"https:\/\/wp.me\/p98mS2-258","_links":{"self":[{"href":"https:\/\/www.paudalho.pe.gov.br\/portal\/wp-json\/wp\/v2\/posts\/8006","targetHints":{"allow":["GET"]}}],"collection":[{"href":"https:\/\/www.paudalho.pe.gov.br\/portal\/wp-json\/wp\/v2\/posts"}],"about":[{"href":"https:\/\/www.paudalho.pe.gov.br\/portal\/wp-json\/wp\/v2\/types\/post"}],"author":[{"embeddable":true,"href":"https:\/\/www.paudalho.pe.gov.br\/portal\/wp-json\/wp\/v2\/users\/4"}],"replies":[{"embeddable":true,"href":"https:\/\/www.paudalho.pe.gov.br\/portal\/wp-json\/wp\/v2\/comments?post=8006"}],"version-history":[{"count":3,"href":"https:\/\/www.paudalho.pe.gov.br\/portal\/wp-json\/wp\/v2\/posts\/8006\/revisions"}],"predecessor-version":[{"id":8011,"href":"https:\/\/www.paudalho.pe.gov.br\/portal\/wp-json\/wp\/v2\/posts\/8006\/revisions\/8011"}],"wp:featuredmedia":[{"embeddable":true,"href":"https:\/\/www.paudalho.pe.gov.br\/portal\/wp-json\/wp\/v2\/media\/8007"}],"wp:attachment":[{"href":"https:\/\/www.paudalho.pe.gov.br\/portal\/wp-json\/wp\/v2\/media?parent=8006"}],"wp:term":[{"taxonomy":"category","embeddable":true,"href":"https:\/\/www.paudalho.pe.gov.br\/portal\/wp-json\/wp\/v2\/categories?post=8006"},{"taxonomy":"post_tag","embeddable":true,"href":"https:\/\/www.paudalho.pe.gov.br\/portal\/wp-json\/wp\/v2\/tags?post=8006"}],"curies":[{"name":"wp","href":"https:\/\/api.w.org\/{rel}","templated":true}]}}