{"id":7996,"date":"2019-09-04T16:27:13","date_gmt":"2019-09-04T19:27:13","guid":{"rendered":"https:\/\/www.paudalho.pe.gov.br\/portal\/?p=7996"},"modified":"2019-09-09T20:43:39","modified_gmt":"2019-09-09T23:43:39","slug":"confira-as-relacoes-dos-contemplados-no-sorteio-de-hierarquizacao-da-lista-do-programa-minha-casa-minha-vida","status":"publish","type":"post","link":"https:\/\/www.paudalho.pe.gov.br\/portal\/confira-as-relacoes-dos-contemplados-no-sorteio-de-hierarquizacao-da-lista-do-programa-minha-casa-minha-vida\/","title":{"rendered":"Confira as rela\u00e7\u00f5es dos contemplados no Sorteio de Hierarquiza\u00e7\u00e3o da lista do Programa Minha Casa Minha Vida"},"content":{"rendered":"\n<p>A Prefeitura do Paudalho por meio da Secretaria de Assist\u00eancia Social realizou na \u00faltima sexta-feira (30) o Sorteio de Hierarquiza\u00e7\u00e3o da lista do Programa Minha Casa Minha Vida, no P\u00e1tio de Eventos Beira-Rio, no Centro da cidade. A emo\u00e7\u00e3o tomou conta dos 288 paudalhenses que v\u00e3o receber a nova moradia. &nbsp;<\/p>\n\n\n\n<p>O Residencial Guadalajara I teve investimento de cerca de R$ 21 milh\u00f5es. Cada pr\u00e9dio ter\u00e1 quatro andares e cada moradia ser\u00e1 constitu\u00edda de dois quartos, uma cozinha conjugada com \u00e1rea de servi\u00e7o, um banheiro social e uma sala. O residencial fica em Guadalajara, Paudalho, as margens da BR-408.<\/p>\n\n\n\n<p><strong>Confira a lista:<\/strong><\/p>\n\n\n\n<div class=\"wp-block-file\"><a href=\"https:\/\/www.paudalho.pe.gov.br\/portal\/wp-content\/uploads\/2019\/09\/GRUPO-I-1.docx\">Grupo I<\/a><a href=\"https:\/\/www.paudalho.pe.gov.br\/portal\/wp-content\/uploads\/2019\/09\/GRUPO-I-1.docx\" class=\"wp-block-file__button\" download>Baixar<\/a><\/div>\n\n\n\n<div class=\"wp-block-file\"><a href=\"https:\/\/www.paudalho.pe.gov.br\/portal\/wp-content\/uploads\/2019\/09\/RELA\u00c7\u00c3O-DE-PESSOAS-COM-MICROCEFALIA.docx\">Rela\u00e7\u00e3o das Pessoas Com Microcefalia<\/a><a href=\"https:\/\/www.paudalho.pe.gov.br\/portal\/wp-content\/uploads\/2019\/09\/RELA\u00c7\u00c3O-DE-PESSOAS-COM-MICROCEFALIA.docx\" class=\"wp-block-file__button\" download>Baixar<\/a><\/div>\n\n\n\n<div class=\"wp-block-file\"><a href=\"https:\/\/www.paudalho.pe.gov.br\/portal\/wp-content\/uploads\/2019\/09\/RELA\u00c7\u00c3O-DOS-CONTEMPLADOS-DE-HIERARQUIZA\u00c7\u00c3O-DO-GRUPO-III.docx\">Grupo III<\/a><a href=\"https:\/\/www.paudalho.pe.gov.br\/portal\/wp-content\/uploads\/2019\/09\/RELA\u00c7\u00c3O-DOS-CONTEMPLADOS-DE-HIERARQUIZA\u00c7\u00c3O-DO-GRUPO-III.docx\" class=\"wp-block-file__button\" download>Baixar<\/a><\/div>\n\n\n\n<div class=\"wp-block-file\"><a href=\"https:\/\/www.paudalho.pe.gov.br\/portal\/wp-content\/uploads\/2019\/09\/RELA\u00c7\u00c3O-DOS-CONTEMPLADOS-DE-HIERARQUIZA\u00c7\u00c3O-DO-GRUPO-DOS-IDOSOS.docx\">Grupo de Idosos<\/a><a href=\"https:\/\/www.paudalho.pe.gov.br\/portal\/wp-content\/uploads\/2019\/09\/RELA\u00c7\u00c3O-DOS-CONTEMPLADOS-DE-HIERARQUIZA\u00c7\u00c3O-DO-GRUPO-DOS-IDOSOS.docx\" class=\"wp-block-file__button\" download>Baixar<\/a><\/div>\n\n\n\n<div class=\"wp-block-file\"><a href=\"https:\/\/www.paudalho.pe.gov.br\/portal\/wp-content\/uploads\/2019\/09\/RELA\u00c7\u00c3O-DO-CADASTRO-RESERVA-DE-HIERARQUIZA\u00c7\u00c3O-GRUPO-II-1.docx\">Grupo II<\/a><a href=\"https:\/\/www.paudalho.pe.gov.br\/portal\/wp-content\/uploads\/2019\/09\/RELA\u00c7\u00c3O-DO-CADASTRO-RESERVA-DE-HIERARQUIZA\u00c7\u00c3O-GRUPO-II-1.docx\" class=\"wp-block-file__button\" download>Baixar<\/a><\/div>\n\n\n\n<div class=\"wp-block-file\"><a href=\"https:\/\/www.paudalho.pe.gov.br\/portal\/wp-content\/uploads\/2019\/09\/RELA\u00c7\u00c3O-DOS-CONTEMPLADOS-DE-HIRARQUIZA\u00c7\u00c3O-DO-PMCMV-GUADALAJARA-I.docx\">Grupo PCD<\/a><a href=\"https:\/\/www.paudalho.pe.gov.br\/portal\/wp-content\/uploads\/2019\/09\/RELA\u00c7\u00c3O-DOS-CONTEMPLADOS-DE-HIRARQUIZA\u00c7\u00c3O-DO-PMCMV-GUADALAJARA-I.docx\" class=\"wp-block-file__button\" download>Baixar<\/a><\/div>\n\n\n\n<div class=\"wp-block-file\"><a href=\"https:\/\/www.paudalho.pe.gov.br\/portal\/wp-content\/uploads\/2019\/09\/RELA\u00c7\u00c3O-DOS-USU\u00c1RIOS-DAS-\u00c1RES-DE-RISCO-1807.docx\">Usu\u00e1rios das \u00c1reas de Riscos<\/a><a href=\"https:\/\/www.paudalho.pe.gov.br\/portal\/wp-content\/uploads\/2019\/09\/RELA\u00c7\u00c3O-DOS-USU\u00c1RIOS-DAS-\u00c1RES-DE-RISCO-1807.docx\" class=\"wp-block-file__button\" download>Baixar<\/a><\/div>\n","protected":false},"excerpt":{"rendered":"<p>A Prefeitura do Paudalho por meio da Secretaria de Assist\u00eancia Social realizou na \u00faltima sexta-feira (30) o Sorteio de Hierarquiza\u00e7\u00e3o da lista do Programa Minha Casa Minha Vida, no P\u00e1tio de Eventos Beira-Rio, no Centro da cidade. A emo\u00e7\u00e3o tomou conta dos 288 paudalhenses que v\u00e3o receber a nova moradia. &nbsp; O Residencial Guadalajara I [&hellip;]<\/p>\n","protected":false},"author":4,"featured_media":7964,"comment_status":"open","ping_status":"open","sticky":false,"template":"","format":"standard","meta":{"_jetpack_newsletter_access":"","_jetpack_dont_email_post_to_subs":false,"_jetpack_newsletter_tier_id":0,"_jetpack_memberships_contains_paywalled_content":false,"_jetpack_memberships_contains_paid_content":false,"footnotes":""},"categories":[2,1],"tags":[455],"class_list":["post-7996","post","type-post","status-publish","format-standard","has-post-thumbnail","hentry","category-destaque","category-noticias","tag-programa-minha-casa-minha-vida"],"jetpack_featured_media_url":"https:\/\/www.paudalho.pe.gov.br\/portal\/wp-content\/uploads\/2019\/09\/9e21c8fa-ad0b-458e-bab2-ff4d5b0ba0b1-1.jpg","jetpack_sharing_enabled":true,"jetpack_shortlink":"https:\/\/wp.me\/p98mS2-24Y","_links":{"self":[{"href":"https:\/\/www.paudalho.pe.gov.br\/portal\/wp-json\/wp\/v2\/posts\/7996","targetHints":{"allow":["GET"]}}],"collection":[{"href":"https:\/\/www.paudalho.pe.gov.br\/portal\/wp-json\/wp\/v2\/posts"}],"about":[{"href":"https:\/\/www.paudalho.pe.gov.br\/portal\/wp-json\/wp\/v2\/types\/post"}],"author":[{"embeddable":true,"href":"https:\/\/www.paudalho.pe.gov.br\/portal\/wp-json\/wp\/v2\/users\/4"}],"replies":[{"embeddable":true,"href":"https:\/\/www.paudalho.pe.gov.br\/portal\/wp-json\/wp\/v2\/comments?post=7996"}],"version-history":[{"count":7,"href":"https:\/\/www.paudalho.pe.gov.br\/portal\/wp-json\/wp\/v2\/posts\/7996\/revisions"}],"predecessor-version":[{"id":8063,"href":"https:\/\/www.paudalho.pe.gov.br\/portal\/wp-json\/wp\/v2\/posts\/7996\/revisions\/8063"}],"wp:featuredmedia":[{"embeddable":true,"href":"https:\/\/www.paudalho.pe.gov.br\/portal\/wp-json\/wp\/v2\/media\/7964"}],"wp:attachment":[{"href":"https:\/\/www.paudalho.pe.gov.br\/portal\/wp-json\/wp\/v2\/media?parent=7996"}],"wp:term":[{"taxonomy":"category","embeddable":true,"href":"https:\/\/www.paudalho.pe.gov.br\/portal\/wp-json\/wp\/v2\/categories?post=7996"},{"taxonomy":"post_tag","embeddable":true,"href":"https:\/\/www.paudalho.pe.gov.br\/portal\/wp-json\/wp\/v2\/tags?post=7996"}],"curies":[{"name":"wp","href":"https:\/\/api.w.org\/{rel}","templated":true}]}}