{"id":7941,"date":"2019-09-02T10:16:40","date_gmt":"2019-09-02T13:16:40","guid":{"rendered":"https:\/\/www.paudalho.pe.gov.br\/portal\/?p=7941"},"modified":"2019-09-02T10:42:20","modified_gmt":"2019-09-02T13:42:20","slug":"divulgado-resultado-dos-aprovados-no-exame-do-processo-seletivo-para-o-conselho-tutelar","status":"publish","type":"post","link":"https:\/\/www.paudalho.pe.gov.br\/portal\/divulgado-resultado-dos-aprovados-no-exame-do-processo-seletivo-para-o-conselho-tutelar\/","title":{"rendered":"Divulgado resultado dos aprovados no exame do processo seletivo para o Conselho Tutelar"},"content":{"rendered":"\n<p>O Conselho Municipal de Defesa dos Direitos da Crian\u00e7a e do Adolescente de Paudalho (COMDICA) divulgou a lista dos candidatos aprovados na prova do processo seletivo para o Conselho  Tutelar. <\/p>\n\n\n\n<p><a href=\"https:\/\/drive.google.com\/open?id=1t4Jj8cakLjhYJAxprQE-TV9FPtKE0L_7\">Confira aqui o resultado!<\/a><\/p>\n\n\n\n<h3 class=\"wp-block-heading\">Reuni\u00e3o<\/h3>\n\n\n\n<p>Os aprovados dever\u00e3o comparecer \u00e0 reuni\u00e3o que ser\u00e1 realizada nesta ter\u00e7a-feira (9), \u00e0s 9h, na Sala do Empreendedor, que fica no P\u00e1tio da Feira Prefeito Ulisses Roque. Eles dever\u00e3o levar exame admissional.<\/p>\n\n\n\n<h3 class=\"wp-block-heading\">Conselho Tutelar<\/h3>\n\n\n\n<p>Cinco conselheiros titulares e cinco suplentes ser\u00e3o escolhidos em elei\u00e7\u00e3o prevista para outubro de 2019 . O trabalho da equipe ser\u00e1 fiscalizado pelo Minist\u00e9rio P\u00fablico de Pernambuco. O Conselho Tutelar \u00e9 um \u00f3rg\u00e3o permanente e aut\u00f4nomo, n\u00e3o jurisdicional, encarregado pela sociedade de zelar pelo cumprimento dos direitos da crian\u00e7a e do adolescente. <\/p>\n","protected":false},"excerpt":{"rendered":"<p>O Conselho Municipal de Defesa dos Direitos da Crian\u00e7a e do Adolescente de Paudalho (COMDICA) divulgou a lista dos candidatos aprovados na prova do processo seletivo para o Conselho Tutelar. Confira aqui o resultado! Reuni\u00e3o Os aprovados dever\u00e3o comparecer \u00e0 reuni\u00e3o que ser\u00e1 realizada nesta ter\u00e7a-feira (9), \u00e0s 9h, na Sala do Empreendedor, que fica [&hellip;]<\/p>\n","protected":false},"author":4,"featured_media":7847,"comment_status":"open","ping_status":"open","sticky":false,"template":"","format":"standard","meta":{"_jetpack_newsletter_access":"","_jetpack_dont_email_post_to_subs":false,"_jetpack_newsletter_tier_id":0,"_jetpack_memberships_contains_paywalled_content":false,"_jetpack_memberships_contains_paid_content":false,"footnotes":""},"categories":[2,1],"tags":[487,502],"class_list":["post-7941","post","type-post","status-publish","format-standard","has-post-thumbnail","hentry","category-destaque","category-noticias","tag-conselho-tutelar","tag-selecao"],"jetpack_featured_media_url":"https:\/\/www.paudalho.pe.gov.br\/portal\/wp-content\/uploads\/2019\/08\/child-917366_960_720.jpg","jetpack_sharing_enabled":true,"jetpack_shortlink":"https:\/\/wp.me\/p98mS2-245","_links":{"self":[{"href":"https:\/\/www.paudalho.pe.gov.br\/portal\/wp-json\/wp\/v2\/posts\/7941","targetHints":{"allow":["GET"]}}],"collection":[{"href":"https:\/\/www.paudalho.pe.gov.br\/portal\/wp-json\/wp\/v2\/posts"}],"about":[{"href":"https:\/\/www.paudalho.pe.gov.br\/portal\/wp-json\/wp\/v2\/types\/post"}],"author":[{"embeddable":true,"href":"https:\/\/www.paudalho.pe.gov.br\/portal\/wp-json\/wp\/v2\/users\/4"}],"replies":[{"embeddable":true,"href":"https:\/\/www.paudalho.pe.gov.br\/portal\/wp-json\/wp\/v2\/comments?post=7941"}],"version-history":[{"count":3,"href":"https:\/\/www.paudalho.pe.gov.br\/portal\/wp-json\/wp\/v2\/posts\/7941\/revisions"}],"predecessor-version":[{"id":7944,"href":"https:\/\/www.paudalho.pe.gov.br\/portal\/wp-json\/wp\/v2\/posts\/7941\/revisions\/7944"}],"wp:featuredmedia":[{"embeddable":true,"href":"https:\/\/www.paudalho.pe.gov.br\/portal\/wp-json\/wp\/v2\/media\/7847"}],"wp:attachment":[{"href":"https:\/\/www.paudalho.pe.gov.br\/portal\/wp-json\/wp\/v2\/media?parent=7941"}],"wp:term":[{"taxonomy":"category","embeddable":true,"href":"https:\/\/www.paudalho.pe.gov.br\/portal\/wp-json\/wp\/v2\/categories?post=7941"},{"taxonomy":"post_tag","embeddable":true,"href":"https:\/\/www.paudalho.pe.gov.br\/portal\/wp-json\/wp\/v2\/tags?post=7941"}],"curies":[{"name":"wp","href":"https:\/\/api.w.org\/{rel}","templated":true}]}}