{"id":7863,"date":"2019-08-26T16:16:31","date_gmt":"2019-08-26T19:16:31","guid":{"rendered":"https:\/\/www.paudalho.pe.gov.br\/portal\/?p=7863"},"modified":"2019-08-26T16:16:31","modified_gmt":"2019-08-26T19:16:31","slug":"prefeitura-do-paudalho-realiza-sorteio-de-hierarquizacao-da-lista-do-programa-minha-casa-minha-vida","status":"publish","type":"post","link":"https:\/\/www.paudalho.pe.gov.br\/portal\/prefeitura-do-paudalho-realiza-sorteio-de-hierarquizacao-da-lista-do-programa-minha-casa-minha-vida\/","title":{"rendered":"Prefeitura do Paudalho realiza Sorteio de Hierarquiza\u00e7\u00e3o da Lista do Programa Minha Casa Minha Vida"},"content":{"rendered":"\n<p>A Prefeitura do Paudalho por meio da Secret\u00e1ria de Desenvolvimento e Assist\u00eancia Social realizar\u00e1, na pr\u00f3xima sexta-feira (30), o Sorteio de Hierarquiza\u00e7\u00e3o da Lista do programa Minha Casa Minha Vida, do Residencial Guadalajara I. A programa\u00e7\u00e3o ocorrer\u00e1 no P\u00e1tio de Eventos Beira-Rio, no Centro da cidade, a partir das 17h.<\/p>\n\n\n\n<p><strong>Seguem as listas com candidatos compat\u00edveis a serem sorteados:<\/strong><\/p>\n\n\n\n<p><a href=\"https:\/\/drive.google.com\/file\/d\/0B91hDZ_NbeObcmlZY1VrbTlzY3FQNUhBYUJoLU9JUUpJeEt3\/view?usp=sharing\">Grupo  PCD<\/a><\/p>\n\n\n\n<p><a href=\"https:\/\/drive.google.com\/file\/d\/0B91hDZ_NbeObYmlxZ1l6MTRWUWNkWjctUGhYMEVzOE1xdXNn\/view?usp=sharing\">Grupo de Idosos <\/a><\/p>\n\n\n\n<p><a href=\"https:\/\/drive.google.com\/open?id=0B91hDZ_NbeObRjZ0VG41Y2UtX3dlOWVBZGszcUg3ZUhMaVUw\">Grupo I<\/a><\/p>\n\n\n\n<p><a href=\"https:\/\/drive.google.com\/file\/d\/0B91hDZ_NbeObQmhGb3JZMGxwVDRMRUp1SFhiWHVyVUJPVHB3\/view?usp=sharing\">Grupo II <\/a><\/p>\n\n\n\n<p><a href=\"https:\/\/drive.google.com\/file\/d\/0B91hDZ_NbeObX3hCUVZCTmc4M0hnNEEyOUFEN3N3ZXZ1YUJV\/view?usp=sharing\">Grupo III<\/a><\/p>\n\n\n\n<p><a href=\"https:\/\/drive.google.com\/file\/d\/0B91hDZ_NbeObdXdoZENPQUp3U19ReTFOcHBUT3hrdTFkVGRN\/view?usp=sharing\">Rela\u00e7\u00e3o de Pessoas Com Microcefalia <\/a><\/p>\n\n\n\n<p><a href=\"https:\/\/drive.google.com\/file\/d\/0B91hDZ_NbeObc1RrdFMzV2Y1QUxLYVlRUU8wTXBYN3Nodmd3\/view?usp=sharing\">Rela\u00e7\u00e3o dos Usu\u00e1rias das \u00c1reas de Risco<\/a><\/p>\n\n\n\n<h3 class=\"wp-block-heading\">Sobre o empreendimento <\/h3>\n\n\n\n<p>Ser\u00e3o entregues \u00e0 popula\u00e7\u00e3o 288 apartamentos em um investimento de cerca de R$ 21 milh\u00f5es. Cada pr\u00e9dio ter\u00e1 quatro andares e cada moradia ser\u00e1 constitu\u00edda de dois quartos, uma cozinha conjugada com \u00e1rea de servi\u00e7o, um banheiro social e uma sala. O residencial fica em Guadalajara, Paudalho, as margens da BR-408.<\/p>\n","protected":false},"excerpt":{"rendered":"<p>A Prefeitura do Paudalho por meio da Secret\u00e1ria de Desenvolvimento e Assist\u00eancia Social realizar\u00e1, na pr\u00f3xima sexta-feira (30), o Sorteio de Hierarquiza\u00e7\u00e3o da Lista do programa Minha Casa Minha Vida, do Residencial Guadalajara I. A programa\u00e7\u00e3o ocorrer\u00e1 no P\u00e1tio de Eventos Beira-Rio, no Centro da cidade, a partir das 17h. Seguem as listas com candidatos [&hellip;]<\/p>\n","protected":false},"author":4,"featured_media":7864,"comment_status":"open","ping_status":"open","sticky":false,"template":"","format":"standard","meta":{"_jetpack_newsletter_access":"","_jetpack_dont_email_post_to_subs":false,"_jetpack_newsletter_tier_id":0,"_jetpack_memberships_contains_paywalled_content":false,"_jetpack_memberships_contains_paid_content":false,"footnotes":""},"categories":[2,1,35],"tags":[14,455],"class_list":["post-7863","post","type-post","status-publish","format-standard","has-post-thumbnail","hentry","category-destaque","category-noticias","category-obras","tag-paudalho","tag-programa-minha-casa-minha-vida"],"jetpack_featured_media_url":"https:\/\/www.paudalho.pe.gov.br\/portal\/wp-content\/uploads\/2019\/08\/house-2368389_960_720.jpg","jetpack_sharing_enabled":true,"jetpack_shortlink":"https:\/\/wp.me\/p98mS2-22P","_links":{"self":[{"href":"https:\/\/www.paudalho.pe.gov.br\/portal\/wp-json\/wp\/v2\/posts\/7863","targetHints":{"allow":["GET"]}}],"collection":[{"href":"https:\/\/www.paudalho.pe.gov.br\/portal\/wp-json\/wp\/v2\/posts"}],"about":[{"href":"https:\/\/www.paudalho.pe.gov.br\/portal\/wp-json\/wp\/v2\/types\/post"}],"author":[{"embeddable":true,"href":"https:\/\/www.paudalho.pe.gov.br\/portal\/wp-json\/wp\/v2\/users\/4"}],"replies":[{"embeddable":true,"href":"https:\/\/www.paudalho.pe.gov.br\/portal\/wp-json\/wp\/v2\/comments?post=7863"}],"version-history":[{"count":1,"href":"https:\/\/www.paudalho.pe.gov.br\/portal\/wp-json\/wp\/v2\/posts\/7863\/revisions"}],"predecessor-version":[{"id":7865,"href":"https:\/\/www.paudalho.pe.gov.br\/portal\/wp-json\/wp\/v2\/posts\/7863\/revisions\/7865"}],"wp:featuredmedia":[{"embeddable":true,"href":"https:\/\/www.paudalho.pe.gov.br\/portal\/wp-json\/wp\/v2\/media\/7864"}],"wp:attachment":[{"href":"https:\/\/www.paudalho.pe.gov.br\/portal\/wp-json\/wp\/v2\/media?parent=7863"}],"wp:term":[{"taxonomy":"category","embeddable":true,"href":"https:\/\/www.paudalho.pe.gov.br\/portal\/wp-json\/wp\/v2\/categories?post=7863"},{"taxonomy":"post_tag","embeddable":true,"href":"https:\/\/www.paudalho.pe.gov.br\/portal\/wp-json\/wp\/v2\/tags?post=7863"}],"curies":[{"name":"wp","href":"https:\/\/api.w.org\/{rel}","templated":true}]}}