{"id":7845,"date":"2019-08-23T14:12:47","date_gmt":"2019-08-23T17:12:47","guid":{"rendered":"https:\/\/www.paudalho.pe.gov.br\/portal\/?p=7845"},"modified":"2019-08-23T14:22:14","modified_gmt":"2019-08-23T17:22:14","slug":"prova-com-pre-candidatos-para-eleicao-do-conselho-tutelar-sera-realizada-neste-domingo-25","status":"publish","type":"post","link":"https:\/\/www.paudalho.pe.gov.br\/portal\/prova-com-pre-candidatos-para-eleicao-do-conselho-tutelar-sera-realizada-neste-domingo-25\/","title":{"rendered":"Prova com pr\u00e9-candidatos para elei\u00e7\u00e3o do Conselho Tutelar ser\u00e1 realizada neste domingo (25)"},"content":{"rendered":"\n<p>A Prefeitura do Paudalho por meio do Conselho Conselho Municipal de Defesa dos Direitos da Crian\u00e7a e do Adolescente (COMDICA) realiza no pr\u00f3ximo domingo (25) a prova com os pr\u00e9-candidatos ao Conselho Tutelar. A programa\u00e7\u00e3o vai ocorrer na Sala do Empreendedor, que fica no P\u00e1tio da Feira Prefeito Ulisses Roque, das 8h \u00e0s 12h. O exame ser\u00e1 de conhecimento sobre direitos da crian\u00e7a e do adolescente, portugu\u00eas, inform\u00e1tica e reda\u00e7\u00e3o. <\/p>\n\n\n\n<div class=\"wp-block-file\"><a href=\"https:\/\/www.paudalho.pe.gov.br\/portal\/wp-content\/uploads\/2019\/08\/EDITAL-N\u00ba-001-2019-1.pdf\"><strong>Confira aqui as regras da prova no edital. O texto est\u00e1 destacado na cor amarela!<\/strong> <\/a><a href=\"https:\/\/www.paudalho.pe.gov.br\/portal\/wp-content\/uploads\/2019\/08\/EDITAL-N\u00ba-001-2019-1.pdf\" class=\"wp-block-file__button\" download>Baixar<\/a><\/div>\n\n\n\n<h3 class=\"wp-block-heading\">Sobre o Conselho Tutelar<\/h3>\n\n\n\n<p>Cinco conselheiros tutelares e cinco suplentes ser\u00e3o escolhidos. O trabalho da equipe ser\u00e1 fiscalizado pelo Minist\u00e9rio P\u00fablico de Pernambuco. O Conselho Tutelar \u00e9 um \u00f3rg\u00e3o permanente e aut\u00f4nomo, n\u00e3o jurisdicional, encarregado pela sociedade de zelar pelo cumprimento dos direitos da crian\u00e7a e do adolescente. <\/p>\n","protected":false},"excerpt":{"rendered":"<p>A Prefeitura do Paudalho por meio do Conselho Conselho Municipal de Defesa dos Direitos da Crian\u00e7a e do Adolescente (COMDICA) realiza no pr\u00f3ximo domingo (25) a prova com os pr\u00e9-candidatos ao Conselho Tutelar. A programa\u00e7\u00e3o vai ocorrer na Sala do Empreendedor, que fica no P\u00e1tio da Feira Prefeito Ulisses Roque, das 8h \u00e0s 12h. O [&hellip;]<\/p>\n","protected":false},"author":4,"featured_media":7847,"comment_status":"open","ping_status":"open","sticky":false,"template":"","format":"standard","meta":{"_jetpack_newsletter_access":"","_jetpack_dont_email_post_to_subs":false,"_jetpack_newsletter_tier_id":0,"_jetpack_memberships_contains_paywalled_content":false,"_jetpack_memberships_contains_paid_content":false,"footnotes":""},"categories":[2,1],"tags":[180,507],"class_list":["post-7845","post","type-post","status-publish","format-standard","has-post-thumbnail","hentry","category-destaque","category-noticias","tag-comdica","tag-crianca"],"jetpack_featured_media_url":"https:\/\/www.paudalho.pe.gov.br\/portal\/wp-content\/uploads\/2019\/08\/child-917366_960_720.jpg","jetpack_sharing_enabled":true,"jetpack_shortlink":"https:\/\/wp.me\/p98mS2-22x","_links":{"self":[{"href":"https:\/\/www.paudalho.pe.gov.br\/portal\/wp-json\/wp\/v2\/posts\/7845","targetHints":{"allow":["GET"]}}],"collection":[{"href":"https:\/\/www.paudalho.pe.gov.br\/portal\/wp-json\/wp\/v2\/posts"}],"about":[{"href":"https:\/\/www.paudalho.pe.gov.br\/portal\/wp-json\/wp\/v2\/types\/post"}],"author":[{"embeddable":true,"href":"https:\/\/www.paudalho.pe.gov.br\/portal\/wp-json\/wp\/v2\/users\/4"}],"replies":[{"embeddable":true,"href":"https:\/\/www.paudalho.pe.gov.br\/portal\/wp-json\/wp\/v2\/comments?post=7845"}],"version-history":[{"count":3,"href":"https:\/\/www.paudalho.pe.gov.br\/portal\/wp-json\/wp\/v2\/posts\/7845\/revisions"}],"predecessor-version":[{"id":7850,"href":"https:\/\/www.paudalho.pe.gov.br\/portal\/wp-json\/wp\/v2\/posts\/7845\/revisions\/7850"}],"wp:featuredmedia":[{"embeddable":true,"href":"https:\/\/www.paudalho.pe.gov.br\/portal\/wp-json\/wp\/v2\/media\/7847"}],"wp:attachment":[{"href":"https:\/\/www.paudalho.pe.gov.br\/portal\/wp-json\/wp\/v2\/media?parent=7845"}],"wp:term":[{"taxonomy":"category","embeddable":true,"href":"https:\/\/www.paudalho.pe.gov.br\/portal\/wp-json\/wp\/v2\/categories?post=7845"},{"taxonomy":"post_tag","embeddable":true,"href":"https:\/\/www.paudalho.pe.gov.br\/portal\/wp-json\/wp\/v2\/tags?post=7845"}],"curies":[{"name":"wp","href":"https:\/\/api.w.org\/{rel}","templated":true}]}}