{"id":7831,"date":"2019-08-22T14:47:49","date_gmt":"2019-08-22T17:47:49","guid":{"rendered":"https:\/\/www.paudalho.pe.gov.br\/portal\/?p=7831"},"modified":"2019-08-22T16:05:28","modified_gmt":"2019-08-22T19:05:28","slug":"divulgada-lista-dos-candidatos-classificados-para-ultima-etapa-da-selecao-publica-da-secretaria-de-saude-de-paudalho","status":"publish","type":"post","link":"https:\/\/www.paudalho.pe.gov.br\/portal\/divulgada-lista-dos-candidatos-classificados-para-ultima-etapa-da-selecao-publica-da-secretaria-de-saude-de-paudalho\/","title":{"rendered":"Divulgada lista dos candidatos classificados para \u00faltima etapa da Sele\u00e7\u00e3o P\u00fablica da Secretaria de Sa\u00fade de Paudalho"},"content":{"rendered":"\n<p>A Prefeitura do Paudalho tornou p\u00fablico, nesta quinta-feira (22), o Edital de Convoca\u00e7\u00e3o para in\u00edcio da \u00faltima etapa da Sele\u00e7\u00e3o P\u00fablica para provimento de vagas em cargos no quadro permanente da Secretaria de Sa\u00fade. As vagas s\u00e3o para Agentes Comunit\u00e1rios de Sa\u00fade (ACS) e para Agente de Combate \u00e0s Endemias (ACE).&nbsp;<\/p>\n\n\n\n<p><a href=\"https:\/\/drive.google.com\/file\/d\/1Agel0IeAGTdE48pviyQwTdbRFVDwHr88\/view?usp=drivesdk\">Confira aqui a lista com os nomes no Edital de Convoca\u00e7\u00e3o!\u00a0<\/a><\/p>\n\n\n\n<p><a href=\"https:\/\/drive.google.com\/file\/d\/1ttQrTqpbTdJ85CojR3cvWoA5NjrnO2fo\/view?usp=drivesdk\">Confira tamb\u00e9m a lista de convoca\u00e7\u00e3o dos candidatos PCD para per\u00edcia m\u00e9dica!\u00a0<\/a><\/p>\n\n\n\n<h3 class=\"wp-block-heading\">Sobre as vagas&nbsp;<\/h3>\n\n\n\n<p>Na a\u00e7\u00e3o foram disponibilizadas 19 vagas, sendo 14 para ACSe cinco para ACE.<\/p>\n","protected":false},"excerpt":{"rendered":"<p>A Prefeitura do Paudalho tornou p\u00fablico, nesta quinta-feira (22), o Edital de Convoca\u00e7\u00e3o para in\u00edcio da \u00faltima etapa da Sele\u00e7\u00e3o P\u00fablica para provimento de vagas em cargos no quadro permanente da Secretaria de Sa\u00fade. As vagas s\u00e3o para Agentes Comunit\u00e1rios de Sa\u00fade (ACS) e para Agente de Combate \u00e0s Endemias (ACE).&nbsp; Confira aqui a lista [&hellip;]<\/p>\n","protected":false},"author":4,"featured_media":7832,"comment_status":"open","ping_status":"open","sticky":false,"template":"","format":"standard","meta":{"_jetpack_newsletter_access":"","_jetpack_dont_email_post_to_subs":false,"_jetpack_newsletter_tier_id":0,"_jetpack_memberships_contains_paywalled_content":false,"_jetpack_memberships_contains_paid_content":false,"footnotes":""},"categories":[2,1,3],"tags":[16,485],"class_list":["post-7831","post","type-post","status-publish","format-standard","has-post-thumbnail","hentry","category-destaque","category-noticias","category-saude","tag-saude","tag-selecao-publica"],"jetpack_featured_media_url":"https:\/\/www.paudalho.pe.gov.br\/portal\/wp-content\/uploads\/2019\/08\/4BD9ACD2-4BE9-4E72-9EB9-E973C1DDF2A6.jpeg","jetpack_sharing_enabled":true,"jetpack_shortlink":"https:\/\/wp.me\/p98mS2-22j","_links":{"self":[{"href":"https:\/\/www.paudalho.pe.gov.br\/portal\/wp-json\/wp\/v2\/posts\/7831","targetHints":{"allow":["GET"]}}],"collection":[{"href":"https:\/\/www.paudalho.pe.gov.br\/portal\/wp-json\/wp\/v2\/posts"}],"about":[{"href":"https:\/\/www.paudalho.pe.gov.br\/portal\/wp-json\/wp\/v2\/types\/post"}],"author":[{"embeddable":true,"href":"https:\/\/www.paudalho.pe.gov.br\/portal\/wp-json\/wp\/v2\/users\/4"}],"replies":[{"embeddable":true,"href":"https:\/\/www.paudalho.pe.gov.br\/portal\/wp-json\/wp\/v2\/comments?post=7831"}],"version-history":[{"count":4,"href":"https:\/\/www.paudalho.pe.gov.br\/portal\/wp-json\/wp\/v2\/posts\/7831\/revisions"}],"predecessor-version":[{"id":7836,"href":"https:\/\/www.paudalho.pe.gov.br\/portal\/wp-json\/wp\/v2\/posts\/7831\/revisions\/7836"}],"wp:featuredmedia":[{"embeddable":true,"href":"https:\/\/www.paudalho.pe.gov.br\/portal\/wp-json\/wp\/v2\/media\/7832"}],"wp:attachment":[{"href":"https:\/\/www.paudalho.pe.gov.br\/portal\/wp-json\/wp\/v2\/media?parent=7831"}],"wp:term":[{"taxonomy":"category","embeddable":true,"href":"https:\/\/www.paudalho.pe.gov.br\/portal\/wp-json\/wp\/v2\/categories?post=7831"},{"taxonomy":"post_tag","embeddable":true,"href":"https:\/\/www.paudalho.pe.gov.br\/portal\/wp-json\/wp\/v2\/tags?post=7831"}],"curies":[{"name":"wp","href":"https:\/\/api.w.org\/{rel}","templated":true}]}}