{"id":7799,"date":"2019-08-20T12:38:37","date_gmt":"2019-08-20T15:38:37","guid":{"rendered":"https:\/\/www.paudalho.pe.gov.br\/portal\/?p=7799"},"modified":"2019-08-20T13:02:11","modified_gmt":"2019-08-20T16:02:11","slug":"programa-ruas-do-povo-chega-ao-loteamento-butanha-em-paudalho","status":"publish","type":"post","link":"https:\/\/www.paudalho.pe.gov.br\/portal\/programa-ruas-do-povo-chega-ao-loteamento-butanha-em-paudalho\/","title":{"rendered":"Programa Ruas do Povo chega ao Loteamento Butanha, em Paudalho"},"content":{"rendered":"\n<p>O Programa Ruas do Povo segue transformando a vida de milhares de paudalhenses. As obras tamb\u00e9m chegaram na comunidade do Loteamento Butanha. A rua, que quando chovia virava lama, j\u00e1 passa pela transforma\u00e7\u00e3o. A aut\u00f4noma, K\u00e1tia Cristina, de 44 anos, mora em frente \u00e0 via que est\u00e1 sendo cal\u00e7ada e comemora. &#8220;<em>Estou achando \u00f3timo, j\u00e1 melhorou. Vai ajudar muito tanto quem mora aqui na rua, quanto para quem vai passar&#8221;<\/em>, disse. <\/p>\n\n\n\n<figure class=\"wp-block-image\"><img loading=\"lazy\" decoding=\"async\" width=\"1280\" height=\"960\" data-attachment-id=\"7800\" data-permalink=\"https:\/\/www.paudalho.pe.gov.br\/portal\/programa-ruas-do-povo-chega-ao-loteamento-butanha-em-paudalho\/397b35d4-527a-4b3a-9a7c-8b2442bc03e6\/\" data-orig-file=\"https:\/\/www.paudalho.pe.gov.br\/portal\/wp-content\/uploads\/2019\/08\/397b35d4-527a-4b3a-9a7c-8b2442bc03e6.jpg\" data-orig-size=\"1280,960\" data-comments-opened=\"1\" data-image-meta=\"{&quot;aperture&quot;:&quot;0&quot;,&quot;credit&quot;:&quot;&quot;,&quot;camera&quot;:&quot;&quot;,&quot;caption&quot;:&quot;&quot;,&quot;created_timestamp&quot;:&quot;0&quot;,&quot;copyright&quot;:&quot;&quot;,&quot;focal_length&quot;:&quot;0&quot;,&quot;iso&quot;:&quot;0&quot;,&quot;shutter_speed&quot;:&quot;0&quot;,&quot;title&quot;:&quot;&quot;,&quot;orientation&quot;:&quot;0&quot;}\" data-image-title=\"397b35d4-527a-4b3a-9a7c-8b2442bc03e6\" data-image-description=\"\" data-image-caption=\"\" data-medium-file=\"https:\/\/www.paudalho.pe.gov.br\/portal\/wp-content\/uploads\/2019\/08\/397b35d4-527a-4b3a-9a7c-8b2442bc03e6.jpg\" data-large-file=\"https:\/\/www.paudalho.pe.gov.br\/portal\/wp-content\/uploads\/2019\/08\/397b35d4-527a-4b3a-9a7c-8b2442bc03e6.jpg\" src=\"https:\/\/www.paudalho.pe.gov.br\/portal\/wp-content\/uploads\/2019\/08\/397b35d4-527a-4b3a-9a7c-8b2442bc03e6.jpg\" alt=\"\" class=\"wp-image-7800\"\/><figcaption>Foto: Thales K\u00edrion\/PMP <br>Moradora do bairro, K\u00e1tia Cristina,  comemora as obras. <\/figcaption><\/figure>\n\n\n\n<p><br>Das mais de 120 ruas que ser\u00e3o cal\u00e7adas no Munic\u00edpio pelo Programa Ruas do Povo, quase 40 j\u00e1 est\u00e3o prontas. S\u00e3o elas: ruas Um, Dois, Tr\u00eas, Quatro e Cinco, na Portelinha; Um, Tr\u00eas, Quatro e Cinco, na comunidade de Rosarinho; Rua Cinco, na Asa Branca; Rua Quatro, Travessa Paulo Guerra, em Ch\u00e3 de Cruz; ruas Um, Dois, Tr\u00eas, Quatro, Cinco, em Tabaruna e Rua S\u00edtio, em Ch\u00e3 de Camila.<\/p>\n\n\n\n<p>Ainda tem cal\u00e7amento pronto nas ruas Dois, Tr\u00eas e Acesso Dois, em Ch\u00e3 de Conselho; Rua Nova S\u00e3o Paulo; Segunda Travessa Confedera\u00e7\u00e3o do Equador e Ruas Um, Dois e Sem N\u00famero, todas no Alto Dois Irm\u00e3os. Por fim, tamb\u00e9m, a rua Paralela 35, na Primavera, as ruas Quatro, Cinco, Sete e Oito, na comunidade da Santa Tereza e Dois, Cinco, Seis, Sete e Nove no Bel\u00e9m.<\/p>\n\n\n\n<h3 class=\"wp-block-heading\">Paudalho transformado<\/h3>\n\n\n\n<p>Ao todo, 19 bairros ser\u00e3o contemplados pela a\u00e7\u00e3o que visa dignificar o paudalhense. De acordo com a Secretaria de Desenvolvimento Urbano e Agr\u00e1rio, foi investido o valor de R$ 6,5 milh\u00f5es no Programa.<\/p>\n\n\n\n<p>Maria Jos\u00e9, de 55 anos, \u00e9 moradora do bairro de Ch\u00e3 de Conselho e comemora. \u201cEu nasci em Tracunha\u00e9m e na adolesc\u00eancia vim para esse bairro. Aqui eu conheci meu esposo, namorei, me casei e tive  minhas duas filhas. Antes era muito dif\u00edcil. Quando chovia a gente ficava com medo porque era muita lama. Era tanta lama que a gente chegava a sambar\u201d, explicou.<\/p>\n\n\n\n<p>Na comunidade do Alto Dois Irm\u00e3os mora a dona de Casa Maria de F\u00e1tima, de 46 anos. A paudalhense tamb\u00e9m celebra a transforma\u00e7\u00e3o. \u201cAntes quando chovia era uma agonia, a gente j\u00e1 se preparava para o sofrimento. Eu lembro que coloc\u00e1vamos uma t\u00e1bua para poder entrar e o esgoto ainda era aberto. Como n\u00e3o ficar feliz, n\u00e3o \u00e9? Tudo isso mudou\u201d, disse.<\/p>\n","protected":false},"excerpt":{"rendered":"<p>O Programa Ruas do Povo segue transformando a vida de milhares de paudalhenses. As obras tamb\u00e9m chegaram na comunidade do Loteamento Butanha. A rua, que quando chovia virava lama, j\u00e1 passa pela transforma\u00e7\u00e3o. A aut\u00f4noma, K\u00e1tia Cristina, de 44 anos, mora em frente \u00e0 via que est\u00e1 sendo cal\u00e7ada e comemora. &#8220;Estou achando \u00f3timo, j\u00e1 [&hellip;]<\/p>\n","protected":false},"author":4,"featured_media":7802,"comment_status":"open","ping_status":"open","sticky":false,"template":"","format":"standard","meta":{"_jetpack_newsletter_access":"","_jetpack_dont_email_post_to_subs":false,"_jetpack_newsletter_tier_id":0,"_jetpack_memberships_contains_paywalled_content":false,"_jetpack_memberships_contains_paid_content":false,"footnotes":""},"categories":[2,1,35],"tags":[348,344],"class_list":["post-7799","post","type-post","status-publish","format-standard","has-post-thumbnail","hentry","category-destaque","category-noticias","category-obras","tag-programa-ruas-do-povo","tag-ruas-do-povo"],"jetpack_featured_media_url":"https:\/\/www.paudalho.pe.gov.br\/portal\/wp-content\/uploads\/2019\/08\/b1b31add-2237-4b75-8a95-4dc709c43656.jpg","jetpack_sharing_enabled":true,"jetpack_shortlink":"https:\/\/wp.me\/p98mS2-21N","_links":{"self":[{"href":"https:\/\/www.paudalho.pe.gov.br\/portal\/wp-json\/wp\/v2\/posts\/7799","targetHints":{"allow":["GET"]}}],"collection":[{"href":"https:\/\/www.paudalho.pe.gov.br\/portal\/wp-json\/wp\/v2\/posts"}],"about":[{"href":"https:\/\/www.paudalho.pe.gov.br\/portal\/wp-json\/wp\/v2\/types\/post"}],"author":[{"embeddable":true,"href":"https:\/\/www.paudalho.pe.gov.br\/portal\/wp-json\/wp\/v2\/users\/4"}],"replies":[{"embeddable":true,"href":"https:\/\/www.paudalho.pe.gov.br\/portal\/wp-json\/wp\/v2\/comments?post=7799"}],"version-history":[{"count":7,"href":"https:\/\/www.paudalho.pe.gov.br\/portal\/wp-json\/wp\/v2\/posts\/7799\/revisions"}],"predecessor-version":[{"id":7808,"href":"https:\/\/www.paudalho.pe.gov.br\/portal\/wp-json\/wp\/v2\/posts\/7799\/revisions\/7808"}],"wp:featuredmedia":[{"embeddable":true,"href":"https:\/\/www.paudalho.pe.gov.br\/portal\/wp-json\/wp\/v2\/media\/7802"}],"wp:attachment":[{"href":"https:\/\/www.paudalho.pe.gov.br\/portal\/wp-json\/wp\/v2\/media?parent=7799"}],"wp:term":[{"taxonomy":"category","embeddable":true,"href":"https:\/\/www.paudalho.pe.gov.br\/portal\/wp-json\/wp\/v2\/categories?post=7799"},{"taxonomy":"post_tag","embeddable":true,"href":"https:\/\/www.paudalho.pe.gov.br\/portal\/wp-json\/wp\/v2\/tags?post=7799"}],"curies":[{"name":"wp","href":"https:\/\/api.w.org\/{rel}","templated":true}]}}