{"id":777,"date":"2017-08-29T13:54:51","date_gmt":"2017-08-29T16:54:51","guid":{"rendered":"http:\/\/www.paudalho.pe.gov.br\/portal\/?p=777"},"modified":"2017-09-21T01:05:09","modified_gmt":"2017-09-21T04:05:09","slug":"secretaria-de-educacao-produz-documentario","status":"publish","type":"post","link":"https:\/\/www.paudalho.pe.gov.br\/portal\/secretaria-de-educacao-produz-documentario\/","title":{"rendered":"Secretaria de Educa\u00e7\u00e3o produz document\u00e1rio"},"content":{"rendered":"<p>A Prefeitura do Paudalho, por meio da Secretaria de Educa\u00e7\u00e3o e das coordena\u00e7\u00f5es de Gest\u00e3o Escolar e Ger\u00eancia de Desenvolvimento Escolar, vai produzir um document\u00e1rio sobre a educa\u00e7\u00e3o no tr\u00e2nsito. O filme faz parte do projeto &#8220;Professor Amigo no Tr\u00e2nsito&#8221; e tem o objetivo de instruir crian\u00e7as, jovens e adultos do munic\u00edpio.<\/p>\n<p>A coordenadora de Gest\u00e3o Escolar, L\u00facia Cleide, comentou que a a\u00e7\u00e3o visa promover a informa\u00e7\u00e3o e as poss\u00edveis solu\u00e7\u00f5es para a melhoria da qualidade de vida no tr\u00e2nsito da cidade, al\u00e9m de instruir os alunos atrav\u00e9s do document\u00e1rio. \u201cA gente vai pegar esses alunos multiplicadores, eles v\u00e3o para as comunidades, fazem entrevistas com cadeirantes e a popula\u00e7\u00e3o. A vis\u00e3o \u00e9 essa: trazer esses alunos e eles serem multiplicadores\u201d, comentou.<\/p>\n<p>No elenco da produ\u00e7\u00e3o, j\u00e1 foram selecionados professores e estudantes que v\u00e3o atuar entrevistando personagens e dando apoio \u00e0 produ\u00e7\u00e3o. O coordenador da Ger\u00eancia e Desenvolvimento Escolar, Ednaldo Emanuel, esclareceu que o projeto j\u00e1 est\u00e1 acontecendo: \u201cacredito que na segunda semana de setembro j\u00e1 estamos com a equipe pronta para poder gravar&#8230;a gente est\u00e1 pensando em fazer um cronograma que vai ser incluso nas atividades das escolas e vai ter um dia que a gente vai expor esse document\u00e1rio\u201d, explicou. A gest\u00e3o do munic\u00edpio se preocupa com a instru\u00e7\u00e3o da popula\u00e7\u00e3o em rela\u00e7\u00e3o ao tr\u00e2nsito e o bem-estar do coletivo.<\/p>\n<p>Nesta segunda-feira (29), o projeto &#8220;Professor Amigo no Transito&#8221; realizou uma a\u00e7\u00e3o juntamente com a Turma do Fom Fom, grupo do Detran-PE, que reuniu alunos da Rede Municipal de Ensino para, de uma forma did\u00e1tica e descontra\u00edda, educar sobre o a circula\u00e7\u00e3o dos carros na cidade. De acordo com L\u00facia Cleide, o projeto tem a preocupa\u00e7\u00e3o de conscientizar: \u201cA gente criou uma rede multiplicadora, onde n\u00f3s selecionamos seis professores do sexto ao nono ano e 12 alunos que ser\u00e3o multiplicadores para atuar nas escolas e na comunidade\u201d, detalhou.<\/p>\n<p><img loading=\"lazy\" decoding=\"async\" data-attachment-id=\"780\" data-permalink=\"https:\/\/www.paudalho.pe.gov.br\/portal\/secretaria-de-educacao-produz-documentario\/bc8f49ed-cfa6-4505-964b-29a80d8de6de\/\" data-orig-file=\"https:\/\/www.paudalho.pe.gov.br\/portal\/wp-content\/uploads\/2017\/08\/bc8f49ed-cfa6-4505-964b-29a80d8de6de.jpg\" data-orig-size=\"1040,780\" data-comments-opened=\"1\" data-image-meta=\"{&quot;aperture&quot;:&quot;0&quot;,&quot;credit&quot;:&quot;&quot;,&quot;camera&quot;:&quot;&quot;,&quot;caption&quot;:&quot;&quot;,&quot;created_timestamp&quot;:&quot;0&quot;,&quot;copyright&quot;:&quot;&quot;,&quot;focal_length&quot;:&quot;0&quot;,&quot;iso&quot;:&quot;0&quot;,&quot;shutter_speed&quot;:&quot;0&quot;,&quot;title&quot;:&quot;&quot;,&quot;orientation&quot;:&quot;0&quot;}\" data-image-title=\"\" data-image-description=\"\" data-image-caption=\"\" data-medium-file=\"https:\/\/www.paudalho.pe.gov.br\/portal\/wp-content\/uploads\/2017\/08\/bc8f49ed-cfa6-4505-964b-29a80d8de6de-350x230.jpg\" data-large-file=\"https:\/\/www.paudalho.pe.gov.br\/portal\/wp-content\/uploads\/2017\/08\/bc8f49ed-cfa6-4505-964b-29a80d8de6de-800x450.jpg\" class=\"alignnone size-medium wp-image-780\" src=\"http:\/\/www.paudalho.pe.gov.br\/portal\/wp-content\/uploads\/2017\/08\/bc8f49ed-cfa6-4505-964b-29a80d8de6de-350x230.jpg\" alt=\"\" width=\"300\" height=\"197\" \/><img loading=\"lazy\" decoding=\"async\" data-attachment-id=\"781\" data-permalink=\"https:\/\/www.paudalho.pe.gov.br\/portal\/secretaria-de-educacao-produz-documentario\/05e76b66-f6a3-43e4-b64b-939fee1420bb\/\" data-orig-file=\"https:\/\/www.paudalho.pe.gov.br\/portal\/wp-content\/uploads\/2017\/08\/05e76b66-f6a3-43e4-b64b-939fee1420bb.jpg\" data-orig-size=\"1040,780\" data-comments-opened=\"1\" data-image-meta=\"{&quot;aperture&quot;:&quot;0&quot;,&quot;credit&quot;:&quot;&quot;,&quot;camera&quot;:&quot;&quot;,&quot;caption&quot;:&quot;&quot;,&quot;created_timestamp&quot;:&quot;0&quot;,&quot;copyright&quot;:&quot;&quot;,&quot;focal_length&quot;:&quot;0&quot;,&quot;iso&quot;:&quot;0&quot;,&quot;shutter_speed&quot;:&quot;0&quot;,&quot;title&quot;:&quot;&quot;,&quot;orientation&quot;:&quot;0&quot;}\" data-image-title=\"\" data-image-description=\"\" data-image-caption=\"\" data-medium-file=\"https:\/\/www.paudalho.pe.gov.br\/portal\/wp-content\/uploads\/2017\/08\/05e76b66-f6a3-43e4-b64b-939fee1420bb-350x230.jpg\" data-large-file=\"https:\/\/www.paudalho.pe.gov.br\/portal\/wp-content\/uploads\/2017\/08\/05e76b66-f6a3-43e4-b64b-939fee1420bb-800x450.jpg\" class=\"alignnone size-medium wp-image-781\" src=\"http:\/\/www.paudalho.pe.gov.br\/portal\/wp-content\/uploads\/2017\/08\/05e76b66-f6a3-43e4-b64b-939fee1420bb-350x230.jpg\" alt=\"\" width=\"300\" height=\"197\" \/><\/p>\n<p><img loading=\"lazy\" decoding=\"async\" data-attachment-id=\"779\" data-permalink=\"https:\/\/www.paudalho.pe.gov.br\/portal\/secretaria-de-educacao-produz-documentario\/c818c344-1a2d-4645-9f72-944bffb36032\/\" data-orig-file=\"https:\/\/www.paudalho.pe.gov.br\/portal\/wp-content\/uploads\/2017\/08\/c818c344-1a2d-4645-9f72-944bffb36032.jpg\" data-orig-size=\"1040,780\" data-comments-opened=\"1\" data-image-meta=\"{&quot;aperture&quot;:&quot;0&quot;,&quot;credit&quot;:&quot;&quot;,&quot;camera&quot;:&quot;&quot;,&quot;caption&quot;:&quot;&quot;,&quot;created_timestamp&quot;:&quot;0&quot;,&quot;copyright&quot;:&quot;&quot;,&quot;focal_length&quot;:&quot;0&quot;,&quot;iso&quot;:&quot;0&quot;,&quot;shutter_speed&quot;:&quot;0&quot;,&quot;title&quot;:&quot;&quot;,&quot;orientation&quot;:&quot;0&quot;}\" data-image-title=\"\" data-image-description=\"\" data-image-caption=\"\" data-medium-file=\"https:\/\/www.paudalho.pe.gov.br\/portal\/wp-content\/uploads\/2017\/08\/c818c344-1a2d-4645-9f72-944bffb36032-350x230.jpg\" data-large-file=\"https:\/\/www.paudalho.pe.gov.br\/portal\/wp-content\/uploads\/2017\/08\/c818c344-1a2d-4645-9f72-944bffb36032-800x450.jpg\" class=\"alignnone size-medium wp-image-779\" src=\"http:\/\/www.paudalho.pe.gov.br\/portal\/wp-content\/uploads\/2017\/08\/c818c344-1a2d-4645-9f72-944bffb36032-350x230.jpg\" alt=\"\" width=\"300\" height=\"197\" \/><img loading=\"lazy\" decoding=\"async\" data-attachment-id=\"782\" data-permalink=\"https:\/\/www.paudalho.pe.gov.br\/portal\/secretaria-de-educacao-produz-documentario\/62d979ff-1d24-49e3-9f25-a6baa417c14d\/\" data-orig-file=\"https:\/\/www.paudalho.pe.gov.br\/portal\/wp-content\/uploads\/2017\/08\/62d979ff-1d24-49e3-9f25-a6baa417c14d.jpg\" data-orig-size=\"1040,780\" data-comments-opened=\"1\" data-image-meta=\"{&quot;aperture&quot;:&quot;0&quot;,&quot;credit&quot;:&quot;&quot;,&quot;camera&quot;:&quot;&quot;,&quot;caption&quot;:&quot;&quot;,&quot;created_timestamp&quot;:&quot;0&quot;,&quot;copyright&quot;:&quot;&quot;,&quot;focal_length&quot;:&quot;0&quot;,&quot;iso&quot;:&quot;0&quot;,&quot;shutter_speed&quot;:&quot;0&quot;,&quot;title&quot;:&quot;&quot;,&quot;orientation&quot;:&quot;0&quot;}\" data-image-title=\"\" data-image-description=\"\" data-image-caption=\"\" data-medium-file=\"https:\/\/www.paudalho.pe.gov.br\/portal\/wp-content\/uploads\/2017\/08\/62d979ff-1d24-49e3-9f25-a6baa417c14d-350x230.jpg\" data-large-file=\"https:\/\/www.paudalho.pe.gov.br\/portal\/wp-content\/uploads\/2017\/08\/62d979ff-1d24-49e3-9f25-a6baa417c14d-800x450.jpg\" class=\"alignnone size-medium wp-image-782\" src=\"http:\/\/www.paudalho.pe.gov.br\/portal\/wp-content\/uploads\/2017\/08\/62d979ff-1d24-49e3-9f25-a6baa417c14d-350x230.jpg\" alt=\"\" width=\"300\" height=\"197\" \/><\/p>\n<p>&nbsp;<\/p>\n<p>A participa\u00e7\u00e3o da Turma do Fom Fom trouxe alegria, divers\u00e3o e, claro, muito conhecimento. Os estudantes n\u00e3o tiravam os olhos dos palha\u00e7os que, de forma criativa e descontra\u00edda, mostravam as regras e as informa\u00e7\u00f5es sobre o tr\u00e2nsito. Um dos atores, o arte-educador Will Menezes, comentou que a a\u00e7\u00e3o no munic\u00edpio foi um sucesso: \u201cA gente usa sempre uma did\u00e1tica do espet\u00e1culo infantil e devemos retornar com a a\u00e7\u00e3o novamente pelo sucesso que teve agora\u201d, finalizou.<\/p>\n<h3>Capacita\u00e7\u00e3o do Detran-PE<\/h3>\n<p>No pr\u00f3ximo dia 12 de setembro, alunos multiplicadores, professores e coordenadores do ensino prim\u00e1rio v\u00e3o receber forma\u00e7\u00e3o do Detran-PE na Secretaria de Educa\u00e7\u00e3o\u00a0 para atuar na cidade.<\/p>\n<p>&nbsp;<\/p>\n<p>&nbsp;<\/p>\n","protected":false},"excerpt":{"rendered":"<p>A Prefeitura do Paudalho, por meio da Secretaria de Educa\u00e7\u00e3o e das coordena\u00e7\u00f5es de Gest\u00e3o Escolar e Ger\u00eancia de Desenvolvimento Escolar, vai produzir um document\u00e1rio sobre a educa\u00e7\u00e3o no tr\u00e2nsito. O filme faz parte do projeto &#8220;Professor Amigo no Tr\u00e2nsito&#8221; e tem o objetivo de instruir crian\u00e7as, jovens e adultos do munic\u00edpio. A coordenadora de [&hellip;]<\/p>\n","protected":false},"author":4,"featured_media":778,"comment_status":"open","ping_status":"open","sticky":false,"template":"","format":"standard","meta":{"_jetpack_newsletter_access":"","_jetpack_dont_email_post_to_subs":false,"_jetpack_newsletter_tier_id":0,"_jetpack_memberships_contains_paywalled_content":false,"_jetpack_memberships_contains_paid_content":false,"footnotes":""},"categories":[2,4],"tags":[91,90,22,88,89],"class_list":["post-777","post","type-post","status-publish","format-standard","has-post-thumbnail","hentry","category-destaque","category-educacao","tag-documentario","tag-filme","tag-prefeitura-do-paudalho","tag-transito","tag-turma-do-fom-fom"],"jetpack_featured_media_url":"https:\/\/www.paudalho.pe.gov.br\/portal\/wp-content\/uploads\/2017\/08\/bc2f6316-8d2c-4455-b3cb-2f5762797d7a.jpg","jetpack_sharing_enabled":true,"jetpack_shortlink":"https:\/\/wp.me\/p98mS2-cx","_links":{"self":[{"href":"https:\/\/www.paudalho.pe.gov.br\/portal\/wp-json\/wp\/v2\/posts\/777","targetHints":{"allow":["GET"]}}],"collection":[{"href":"https:\/\/www.paudalho.pe.gov.br\/portal\/wp-json\/wp\/v2\/posts"}],"about":[{"href":"https:\/\/www.paudalho.pe.gov.br\/portal\/wp-json\/wp\/v2\/types\/post"}],"author":[{"embeddable":true,"href":"https:\/\/www.paudalho.pe.gov.br\/portal\/wp-json\/wp\/v2\/users\/4"}],"replies":[{"embeddable":true,"href":"https:\/\/www.paudalho.pe.gov.br\/portal\/wp-json\/wp\/v2\/comments?post=777"}],"version-history":[{"count":8,"href":"https:\/\/www.paudalho.pe.gov.br\/portal\/wp-json\/wp\/v2\/posts\/777\/revisions"}],"predecessor-version":[{"id":1210,"href":"https:\/\/www.paudalho.pe.gov.br\/portal\/wp-json\/wp\/v2\/posts\/777\/revisions\/1210"}],"wp:featuredmedia":[{"embeddable":true,"href":"https:\/\/www.paudalho.pe.gov.br\/portal\/wp-json\/wp\/v2\/media\/778"}],"wp:attachment":[{"href":"https:\/\/www.paudalho.pe.gov.br\/portal\/wp-json\/wp\/v2\/media?parent=777"}],"wp:term":[{"taxonomy":"category","embeddable":true,"href":"https:\/\/www.paudalho.pe.gov.br\/portal\/wp-json\/wp\/v2\/categories?post=777"},{"taxonomy":"post_tag","embeddable":true,"href":"https:\/\/www.paudalho.pe.gov.br\/portal\/wp-json\/wp\/v2\/tags?post=777"}],"curies":[{"name":"wp","href":"https:\/\/api.w.org\/{rel}","templated":true}]}}