{"id":7751,"date":"2019-08-15T13:06:38","date_gmt":"2019-08-15T16:06:38","guid":{"rendered":"https:\/\/www.paudalho.pe.gov.br\/portal\/?p=7751"},"modified":"2019-08-15T13:31:26","modified_gmt":"2019-08-15T16:31:26","slug":"referencia-em-pe-centro-de-parto-normal-gabrielly-ramos-celebra-um-ano","status":"publish","type":"post","link":"https:\/\/www.paudalho.pe.gov.br\/portal\/referencia-em-pe-centro-de-parto-normal-gabrielly-ramos-celebra-um-ano\/","title":{"rendered":"Refer\u00eancia em PE, Centro de Parto Normal Gabrielly Ramos celebra um ano"},"content":{"rendered":"\n<p>O Centro de Parto Normal Gabrielly Ramos celebra anivers\u00e1rio de um ano neste m\u00eas de agosto. Para comemorar a data, o local em a\u00e7\u00e3o conjunta com a Unidade B\u00e1sica de Sa\u00fade (UBS) do Centro da cidade realizou uma programa\u00e7\u00e3o diferente nesta quarta-feira (14). <\/p>\n\n\n\n<p>Um grupo de gestantes participou do momento que tamb\u00e9m contou com mulheres que j\u00e1 tiveram filhos no local. Shelda Thamires, de 22 anos, \u00e9 uma delas. A m\u00e3e da pequena Maria Isadora, que nasceu em fevereiro deste ano, elogiou o tratamento que recebeu. &#8220;<em>Nem todos os hospitais particulares t\u00eam a estrutura que aqui temos e que eu recebi. Eu fui muito bem tratada, a gente se sente segura&#8221;<\/em>, disse.<\/p>\n\n\n\n<figure class=\"wp-block-image\"><img loading=\"lazy\" decoding=\"async\" width=\"1280\" height=\"853\" data-attachment-id=\"7752\" data-permalink=\"https:\/\/www.paudalho.pe.gov.br\/portal\/referencia-em-pe-centro-de-parto-normal-gabrielly-ramos-celebra-um-ano\/160df369-8fef-413b-bd12-b82c2278f58d\/\" data-orig-file=\"https:\/\/www.paudalho.pe.gov.br\/portal\/wp-content\/uploads\/2019\/08\/160df369-8fef-413b-bd12-b82c2278f58d.jpg\" data-orig-size=\"1280,853\" data-comments-opened=\"1\" data-image-meta=\"{&quot;aperture&quot;:&quot;0&quot;,&quot;credit&quot;:&quot;&quot;,&quot;camera&quot;:&quot;&quot;,&quot;caption&quot;:&quot;&quot;,&quot;created_timestamp&quot;:&quot;0&quot;,&quot;copyright&quot;:&quot;&quot;,&quot;focal_length&quot;:&quot;0&quot;,&quot;iso&quot;:&quot;0&quot;,&quot;shutter_speed&quot;:&quot;0&quot;,&quot;title&quot;:&quot;&quot;,&quot;orientation&quot;:&quot;0&quot;}\" data-image-title=\"160df369-8fef-413b-bd12-b82c2278f58d\" data-image-description=\"\" data-image-caption=\"\" data-medium-file=\"https:\/\/www.paudalho.pe.gov.br\/portal\/wp-content\/uploads\/2019\/08\/160df369-8fef-413b-bd12-b82c2278f58d-350x230.jpg\" data-large-file=\"https:\/\/www.paudalho.pe.gov.br\/portal\/wp-content\/uploads\/2019\/08\/160df369-8fef-413b-bd12-b82c2278f58d-800x450.jpg\" src=\"https:\/\/i0.wp.com\/www.paudalho.pe.gov.br\/portal\/wp-content\/uploads\/2019\/08\/160df369-8fef-413b-bd12-b82c2278f58d.jpg?resize=800%2C450&amp;ssl=1\" alt=\"\" class=\"wp-image-7752\" srcset=\"https:\/\/www.paudalho.pe.gov.br\/portal\/wp-content\/uploads\/2019\/08\/160df369-8fef-413b-bd12-b82c2278f58d.jpg 1280w, https:\/\/www.paudalho.pe.gov.br\/portal\/wp-content\/uploads\/2019\/08\/160df369-8fef-413b-bd12-b82c2278f58d-768x512.jpg 768w\" sizes=\"auto, (max-width: 1280px) 100vw, 1280px\" \/><figcaption>&#8220;O atendimento foi \u00f3timo! Eu tinha medo, mas fui tudo muito maravilhoso. Eu tive dois acompanhantes e muita aten\u00e7\u00e3o da equipe&#8221; (Micaela Vit\u00f3ria, de 18 anos, m\u00e3e da pequena Helena Valentina). <br>Foto: Isak de Castro\/PMP<\/figcaption><\/figure>\n\n\n\n<h3 class=\"wp-block-heading\">Refer\u00eancia <\/h3>\n\n\n\n<p>A unidade \u00e9 o \u00fanico Centro de Parto Normal da Mata Norte do estado e j\u00e1 se tornou refer\u00eancia em todo Pernambuco. Rosana Maria, de 39 anos, mora em S\u00e3o Louren\u00e7o, na Regi\u00e3o Metropolitana do Recife e &#8220;deu \u00e0 luz&#8221; no local a Valentina Maria. Ela n\u00e3o escondeu a satisfa\u00e7\u00e3o. &#8220;N\u00e3o sei se posso falar, mas aqui parece hospital particular (sorri). Fiquei muito feliz com atendimento&#8221;, comentou. <\/p>\n\n\n\n<figure class=\"wp-block-image\"><img loading=\"lazy\" decoding=\"async\" width=\"1280\" height=\"853\" data-attachment-id=\"7753\" data-permalink=\"https:\/\/www.paudalho.pe.gov.br\/portal\/referencia-em-pe-centro-de-parto-normal-gabrielly-ramos-celebra-um-ano\/13b23f56-4b6d-4fdf-bd17-155901bb7494\/\" data-orig-file=\"https:\/\/www.paudalho.pe.gov.br\/portal\/wp-content\/uploads\/2019\/08\/13b23f56-4b6d-4fdf-bd17-155901bb7494.jpg\" data-orig-size=\"1280,853\" data-comments-opened=\"1\" data-image-meta=\"{&quot;aperture&quot;:&quot;0&quot;,&quot;credit&quot;:&quot;&quot;,&quot;camera&quot;:&quot;&quot;,&quot;caption&quot;:&quot;&quot;,&quot;created_timestamp&quot;:&quot;0&quot;,&quot;copyright&quot;:&quot;&quot;,&quot;focal_length&quot;:&quot;0&quot;,&quot;iso&quot;:&quot;0&quot;,&quot;shutter_speed&quot;:&quot;0&quot;,&quot;title&quot;:&quot;&quot;,&quot;orientation&quot;:&quot;0&quot;}\" data-image-title=\"13b23f56-4b6d-4fdf-bd17-155901bb7494\" data-image-description=\"\" data-image-caption=\"\" data-medium-file=\"https:\/\/www.paudalho.pe.gov.br\/portal\/wp-content\/uploads\/2019\/08\/13b23f56-4b6d-4fdf-bd17-155901bb7494-350x230.jpg\" data-large-file=\"https:\/\/www.paudalho.pe.gov.br\/portal\/wp-content\/uploads\/2019\/08\/13b23f56-4b6d-4fdf-bd17-155901bb7494-800x450.jpg\" src=\"https:\/\/i2.wp.com\/www.paudalho.pe.gov.br\/portal\/wp-content\/uploads\/2019\/08\/13b23f56-4b6d-4fdf-bd17-155901bb7494.jpg?resize=800%2C450&amp;ssl=1\" alt=\"\" class=\"wp-image-7753\" srcset=\"https:\/\/www.paudalho.pe.gov.br\/portal\/wp-content\/uploads\/2019\/08\/13b23f56-4b6d-4fdf-bd17-155901bb7494.jpg 1280w, https:\/\/www.paudalho.pe.gov.br\/portal\/wp-content\/uploads\/2019\/08\/13b23f56-4b6d-4fdf-bd17-155901bb7494-768x512.jpg 768w\" sizes=\"auto, (max-width: 1280px) 100vw, 1280px\" \/><figcaption>  Rosana Maria, de 39 anos, com sua filha, Valentina Maria. <br>Foto: Isak de Castro\/PMP<\/figcaption><\/figure>\n\n\n\n<h3 class=\"wp-block-heading\">Estrutura<\/h3>\n\n\n\n<p>O Centro de Parto Normal Gabrielly Ramos, no Munic\u00edpio de Paudalho, \u00e9 a primeira unidade totalmente voltada ao atendimento humanizado na Mata Norte de Pernambuco. O local possui uma a\u00e9rea de aproximadamente 502 metros quadrados onde, de acordo com a Prefeitura da cidade foram investidos cerca de R$ 1 Milh\u00e3o. Cada quarto tem referencia \u201cPPP\u201d, ou seja: pr\u00e9-parto, parto e puerp\u00e9rio e ainda conta com equipamentos de \u00faltima gera\u00e7\u00e3o, wifi e Smarts TVs com servi\u00e7os de Streaming. A unidade ainda possui uma banheira especializada para o processo. Al\u00e9m disso, todas as mam\u00e3es ganham um ensaio fotogr\u00e1fico gratuito.<em> <\/em><\/p>\n\n\n\n<ul class=\"wp-block-gallery columns-3 is-cropped wp-block-gallery-1 is-layout-flex wp-block-gallery-is-layout-flex\"><li class=\"blocks-gallery-item\"><figure><img loading=\"lazy\" decoding=\"async\" width=\"1280\" height=\"853\" data-attachment-id=\"7754\" data-permalink=\"https:\/\/www.paudalho.pe.gov.br\/portal\/referencia-em-pe-centro-de-parto-normal-gabrielly-ramos-celebra-um-ano\/11a2b1ce-0c2b-48a3-b587-8737f9206682-2\/\" data-orig-file=\"https:\/\/www.paudalho.pe.gov.br\/portal\/wp-content\/uploads\/2019\/08\/11a2b1ce-0c2b-48a3-b587-8737f9206682.jpg\" data-orig-size=\"1280,853\" data-comments-opened=\"1\" data-image-meta=\"{&quot;aperture&quot;:&quot;0&quot;,&quot;credit&quot;:&quot;&quot;,&quot;camera&quot;:&quot;&quot;,&quot;caption&quot;:&quot;&quot;,&quot;created_timestamp&quot;:&quot;0&quot;,&quot;copyright&quot;:&quot;&quot;,&quot;focal_length&quot;:&quot;0&quot;,&quot;iso&quot;:&quot;0&quot;,&quot;shutter_speed&quot;:&quot;0&quot;,&quot;title&quot;:&quot;&quot;,&quot;orientation&quot;:&quot;0&quot;}\" data-image-title=\"11a2b1ce-0c2b-48a3-b587-8737f9206682\" data-image-description=\"\" data-image-caption=\"\" data-medium-file=\"https:\/\/www.paudalho.pe.gov.br\/portal\/wp-content\/uploads\/2019\/08\/11a2b1ce-0c2b-48a3-b587-8737f9206682-350x230.jpg\" data-large-file=\"https:\/\/www.paudalho.pe.gov.br\/portal\/wp-content\/uploads\/2019\/08\/11a2b1ce-0c2b-48a3-b587-8737f9206682-800x450.jpg\" src=\"https:\/\/i1.wp.com\/www.paudalho.pe.gov.br\/portal\/wp-content\/uploads\/2019\/08\/11a2b1ce-0c2b-48a3-b587-8737f9206682.jpg?resize=800%2C450&amp;ssl=1\" alt=\"\" data-id=\"7754\" data-link=\"https:\/\/www.paudalho.pe.gov.br\/portal\/?attachment_id=7754\" class=\"wp-image-7754\" srcset=\"https:\/\/www.paudalho.pe.gov.br\/portal\/wp-content\/uploads\/2019\/08\/11a2b1ce-0c2b-48a3-b587-8737f9206682.jpg 1280w, https:\/\/www.paudalho.pe.gov.br\/portal\/wp-content\/uploads\/2019\/08\/11a2b1ce-0c2b-48a3-b587-8737f9206682-768x512.jpg 768w\" sizes=\"auto, (max-width: 1280px) 100vw, 1280px\" \/><figcaption>Foto: Thuannys Bijork\/PMP<\/figcaption><\/figure><\/li><li class=\"blocks-gallery-item\"><figure><img loading=\"lazy\" decoding=\"async\" width=\"1280\" height=\"853\" data-attachment-id=\"7756\" data-permalink=\"https:\/\/www.paudalho.pe.gov.br\/portal\/referencia-em-pe-centro-de-parto-normal-gabrielly-ramos-celebra-um-ano\/6d55f271-eb30-4ebc-98bb-963ca0312e72-2\/\" data-orig-file=\"https:\/\/www.paudalho.pe.gov.br\/portal\/wp-content\/uploads\/2019\/08\/6d55f271-eb30-4ebc-98bb-963ca0312e72.jpg\" data-orig-size=\"1280,853\" data-comments-opened=\"1\" data-image-meta=\"{&quot;aperture&quot;:&quot;0&quot;,&quot;credit&quot;:&quot;&quot;,&quot;camera&quot;:&quot;&quot;,&quot;caption&quot;:&quot;&quot;,&quot;created_timestamp&quot;:&quot;0&quot;,&quot;copyright&quot;:&quot;&quot;,&quot;focal_length&quot;:&quot;0&quot;,&quot;iso&quot;:&quot;0&quot;,&quot;shutter_speed&quot;:&quot;0&quot;,&quot;title&quot;:&quot;&quot;,&quot;orientation&quot;:&quot;0&quot;}\" data-image-title=\"6d55f271-eb30-4ebc-98bb-963ca0312e72\" data-image-description=\"\" data-image-caption=\"\" data-medium-file=\"https:\/\/www.paudalho.pe.gov.br\/portal\/wp-content\/uploads\/2019\/08\/6d55f271-eb30-4ebc-98bb-963ca0312e72-350x230.jpg\" data-large-file=\"https:\/\/www.paudalho.pe.gov.br\/portal\/wp-content\/uploads\/2019\/08\/6d55f271-eb30-4ebc-98bb-963ca0312e72-800x450.jpg\" src=\"https:\/\/i1.wp.com\/www.paudalho.pe.gov.br\/portal\/wp-content\/uploads\/2019\/08\/6d55f271-eb30-4ebc-98bb-963ca0312e72.jpg?resize=800%2C450&amp;ssl=1\" alt=\"\" data-id=\"7756\" data-link=\"https:\/\/www.paudalho.pe.gov.br\/portal\/?attachment_id=7756\" class=\"wp-image-7756\" srcset=\"https:\/\/www.paudalho.pe.gov.br\/portal\/wp-content\/uploads\/2019\/08\/6d55f271-eb30-4ebc-98bb-963ca0312e72.jpg 1280w, https:\/\/www.paudalho.pe.gov.br\/portal\/wp-content\/uploads\/2019\/08\/6d55f271-eb30-4ebc-98bb-963ca0312e72-768x512.jpg 768w\" sizes=\"auto, (max-width: 1280px) 100vw, 1280px\" \/><figcaption> Foto: Thuannys Bijork\/PMP <\/figcaption><\/figure><\/li><li class=\"blocks-gallery-item\"><figure><img loading=\"lazy\" decoding=\"async\" width=\"1280\" height=\"853\" data-attachment-id=\"7766\" data-permalink=\"https:\/\/www.paudalho.pe.gov.br\/portal\/referencia-em-pe-centro-de-parto-normal-gabrielly-ramos-celebra-um-ano\/d9e13edb-2372-43c0-86e1-7a820066231e-1\/\" data-orig-file=\"https:\/\/www.paudalho.pe.gov.br\/portal\/wp-content\/uploads\/2019\/08\/d9e13edb-2372-43c0-86e1-7a820066231e-1.jpg\" data-orig-size=\"1280,853\" data-comments-opened=\"1\" data-image-meta=\"{&quot;aperture&quot;:&quot;0&quot;,&quot;credit&quot;:&quot;&quot;,&quot;camera&quot;:&quot;&quot;,&quot;caption&quot;:&quot;&quot;,&quot;created_timestamp&quot;:&quot;0&quot;,&quot;copyright&quot;:&quot;&quot;,&quot;focal_length&quot;:&quot;0&quot;,&quot;iso&quot;:&quot;0&quot;,&quot;shutter_speed&quot;:&quot;0&quot;,&quot;title&quot;:&quot;&quot;,&quot;orientation&quot;:&quot;0&quot;}\" data-image-title=\"d9e13edb-2372-43c0-86e1-7a820066231e-1\" data-image-description=\"\" data-image-caption=\"\" data-medium-file=\"https:\/\/www.paudalho.pe.gov.br\/portal\/wp-content\/uploads\/2019\/08\/d9e13edb-2372-43c0-86e1-7a820066231e-1-350x230.jpg\" data-large-file=\"https:\/\/www.paudalho.pe.gov.br\/portal\/wp-content\/uploads\/2019\/08\/d9e13edb-2372-43c0-86e1-7a820066231e-1-800x450.jpg\" src=\"https:\/\/i1.wp.com\/www.paudalho.pe.gov.br\/portal\/wp-content\/uploads\/2019\/08\/d9e13edb-2372-43c0-86e1-7a820066231e-1.jpg?resize=800%2C450&amp;ssl=1\" alt=\"\" data-id=\"7766\" data-link=\"https:\/\/www.paudalho.pe.gov.br\/portal\/?attachment_id=7766\" class=\"wp-image-7766\" srcset=\"https:\/\/www.paudalho.pe.gov.br\/portal\/wp-content\/uploads\/2019\/08\/d9e13edb-2372-43c0-86e1-7a820066231e-1.jpg 1280w, https:\/\/www.paudalho.pe.gov.br\/portal\/wp-content\/uploads\/2019\/08\/d9e13edb-2372-43c0-86e1-7a820066231e-1-768x512.jpg 768w\" sizes=\"auto, (max-width: 1280px) 100vw, 1280px\" \/><figcaption> Foto: Thuannys Bijork\/PMP <\/figcaption><\/figure><\/li><li class=\"blocks-gallery-item\"><figure><img loading=\"lazy\" decoding=\"async\" width=\"1280\" height=\"818\" data-attachment-id=\"7767\" data-permalink=\"https:\/\/www.paudalho.pe.gov.br\/portal\/referencia-em-pe-centro-de-parto-normal-gabrielly-ramos-celebra-um-ano\/19b3efa4-7cda-41ac-a688-ce33e40a466a-1\/\" data-orig-file=\"https:\/\/www.paudalho.pe.gov.br\/portal\/wp-content\/uploads\/2019\/08\/19b3efa4-7cda-41ac-a688-ce33e40a466a-1.jpg\" data-orig-size=\"1280,818\" data-comments-opened=\"1\" data-image-meta=\"{&quot;aperture&quot;:&quot;0&quot;,&quot;credit&quot;:&quot;&quot;,&quot;camera&quot;:&quot;&quot;,&quot;caption&quot;:&quot;&quot;,&quot;created_timestamp&quot;:&quot;0&quot;,&quot;copyright&quot;:&quot;&quot;,&quot;focal_length&quot;:&quot;0&quot;,&quot;iso&quot;:&quot;0&quot;,&quot;shutter_speed&quot;:&quot;0&quot;,&quot;title&quot;:&quot;&quot;,&quot;orientation&quot;:&quot;0&quot;}\" data-image-title=\"19b3efa4-7cda-41ac-a688-ce33e40a466a-1\" data-image-description=\"\" data-image-caption=\"\" data-medium-file=\"https:\/\/www.paudalho.pe.gov.br\/portal\/wp-content\/uploads\/2019\/08\/19b3efa4-7cda-41ac-a688-ce33e40a466a-1-350x230.jpg\" data-large-file=\"https:\/\/www.paudalho.pe.gov.br\/portal\/wp-content\/uploads\/2019\/08\/19b3efa4-7cda-41ac-a688-ce33e40a466a-1-800x450.jpg\" src=\"https:\/\/i0.wp.com\/www.paudalho.pe.gov.br\/portal\/wp-content\/uploads\/2019\/08\/19b3efa4-7cda-41ac-a688-ce33e40a466a-1.jpg?resize=800%2C450&amp;ssl=1\" alt=\"\" data-id=\"7767\" data-link=\"https:\/\/www.paudalho.pe.gov.br\/portal\/?attachment_id=7767\" class=\"wp-image-7767\" srcset=\"https:\/\/www.paudalho.pe.gov.br\/portal\/wp-content\/uploads\/2019\/08\/19b3efa4-7cda-41ac-a688-ce33e40a466a-1.jpg 1280w, https:\/\/www.paudalho.pe.gov.br\/portal\/wp-content\/uploads\/2019\/08\/19b3efa4-7cda-41ac-a688-ce33e40a466a-1-768x491.jpg 768w\" sizes=\"auto, (max-width: 1280px) 100vw, 1280px\" \/><figcaption> Foto: Thuannys Bijork\/PMP <\/figcaption><\/figure><\/li><li class=\"blocks-gallery-item\"><figure><img loading=\"lazy\" decoding=\"async\" width=\"1280\" height=\"853\" data-attachment-id=\"7768\" data-permalink=\"https:\/\/www.paudalho.pe.gov.br\/portal\/referencia-em-pe-centro-de-parto-normal-gabrielly-ramos-celebra-um-ano\/9db787d9-b058-4b75-aca2-13c7222be78b-2\/\" data-orig-file=\"https:\/\/www.paudalho.pe.gov.br\/portal\/wp-content\/uploads\/2019\/08\/9db787d9-b058-4b75-aca2-13c7222be78b.jpg\" data-orig-size=\"1280,853\" data-comments-opened=\"1\" data-image-meta=\"{&quot;aperture&quot;:&quot;0&quot;,&quot;credit&quot;:&quot;&quot;,&quot;camera&quot;:&quot;&quot;,&quot;caption&quot;:&quot;&quot;,&quot;created_timestamp&quot;:&quot;0&quot;,&quot;copyright&quot;:&quot;&quot;,&quot;focal_length&quot;:&quot;0&quot;,&quot;iso&quot;:&quot;0&quot;,&quot;shutter_speed&quot;:&quot;0&quot;,&quot;title&quot;:&quot;&quot;,&quot;orientation&quot;:&quot;0&quot;}\" data-image-title=\"9db787d9-b058-4b75-aca2-13c7222be78b\" data-image-description=\"\" data-image-caption=\"\" data-medium-file=\"https:\/\/www.paudalho.pe.gov.br\/portal\/wp-content\/uploads\/2019\/08\/9db787d9-b058-4b75-aca2-13c7222be78b-350x230.jpg\" data-large-file=\"https:\/\/www.paudalho.pe.gov.br\/portal\/wp-content\/uploads\/2019\/08\/9db787d9-b058-4b75-aca2-13c7222be78b-800x450.jpg\" src=\"https:\/\/i1.wp.com\/www.paudalho.pe.gov.br\/portal\/wp-content\/uploads\/2019\/08\/9db787d9-b058-4b75-aca2-13c7222be78b.jpg?resize=800%2C450&amp;ssl=1\" alt=\"\" data-id=\"7768\" data-link=\"https:\/\/www.paudalho.pe.gov.br\/portal\/?attachment_id=7768\" class=\"wp-image-7768\" srcset=\"https:\/\/www.paudalho.pe.gov.br\/portal\/wp-content\/uploads\/2019\/08\/9db787d9-b058-4b75-aca2-13c7222be78b.jpg 1280w, https:\/\/www.paudalho.pe.gov.br\/portal\/wp-content\/uploads\/2019\/08\/9db787d9-b058-4b75-aca2-13c7222be78b-768x512.jpg 768w\" sizes=\"auto, (max-width: 1280px) 100vw, 1280px\" \/><figcaption>Foto: Josu\u00e9 J\u00fanior\/PMP<\/figcaption><\/figure><\/li><li class=\"blocks-gallery-item\"><figure><img loading=\"lazy\" decoding=\"async\" width=\"5760\" height=\"3840\" data-attachment-id=\"7769\" data-permalink=\"https:\/\/www.paudalho.pe.gov.br\/portal\/referencia-em-pe-centro-de-parto-normal-gabrielly-ramos-celebra-um-ano\/davi9787-1\/\" data-orig-file=\"https:\/\/www.paudalho.pe.gov.br\/portal\/wp-content\/uploads\/2019\/08\/DAVI9787-1.jpg\" data-orig-size=\"5760,3840\" data-comments-opened=\"1\" data-image-meta=\"{&quot;aperture&quot;:&quot;3.5&quot;,&quot;credit&quot;:&quot;&quot;,&quot;camera&quot;:&quot;Canon EOS 5D Mark III&quot;,&quot;caption&quot;:&quot;&quot;,&quot;created_timestamp&quot;:&quot;1534014005&quot;,&quot;copyright&quot;:&quot;&quot;,&quot;focal_length&quot;:&quot;24&quot;,&quot;iso&quot;:&quot;500&quot;,&quot;shutter_speed&quot;:&quot;0.033333333333333&quot;,&quot;title&quot;:&quot;&quot;,&quot;orientation&quot;:&quot;0&quot;}\" data-image-title=\"DAVI9787-1\" data-image-description=\"\" data-image-caption=\"\" data-medium-file=\"https:\/\/www.paudalho.pe.gov.br\/portal\/wp-content\/uploads\/2019\/08\/DAVI9787-1-350x230.jpg\" data-large-file=\"https:\/\/www.paudalho.pe.gov.br\/portal\/wp-content\/uploads\/2019\/08\/DAVI9787-1-800x450.jpg\" src=\"https:\/\/i1.wp.com\/www.paudalho.pe.gov.br\/portal\/wp-content\/uploads\/2019\/08\/DAVI9787-1.jpg?resize=800%2C450&amp;ssl=1\" alt=\"\" data-id=\"7769\" data-link=\"https:\/\/www.paudalho.pe.gov.br\/portal\/?attachment_id=7769\" class=\"wp-image-7769\" srcset=\"https:\/\/www.paudalho.pe.gov.br\/portal\/wp-content\/uploads\/2019\/08\/DAVI9787-1.jpg 5760w, https:\/\/www.paudalho.pe.gov.br\/portal\/wp-content\/uploads\/2019\/08\/DAVI9787-1-768x512.jpg 768w\" sizes=\"auto, (max-width: 5760px) 100vw, 5760px\" \/><figcaption> Foto: Josu\u00e9 J\u00fanior\/PMP <\/figcaption><\/figure><\/li><li class=\"blocks-gallery-item\"><figure><img loading=\"lazy\" decoding=\"async\" width=\"5760\" height=\"3840\" data-attachment-id=\"7770\" data-permalink=\"https:\/\/www.paudalho.pe.gov.br\/portal\/referencia-em-pe-centro-de-parto-normal-gabrielly-ramos-celebra-um-ano\/davi9792-1\/\" data-orig-file=\"https:\/\/www.paudalho.pe.gov.br\/portal\/wp-content\/uploads\/2019\/08\/DAVI9792-1.jpg\" data-orig-size=\"5760,3840\" data-comments-opened=\"1\" data-image-meta=\"{&quot;aperture&quot;:&quot;3.5&quot;,&quot;credit&quot;:&quot;&quot;,&quot;camera&quot;:&quot;Canon EOS 5D Mark III&quot;,&quot;caption&quot;:&quot;&quot;,&quot;created_timestamp&quot;:&quot;1534014072&quot;,&quot;copyright&quot;:&quot;&quot;,&quot;focal_length&quot;:&quot;24&quot;,&quot;iso&quot;:&quot;500&quot;,&quot;shutter_speed&quot;:&quot;0.033333333333333&quot;,&quot;title&quot;:&quot;&quot;,&quot;orientation&quot;:&quot;0&quot;}\" data-image-title=\"DAVI9792-1\" data-image-description=\"\" data-image-caption=\"\" data-medium-file=\"https:\/\/www.paudalho.pe.gov.br\/portal\/wp-content\/uploads\/2019\/08\/DAVI9792-1-350x230.jpg\" data-large-file=\"https:\/\/www.paudalho.pe.gov.br\/portal\/wp-content\/uploads\/2019\/08\/DAVI9792-1-800x450.jpg\" src=\"https:\/\/i2.wp.com\/www.paudalho.pe.gov.br\/portal\/wp-content\/uploads\/2019\/08\/DAVI9792-1.jpg?resize=800%2C450&amp;ssl=1\" alt=\"\" data-id=\"7770\" data-link=\"https:\/\/www.paudalho.pe.gov.br\/portal\/?attachment_id=7770\" class=\"wp-image-7770\" srcset=\"https:\/\/www.paudalho.pe.gov.br\/portal\/wp-content\/uploads\/2019\/08\/DAVI9792-1.jpg 5760w, https:\/\/www.paudalho.pe.gov.br\/portal\/wp-content\/uploads\/2019\/08\/DAVI9792-1-768x512.jpg 768w\" sizes=\"auto, (max-width: 5760px) 100vw, 5760px\" \/><figcaption> Foto: Josu\u00e9 J\u00fanior\/PMP <\/figcaption><\/figure><\/li><li class=\"blocks-gallery-item\"><figure><img loading=\"lazy\" decoding=\"async\" width=\"5760\" height=\"3840\" data-attachment-id=\"7771\" data-permalink=\"https:\/\/www.paudalho.pe.gov.br\/portal\/referencia-em-pe-centro-de-parto-normal-gabrielly-ramos-celebra-um-ano\/davi9805-1\/\" data-orig-file=\"https:\/\/www.paudalho.pe.gov.br\/portal\/wp-content\/uploads\/2019\/08\/DAVI9805-1.jpg\" data-orig-size=\"5760,3840\" data-comments-opened=\"1\" data-image-meta=\"{&quot;aperture&quot;:&quot;4.5&quot;,&quot;credit&quot;:&quot;&quot;,&quot;camera&quot;:&quot;Canon EOS 5D Mark III&quot;,&quot;caption&quot;:&quot;&quot;,&quot;created_timestamp&quot;:&quot;1534014275&quot;,&quot;copyright&quot;:&quot;&quot;,&quot;focal_length&quot;:&quot;24&quot;,&quot;iso&quot;:&quot;500&quot;,&quot;shutter_speed&quot;:&quot;0.033333333333333&quot;,&quot;title&quot;:&quot;&quot;,&quot;orientation&quot;:&quot;0&quot;}\" data-image-title=\"DAVI9805-1\" data-image-description=\"\" data-image-caption=\"\" data-medium-file=\"https:\/\/www.paudalho.pe.gov.br\/portal\/wp-content\/uploads\/2019\/08\/DAVI9805-1-350x230.jpg\" data-large-file=\"https:\/\/www.paudalho.pe.gov.br\/portal\/wp-content\/uploads\/2019\/08\/DAVI9805-1-800x450.jpg\" src=\"https:\/\/i2.wp.com\/www.paudalho.pe.gov.br\/portal\/wp-content\/uploads\/2019\/08\/DAVI9805-1.jpg?resize=800%2C450&amp;ssl=1\" alt=\"\" data-id=\"7771\" data-link=\"https:\/\/www.paudalho.pe.gov.br\/portal\/?attachment_id=7771\" class=\"wp-image-7771\" srcset=\"https:\/\/www.paudalho.pe.gov.br\/portal\/wp-content\/uploads\/2019\/08\/DAVI9805-1.jpg 5760w, https:\/\/www.paudalho.pe.gov.br\/portal\/wp-content\/uploads\/2019\/08\/DAVI9805-1-768x512.jpg 768w\" sizes=\"auto, (max-width: 5760px) 100vw, 5760px\" \/><figcaption> Foto: Josu\u00e9 J\u00fanior\/PMP <\/figcaption><\/figure><\/li><\/ul>\n\n\n\n<p><em>&#8221; Todo o nosso empenho foi para devolver o direito da paudalhense de ter o seu filho em nossa cidade e n\u00f3s conseguimos. Nossa Sa\u00fade hoje \u00e9 de qualidade!<\/em>&#8220;, destacou o prefeito de Paudalho, Marcelo Gouveia.<\/p>\n\n\n\n<figure class=\"wp-block-image\"><img loading=\"lazy\" decoding=\"async\" width=\"800\" height=\"450\" data-attachment-id=\"7772\" data-permalink=\"https:\/\/www.paudalho.pe.gov.br\/portal\/referencia-em-pe-centro-de-parto-normal-gabrielly-ramos-celebra-um-ano\/65526903_1406645839459161_4963258610915213312_n\/\" data-orig-file=\"https:\/\/www.paudalho.pe.gov.br\/portal\/wp-content\/uploads\/2019\/08\/65526903_1406645839459161_4963258610915213312_n.jpg\" data-orig-size=\"853,568\" data-comments-opened=\"1\" data-image-meta=\"{&quot;aperture&quot;:&quot;0&quot;,&quot;credit&quot;:&quot;&quot;,&quot;camera&quot;:&quot;&quot;,&quot;caption&quot;:&quot;&quot;,&quot;created_timestamp&quot;:&quot;0&quot;,&quot;copyright&quot;:&quot;&quot;,&quot;focal_length&quot;:&quot;0&quot;,&quot;iso&quot;:&quot;0&quot;,&quot;shutter_speed&quot;:&quot;0&quot;,&quot;title&quot;:&quot;&quot;,&quot;orientation&quot;:&quot;0&quot;}\" data-image-title=\"65526903_1406645839459161_4963258610915213312_n\" data-image-description=\"\" data-image-caption=\"\" data-medium-file=\"https:\/\/www.paudalho.pe.gov.br\/portal\/wp-content\/uploads\/2019\/08\/65526903_1406645839459161_4963258610915213312_n-350x230.jpg\" data-large-file=\"https:\/\/www.paudalho.pe.gov.br\/portal\/wp-content\/uploads\/2019\/08\/65526903_1406645839459161_4963258610915213312_n-800x450.jpg\" src=\"https:\/\/www.paudalho.pe.gov.br\/portal\/wp-content\/uploads\/2019\/08\/65526903_1406645839459161_4963258610915213312_n-800x450.jpg\" alt=\"\" class=\"wp-image-7772\"\/><figcaption>Foto: Josu\u00e9 J\u00fanior\/PMP<\/figcaption><\/figure>\n\n\n\n<p> <\/p>\n","protected":false},"excerpt":{"rendered":"<p>O Centro de Parto Normal Gabrielly Ramos celebra anivers\u00e1rio de um ano neste m\u00eas de agosto. Para comemorar a data, o local em a\u00e7\u00e3o conjunta com a Unidade B\u00e1sica de Sa\u00fade (UBS) do Centro da cidade realizou uma programa\u00e7\u00e3o diferente nesta quarta-feira (14). Um grupo de gestantes participou do momento que tamb\u00e9m contou com mulheres [&hellip;]<\/p>\n","protected":false},"author":4,"featured_media":7758,"comment_status":"open","ping_status":"open","sticky":false,"template":"","format":"standard","meta":{"_jetpack_newsletter_access":"","_jetpack_dont_email_post_to_subs":false,"_jetpack_newsletter_tier_id":0,"_jetpack_memberships_contains_paywalled_content":false,"_jetpack_memberships_contains_paid_content":false,"footnotes":""},"categories":[2,1,3],"tags":[436,16,56],"class_list":["post-7751","post","type-post","status-publish","format-standard","has-post-thumbnail","hentry","category-destaque","category-noticias","category-saude","tag-centro-de-parto-normal-gabrielly-ramos","tag-saude","tag-secretaria-de-saude-paudalho"],"jetpack_featured_media_url":"https:\/\/www.paudalho.pe.gov.br\/portal\/wp-content\/uploads\/2019\/08\/2b146a46-b210-4c49-b2ef-c955688801f1.jpg","jetpack_sharing_enabled":true,"jetpack_shortlink":"https:\/\/wp.me\/p98mS2-211","_links":{"self":[{"href":"https:\/\/www.paudalho.pe.gov.br\/portal\/wp-json\/wp\/v2\/posts\/7751","targetHints":{"allow":["GET"]}}],"collection":[{"href":"https:\/\/www.paudalho.pe.gov.br\/portal\/wp-json\/wp\/v2\/posts"}],"about":[{"href":"https:\/\/www.paudalho.pe.gov.br\/portal\/wp-json\/wp\/v2\/types\/post"}],"author":[{"embeddable":true,"href":"https:\/\/www.paudalho.pe.gov.br\/portal\/wp-json\/wp\/v2\/users\/4"}],"replies":[{"embeddable":true,"href":"https:\/\/www.paudalho.pe.gov.br\/portal\/wp-json\/wp\/v2\/comments?post=7751"}],"version-history":[{"count":3,"href":"https:\/\/www.paudalho.pe.gov.br\/portal\/wp-json\/wp\/v2\/posts\/7751\/revisions"}],"predecessor-version":[{"id":7775,"href":"https:\/\/www.paudalho.pe.gov.br\/portal\/wp-json\/wp\/v2\/posts\/7751\/revisions\/7775"}],"wp:featuredmedia":[{"embeddable":true,"href":"https:\/\/www.paudalho.pe.gov.br\/portal\/wp-json\/wp\/v2\/media\/7758"}],"wp:attachment":[{"href":"https:\/\/www.paudalho.pe.gov.br\/portal\/wp-json\/wp\/v2\/media?parent=7751"}],"wp:term":[{"taxonomy":"category","embeddable":true,"href":"https:\/\/www.paudalho.pe.gov.br\/portal\/wp-json\/wp\/v2\/categories?post=7751"},{"taxonomy":"post_tag","embeddable":true,"href":"https:\/\/www.paudalho.pe.gov.br\/portal\/wp-json\/wp\/v2\/tags?post=7751"}],"curies":[{"name":"wp","href":"https:\/\/api.w.org\/{rel}","templated":true}]}}