{"id":7721,"date":"2019-08-09T15:21:59","date_gmt":"2019-08-09T18:21:59","guid":{"rendered":"https:\/\/www.paudalho.pe.gov.br\/portal\/?p=7721"},"modified":"2019-08-13T14:34:23","modified_gmt":"2019-08-13T17:34:23","slug":"divulgado-resultado-final-da-selecao-do-programa-crianca-alfabetizada","status":"publish","type":"post","link":"https:\/\/www.paudalho.pe.gov.br\/portal\/divulgado-resultado-final-da-selecao-do-programa-crianca-alfabetizada\/","title":{"rendered":"Divulgado resultado final da Sele\u00e7\u00e3o do Programa Crian\u00e7a Alfabetizada"},"content":{"rendered":"\n<p>A Prefeitura do Paudalho por meio da Secretaria Municipal de Educa\u00e7\u00e3o divulgou nesta sexta-feira (9) o resultado final da sele\u00e7\u00e3o de coordenadora e formadora no \u00e2mbito do Programa Crian\u00e7a Alfabetizada. <\/p>\n\n\n\n<p><a href=\"https:\/\/drive.google.com\/file\/d\/1ho2KlaDzg6jWcr_FWxPwZgnWR0OYM7Df\/view?usp=sharing\">Confira o resultado aqui!<\/a><\/p>\n\n\n\n<h3 class=\"wp-block-heading\"><strong>Objetivo<\/strong><\/h3>\n\n\n\n<p>O Programa tem o objetivo de garantir a alfabetiza\u00e7\u00e3o de todos os estudantes da Rede P\u00fablica com at\u00e9 sete anos. A a\u00e7\u00e3o envolve forma\u00e7\u00e3o para estudantes, professores, distribui\u00e7\u00e3o de material did\u00e1tico, entre outras atividades.<\/p>\n\n\n\n<p><br><\/p>\n","protected":false},"excerpt":{"rendered":"<p>A Prefeitura do Paudalho por meio da Secretaria Municipal de Educa\u00e7\u00e3o divulgou nesta sexta-feira (9) o resultado final da sele\u00e7\u00e3o de coordenadora e formadora no \u00e2mbito do Programa Crian\u00e7a Alfabetizada. Confira o resultado aqui! Objetivo O Programa tem o objetivo de garantir a alfabetiza\u00e7\u00e3o de todos os estudantes da Rede P\u00fablica com at\u00e9 sete anos. [&hellip;]<\/p>\n","protected":false},"author":4,"featured_media":7722,"comment_status":"open","ping_status":"open","sticky":false,"template":"","format":"standard","meta":{"_jetpack_newsletter_access":"","_jetpack_dont_email_post_to_subs":false,"_jetpack_newsletter_tier_id":0,"_jetpack_memberships_contains_paywalled_content":false,"_jetpack_memberships_contains_paid_content":false,"footnotes":""},"categories":[2,1,3],"tags":[519,30,506],"class_list":["post-7721","post","type-post","status-publish","format-standard","has-post-thumbnail","hentry","category-destaque","category-noticias","category-saude","tag-brasil","tag-educacao","tag-programa-crianca-alfabetizada"],"jetpack_featured_media_url":"https:\/\/www.paudalho.pe.gov.br\/portal\/wp-content\/uploads\/2019\/08\/3F9A3026.jpg","jetpack_sharing_enabled":true,"jetpack_shortlink":"https:\/\/wp.me\/p98mS2-20x","_links":{"self":[{"href":"https:\/\/www.paudalho.pe.gov.br\/portal\/wp-json\/wp\/v2\/posts\/7721","targetHints":{"allow":["GET"]}}],"collection":[{"href":"https:\/\/www.paudalho.pe.gov.br\/portal\/wp-json\/wp\/v2\/posts"}],"about":[{"href":"https:\/\/www.paudalho.pe.gov.br\/portal\/wp-json\/wp\/v2\/types\/post"}],"author":[{"embeddable":true,"href":"https:\/\/www.paudalho.pe.gov.br\/portal\/wp-json\/wp\/v2\/users\/4"}],"replies":[{"embeddable":true,"href":"https:\/\/www.paudalho.pe.gov.br\/portal\/wp-json\/wp\/v2\/comments?post=7721"}],"version-history":[{"count":2,"href":"https:\/\/www.paudalho.pe.gov.br\/portal\/wp-json\/wp\/v2\/posts\/7721\/revisions"}],"predecessor-version":[{"id":7749,"href":"https:\/\/www.paudalho.pe.gov.br\/portal\/wp-json\/wp\/v2\/posts\/7721\/revisions\/7749"}],"wp:featuredmedia":[{"embeddable":true,"href":"https:\/\/www.paudalho.pe.gov.br\/portal\/wp-json\/wp\/v2\/media\/7722"}],"wp:attachment":[{"href":"https:\/\/www.paudalho.pe.gov.br\/portal\/wp-json\/wp\/v2\/media?parent=7721"}],"wp:term":[{"taxonomy":"category","embeddable":true,"href":"https:\/\/www.paudalho.pe.gov.br\/portal\/wp-json\/wp\/v2\/categories?post=7721"},{"taxonomy":"post_tag","embeddable":true,"href":"https:\/\/www.paudalho.pe.gov.br\/portal\/wp-json\/wp\/v2\/tags?post=7721"}],"curies":[{"name":"wp","href":"https:\/\/api.w.org\/{rel}","templated":true}]}}