{"id":7701,"date":"2019-08-08T12:32:54","date_gmt":"2019-08-08T15:32:54","guid":{"rendered":"https:\/\/www.paudalho.pe.gov.br\/portal\/?p=7701"},"modified":"2019-08-08T12:50:06","modified_gmt":"2019-08-08T15:50:06","slug":"divulgada-3o-fase-da-selecao-dos-candidatos-para-eleicao-do-conselho-tutelar","status":"publish","type":"post","link":"https:\/\/www.paudalho.pe.gov.br\/portal\/divulgada-3o-fase-da-selecao-dos-candidatos-para-eleicao-do-conselho-tutelar\/","title":{"rendered":"Divulgada 3\u00ba fase da sele\u00e7\u00e3o dos candidatos para elei\u00e7\u00e3o do Conselho Tutelar"},"content":{"rendered":"\n<p>A Prefeitura do Paudalho por meio da Comiss\u00e3o Especial Eleitoral do Conselho Municipal de Direitos da Crian\u00e7a e Adolescentes (COMDICA) divulgou, nesta quinta-feira (8), a terceira fase da Sele\u00e7\u00e3o dos Candidatos para elei\u00e7\u00e3o do Conselho Tutelar. <\/p>\n\n\n\n<p>Nesta fase, os concorrentes passar\u00e3o por uma capacita\u00e7\u00e3o que come\u00e7ar\u00e1 na pr\u00f3xima segunda (12) e seguir\u00e1 at\u00e9 a sexta-feira (16), no Col\u00e9gio Municipal do Paudalho (CMP), das 9h \u00e0s 13h. <\/p>\n\n\n\n<p>A a\u00e7\u00e3o ter\u00e1 objetivo de preparar os candidatos para o exame de conhecimento que ser\u00e1 realizado no dia 25 de agosto de 2019, na Sala do Empreendedor, que fica no P\u00e1tio da Feira Prefeito Ulisses Roque, no Centro de Paudalho. A prova ser\u00e1 aplicadas das 8h \u00e0s 12h. <\/p>\n\n\n\n<div class=\"wp-block-file\"><a href=\"https:\/\/www.paudalho.pe.gov.br\/portal\/wp-content\/uploads\/2019\/08\/RESOLU\u00c7\u00c3O-72-2019.pdf\">D\u00favidas? Confira aqui a Resolu\u00e7\u00e3o Regulamentadora da elei\u00e7\u00e3o!<\/a><a href=\"https:\/\/www.paudalho.pe.gov.br\/portal\/wp-content\/uploads\/2019\/08\/RESOLU\u00c7\u00c3O-72-2019.pdf\" class=\"wp-block-file__button\" download>Baixar<\/a><\/div>\n\n\n\n<h3 class=\"wp-block-heading\">Sobre o Conselho Tutelar<\/h3>\n\n\n\n<p>Cinco conselheiros tutelares e cinco suplentes ser\u00e3o escolhidos em elei\u00e7\u00e3o prevista para outubro de 2019 . O trabalho da equipe ser\u00e1 fiscalizado pelo Minist\u00e9rio P\u00fablico de Pernambuco. O Conselho Tutelar \u00e9 um \u00f3rg\u00e3o permanente e aut\u00f4nomo, n\u00e3o jurisdicional, encarregado pela sociedade de zelar pelo cumprimento dos direitos da crian\u00e7a e do adolescente. Os candidatos v\u00e3o passar por uma prova.<\/p>\n","protected":false},"excerpt":{"rendered":"<p>A Prefeitura do Paudalho por meio da Comiss\u00e3o Especial Eleitoral do Conselho Municipal de Direitos da Crian\u00e7a e Adolescentes (COMDICA) divulgou, nesta quinta-feira (8), a terceira fase da Sele\u00e7\u00e3o dos Candidatos para elei\u00e7\u00e3o do Conselho Tutelar. Nesta fase, os concorrentes passar\u00e3o por uma capacita\u00e7\u00e3o que come\u00e7ar\u00e1 na pr\u00f3xima segunda (12) e seguir\u00e1 at\u00e9 a sexta-feira [&hellip;]<\/p>\n","protected":false},"author":4,"featured_media":7703,"comment_status":"open","ping_status":"open","sticky":false,"template":"","format":"standard","meta":{"_jetpack_newsletter_access":"","_jetpack_dont_email_post_to_subs":false,"_jetpack_newsletter_tier_id":0,"_jetpack_memberships_contains_paywalled_content":false,"_jetpack_memberships_contains_paid_content":false,"footnotes":""},"categories":[2,1],"tags":[180,487],"class_list":["post-7701","post","type-post","status-publish","format-standard","has-post-thumbnail","hentry","category-destaque","category-noticias","tag-comdica","tag-conselho-tutelar"],"jetpack_featured_media_url":"https:\/\/www.paudalho.pe.gov.br\/portal\/wp-content\/uploads\/2019\/08\/hand-1137978_960_720.jpg","jetpack_sharing_enabled":true,"jetpack_shortlink":"https:\/\/wp.me\/p98mS2-20d","_links":{"self":[{"href":"https:\/\/www.paudalho.pe.gov.br\/portal\/wp-json\/wp\/v2\/posts\/7701","targetHints":{"allow":["GET"]}}],"collection":[{"href":"https:\/\/www.paudalho.pe.gov.br\/portal\/wp-json\/wp\/v2\/posts"}],"about":[{"href":"https:\/\/www.paudalho.pe.gov.br\/portal\/wp-json\/wp\/v2\/types\/post"}],"author":[{"embeddable":true,"href":"https:\/\/www.paudalho.pe.gov.br\/portal\/wp-json\/wp\/v2\/users\/4"}],"replies":[{"embeddable":true,"href":"https:\/\/www.paudalho.pe.gov.br\/portal\/wp-json\/wp\/v2\/comments?post=7701"}],"version-history":[{"count":5,"href":"https:\/\/www.paudalho.pe.gov.br\/portal\/wp-json\/wp\/v2\/posts\/7701\/revisions"}],"predecessor-version":[{"id":7708,"href":"https:\/\/www.paudalho.pe.gov.br\/portal\/wp-json\/wp\/v2\/posts\/7701\/revisions\/7708"}],"wp:featuredmedia":[{"embeddable":true,"href":"https:\/\/www.paudalho.pe.gov.br\/portal\/wp-json\/wp\/v2\/media\/7703"}],"wp:attachment":[{"href":"https:\/\/www.paudalho.pe.gov.br\/portal\/wp-json\/wp\/v2\/media?parent=7701"}],"wp:term":[{"taxonomy":"category","embeddable":true,"href":"https:\/\/www.paudalho.pe.gov.br\/portal\/wp-json\/wp\/v2\/categories?post=7701"},{"taxonomy":"post_tag","embeddable":true,"href":"https:\/\/www.paudalho.pe.gov.br\/portal\/wp-json\/wp\/v2\/tags?post=7701"}],"curies":[{"name":"wp","href":"https:\/\/api.w.org\/{rel}","templated":true}]}}