{"id":7634,"date":"2019-08-05T10:28:51","date_gmt":"2019-08-05T13:28:51","guid":{"rendered":"https:\/\/www.paudalho.pe.gov.br\/portal\/?p=7634"},"modified":"2019-08-05T10:28:51","modified_gmt":"2019-08-05T13:28:51","slug":"prefeitura-do-paudalho-divulga-atracoes-da-festa-do-dia-dos-pais","status":"publish","type":"post","link":"https:\/\/www.paudalho.pe.gov.br\/portal\/prefeitura-do-paudalho-divulga-atracoes-da-festa-do-dia-dos-pais\/","title":{"rendered":"Prefeitura do Paudalho divulga atra\u00e7\u00f5es da festa do Dia dos Pais"},"content":{"rendered":"\n<p>A Prefeitura do Paudalho, por meio da Secretaria de Cultura e Turismo, preparou uma programa\u00e7\u00e3o especial para celebrar, em grande estilo, o Dia dos Pais. No pr\u00f3ximo s\u00e1bado (10) a festa ocorrer\u00e1 no P\u00e1tio de Eventos Beira-Rio, no Centro da cidade, a partir das 20h. Subir\u00e3o ao palco a cantora Eduarda Alves, Rog\u00e9rio Som, Tayara Andreza, Banda Dengosa e Xuxu a Perigosa.  <\/p>\n\n\n\n<p>O prefeito do munic\u00edpio, Marcelo Gouveia, destacou que tamb\u00e9m \u00e9 necess\u00e1rio o investimento em entretimento. &#8220;N\u00f3s queremos oferecer ao povo cultura e eventos que celebrem essas datas importantes. Nosso investimento \u00e9 na Educa\u00e7\u00e3o, na Sa\u00fade, Assist\u00eancia Social, mas n\u00e3o podemos esquecer do entretenimento. Nossa popula\u00e7\u00e3o precisa celebrar, se alegrar e tamb\u00e9m se divertir. Essa festa \u00e9 mais uma celebra\u00e7\u00e3o da fam\u00edlia&#8221;, disse. <\/p>\n\n\n\n<h3 class=\"wp-block-heading\">Servi\u00e7o:<\/h3>\n\n\n\n<p><strong>Festa Dia dos Pais <\/strong><br><strong>Data:<\/strong> 10 de agosto de 2019<br><strong>Local: <\/strong>P\u00e1tio de Eventos Beira-Rio &#8211; Paudalho <br><strong>Hor\u00e1rio:<\/strong> 20h<br><strong>Atra\u00e7\u00f5es: <\/strong>Eduarda Alves, Rog\u00e9rio Som, Tayara Andreza, Banda Dengosa e Xuxu a Perigosa.  <\/p>\n","protected":false},"excerpt":{"rendered":"<p>A Prefeitura do Paudalho, por meio da Secretaria de Cultura e Turismo, preparou uma programa\u00e7\u00e3o especial para celebrar, em grande estilo, o Dia dos Pais. No pr\u00f3ximo s\u00e1bado (10) a festa ocorrer\u00e1 no P\u00e1tio de Eventos Beira-Rio, no Centro da cidade, a partir das 20h. Subir\u00e3o ao palco a cantora Eduarda Alves, Rog\u00e9rio Som, Tayara [&hellip;]<\/p>\n","protected":false},"author":4,"featured_media":7635,"comment_status":"open","ping_status":"open","sticky":false,"template":"","format":"standard","meta":{"_jetpack_newsletter_access":"","_jetpack_dont_email_post_to_subs":false,"_jetpack_newsletter_tier_id":0,"_jetpack_memberships_contains_paywalled_content":false,"_jetpack_memberships_contains_paid_content":false,"footnotes":""},"categories":[6,2,1],"tags":[68,514,513],"class_list":["post-7634","post","type-post","status-publish","format-standard","has-post-thumbnail","hentry","category-cultura","category-destaque","category-noticias","tag-cultura","tag-dia-dos-pais","tag-festa-do-dia-dos-pais"],"jetpack_featured_media_url":"https:\/\/www.paudalho.pe.gov.br\/portal\/wp-content\/uploads\/2019\/08\/99310130-d80d-45b0-bb46-a788ed27349c.jpg","jetpack_sharing_enabled":true,"jetpack_shortlink":"https:\/\/wp.me\/p98mS2-1Z8","_links":{"self":[{"href":"https:\/\/www.paudalho.pe.gov.br\/portal\/wp-json\/wp\/v2\/posts\/7634","targetHints":{"allow":["GET"]}}],"collection":[{"href":"https:\/\/www.paudalho.pe.gov.br\/portal\/wp-json\/wp\/v2\/posts"}],"about":[{"href":"https:\/\/www.paudalho.pe.gov.br\/portal\/wp-json\/wp\/v2\/types\/post"}],"author":[{"embeddable":true,"href":"https:\/\/www.paudalho.pe.gov.br\/portal\/wp-json\/wp\/v2\/users\/4"}],"replies":[{"embeddable":true,"href":"https:\/\/www.paudalho.pe.gov.br\/portal\/wp-json\/wp\/v2\/comments?post=7634"}],"version-history":[{"count":3,"href":"https:\/\/www.paudalho.pe.gov.br\/portal\/wp-json\/wp\/v2\/posts\/7634\/revisions"}],"predecessor-version":[{"id":7638,"href":"https:\/\/www.paudalho.pe.gov.br\/portal\/wp-json\/wp\/v2\/posts\/7634\/revisions\/7638"}],"wp:featuredmedia":[{"embeddable":true,"href":"https:\/\/www.paudalho.pe.gov.br\/portal\/wp-json\/wp\/v2\/media\/7635"}],"wp:attachment":[{"href":"https:\/\/www.paudalho.pe.gov.br\/portal\/wp-json\/wp\/v2\/media?parent=7634"}],"wp:term":[{"taxonomy":"category","embeddable":true,"href":"https:\/\/www.paudalho.pe.gov.br\/portal\/wp-json\/wp\/v2\/categories?post=7634"},{"taxonomy":"post_tag","embeddable":true,"href":"https:\/\/www.paudalho.pe.gov.br\/portal\/wp-json\/wp\/v2\/tags?post=7634"}],"curies":[{"name":"wp","href":"https:\/\/api.w.org\/{rel}","templated":true}]}}