{"id":759,"date":"2017-08-28T12:50:22","date_gmt":"2017-08-28T15:50:22","guid":{"rendered":"http:\/\/www.paudalho.pe.gov.br\/portal\/?p=759"},"modified":"2017-09-21T00:55:18","modified_gmt":"2017-09-21T03:55:18","slug":"superou-as-expectativas-diz-secretaria-de-desenvolvimento-e-assistencia-social-sobre-semana-da-pessoa-com-deficiencia","status":"publish","type":"post","link":"https:\/\/www.paudalho.pe.gov.br\/portal\/superou-as-expectativas-diz-secretaria-de-desenvolvimento-e-assistencia-social-sobre-semana-da-pessoa-com-deficiencia\/","title":{"rendered":"\u201cSuperou as expectativas\u201d, diz secret\u00e1ria de Desenvolvimento e Assist\u00eancia Social"},"content":{"rendered":"<p>Dezenas de pessoas participaram de uma caminhada que encerrou a Semana da Pessoa Com Defici\u00eancia na cidade de Paudalho, nesta segunda-feira (28). A Prefeitura promoveu a a\u00e7\u00e3o por meio das Secretarias Municipais de Educa\u00e7\u00e3o, Assist\u00eancia Social e ainda o Conselho da Pessoa com Defici\u00eancia e Associa\u00e7\u00e3o das Pessoas com Defici\u00eancia do Paudalho. O objetivo foi de conscientizar a popula\u00e7\u00e3o. \u00a0Roseane Silva \u00e9 m\u00e3e de Jobson Silva, cadeirante de 22 anos que participou do evento. \u00a0Ao conversar com nossa reportagem, a m\u00e3e do rapaz comentou sobre a felicidade em ver o filho participando da programa\u00e7\u00e3o.<em>\u201cEstou feliz gra\u00e7as a Deus\u201d<\/em>, ressaltou.<\/p>\n<div id=\"attachment_762\" style=\"width: 382px\" class=\"wp-caption alignnone\"><img loading=\"lazy\" decoding=\"async\" aria-describedby=\"caption-attachment-762\" data-attachment-id=\"762\" data-permalink=\"https:\/\/www.paudalho.pe.gov.br\/portal\/superou-as-expectativas-diz-secretaria-de-desenvolvimento-e-assistencia-social-sobre-semana-da-pessoa-com-deficiencia\/abb543e3-888d-4840-ae74-389d0d94b9c2\/\" data-orig-file=\"https:\/\/www.paudalho.pe.gov.br\/portal\/wp-content\/uploads\/2017\/08\/abb543e3-888d-4840-ae74-389d0d94b9c2.jpg\" data-orig-size=\"1040,780\" data-comments-opened=\"1\" data-image-meta=\"{&quot;aperture&quot;:&quot;0&quot;,&quot;credit&quot;:&quot;&quot;,&quot;camera&quot;:&quot;&quot;,&quot;caption&quot;:&quot;&quot;,&quot;created_timestamp&quot;:&quot;0&quot;,&quot;copyright&quot;:&quot;&quot;,&quot;focal_length&quot;:&quot;0&quot;,&quot;iso&quot;:&quot;0&quot;,&quot;shutter_speed&quot;:&quot;0&quot;,&quot;title&quot;:&quot;&quot;,&quot;orientation&quot;:&quot;0&quot;}\" data-image-title=\"\" data-image-description=\"\" data-image-caption=\"&lt;p&gt;Foto: Thales K\u00edrion\/Comunica\u00e7\u00e3oPrefeituradePaudalho&lt;\/p&gt;\n\" data-medium-file=\"https:\/\/www.paudalho.pe.gov.br\/portal\/wp-content\/uploads\/2017\/08\/abb543e3-888d-4840-ae74-389d0d94b9c2-350x230.jpg\" data-large-file=\"https:\/\/www.paudalho.pe.gov.br\/portal\/wp-content\/uploads\/2017\/08\/abb543e3-888d-4840-ae74-389d0d94b9c2-800x450.jpg\" class=\" wp-image-762\" src=\"http:\/\/www.paudalho.pe.gov.br\/portal\/wp-content\/uploads\/2017\/08\/abb543e3-888d-4840-ae74-389d0d94b9c2-350x230.jpg\" alt=\"\" width=\"372\" height=\"244\" \/><p id=\"caption-attachment-762\" class=\"wp-caption-text\">Foto: Thales K\u00edrion\/Comunica\u00e7\u00e3oPrefeituradePaudalho<\/p><\/div>\n<p>O direito \u00e0 inclus\u00e3o para os deficientes est\u00e1 previsto na lei N\u00ba13.146 de seis de julho de 2015. No artigo primeiro, o texto diz que a Lei Brasileira de Inclus\u00e3o da Pessoa com Defici\u00eancia (Estatuto da Pessoa com Defici\u00eancia) tem o objetivo de assegurar e promover, em condi\u00e7\u00f5es de igualdade, o exerc\u00edcio dos direitos e das liberdades fundamentais por pessoa com defici\u00eancia, visando a sua inclus\u00e3o social e cidadania.<\/p>\n<p>Aldir Sebasti\u00e3o \u00e9 cadeirante e lembra que a sociedade precisa ter consci\u00eancia em rela\u00e7\u00e3o \u00e0 mobilidade dos deficientes.<em> \u201cAlguns respeitam, outros n\u00e3o. Em frente a Caixa Econ\u00f4mica tem uma rampa, as pessoas colocam o carro l\u00e1 direto, isso \u00e9 educa\u00e7\u00e3o que se aprende em casa mesmo\u201d<\/em>, comentou. \u00a0Aldir Sebasti\u00e3o afirmou ainda que a\u00e7\u00f5es como a Semana da Pessoa com Defici\u00eancia s\u00e3o importantes no processo de informa\u00e7\u00e3o da sociedade. <em>\u201cA gente n\u00e3o est\u00e1 morto n\u00e9? N\u00e3o se pode esconder um cara cadeirante dentro de uma casa e pensar que n\u00e3o tem ningu\u00e9m&#8230; \u00e9 muito importante esse dia&#8230; A gente pode ser feliz\u201d<\/em>, relatou.<\/p>\n<div id=\"attachment_761\" style=\"width: 310px\" class=\"wp-caption alignnone\"><img loading=\"lazy\" decoding=\"async\" aria-describedby=\"caption-attachment-761\" data-attachment-id=\"761\" data-permalink=\"https:\/\/www.paudalho.pe.gov.br\/portal\/superou-as-expectativas-diz-secretaria-de-desenvolvimento-e-assistencia-social-sobre-semana-da-pessoa-com-deficiencia\/4fda92d1-596b-4504-b912-ea1ac791afad-2\/\" data-orig-file=\"https:\/\/www.paudalho.pe.gov.br\/portal\/wp-content\/uploads\/2017\/08\/4fda92d1-596b-4504-b912-ea1ac791afad-1.jpg\" data-orig-size=\"1040,780\" data-comments-opened=\"1\" data-image-meta=\"{&quot;aperture&quot;:&quot;0&quot;,&quot;credit&quot;:&quot;&quot;,&quot;camera&quot;:&quot;&quot;,&quot;caption&quot;:&quot;&quot;,&quot;created_timestamp&quot;:&quot;0&quot;,&quot;copyright&quot;:&quot;&quot;,&quot;focal_length&quot;:&quot;0&quot;,&quot;iso&quot;:&quot;0&quot;,&quot;shutter_speed&quot;:&quot;0&quot;,&quot;title&quot;:&quot;&quot;,&quot;orientation&quot;:&quot;0&quot;}\" data-image-title=\"4fda92d1-596b-4504-b912-ea1ac791afad\" data-image-description=\"\" data-image-caption=\"&lt;p&gt;Foto: Thales K\u00edrion\/Comunica\u00e7\u00e3oPrefeituradePaudalho&lt;\/p&gt;\n\" data-medium-file=\"https:\/\/www.paudalho.pe.gov.br\/portal\/wp-content\/uploads\/2017\/08\/4fda92d1-596b-4504-b912-ea1ac791afad-1-350x230.jpg\" data-large-file=\"https:\/\/www.paudalho.pe.gov.br\/portal\/wp-content\/uploads\/2017\/08\/4fda92d1-596b-4504-b912-ea1ac791afad-1-800x450.jpg\" class=\"size-medium wp-image-761\" src=\"http:\/\/www.paudalho.pe.gov.br\/portal\/wp-content\/uploads\/2017\/08\/4fda92d1-596b-4504-b912-ea1ac791afad-1-350x230.jpg\" alt=\"\" width=\"300\" height=\"197\" \/><p id=\"caption-attachment-761\" class=\"wp-caption-text\">Foto: Thales K\u00edrion\/Comunica\u00e7\u00e3oPrefeituradePaudalho<\/p><\/div>\n<p>&nbsp;<\/p>\n<div id=\"attachment_764\" style=\"width: 310px\" class=\"wp-caption alignnone\"><img loading=\"lazy\" decoding=\"async\" aria-describedby=\"caption-attachment-764\" data-attachment-id=\"764\" data-permalink=\"https:\/\/www.paudalho.pe.gov.br\/portal\/superou-as-expectativas-diz-secretaria-de-desenvolvimento-e-assistencia-social-sobre-semana-da-pessoa-com-deficiencia\/d9a2ad1a-38bf-4235-b5b9-09decf5390c2-1\/\" data-orig-file=\"https:\/\/www.paudalho.pe.gov.br\/portal\/wp-content\/uploads\/2017\/08\/d9a2ad1a-38bf-4235-b5b9-09decf5390c2-1.jpg\" data-orig-size=\"1280,720\" data-comments-opened=\"1\" data-image-meta=\"{&quot;aperture&quot;:&quot;0&quot;,&quot;credit&quot;:&quot;&quot;,&quot;camera&quot;:&quot;&quot;,&quot;caption&quot;:&quot;&quot;,&quot;created_timestamp&quot;:&quot;0&quot;,&quot;copyright&quot;:&quot;&quot;,&quot;focal_length&quot;:&quot;0&quot;,&quot;iso&quot;:&quot;0&quot;,&quot;shutter_speed&quot;:&quot;0&quot;,&quot;title&quot;:&quot;&quot;,&quot;orientation&quot;:&quot;0&quot;}\" data-image-title=\"\" data-image-description=\"\" data-image-caption=\"&lt;p&gt;Foto: Kyrlle Lima\/Comunica\u00e7\u00e3oPrefeituradePaudalho&lt;\/p&gt;\n\" data-medium-file=\"https:\/\/www.paudalho.pe.gov.br\/portal\/wp-content\/uploads\/2017\/08\/d9a2ad1a-38bf-4235-b5b9-09decf5390c2-1-350x230.jpg\" data-large-file=\"https:\/\/www.paudalho.pe.gov.br\/portal\/wp-content\/uploads\/2017\/08\/d9a2ad1a-38bf-4235-b5b9-09decf5390c2-1-800x450.jpg\" class=\"size-medium wp-image-764\" src=\"http:\/\/www.paudalho.pe.gov.br\/portal\/wp-content\/uploads\/2017\/08\/d9a2ad1a-38bf-4235-b5b9-09decf5390c2-1-350x230.jpg\" alt=\"\" width=\"300\" height=\"197\" \/><p id=\"caption-attachment-764\" class=\"wp-caption-text\">Foto: Kyrlle Lima\/Comunica\u00e7\u00e3oPrefeituradePaudalho<\/p><\/div>\n<p><img loading=\"lazy\" decoding=\"async\" data-attachment-id=\"766\" data-permalink=\"https:\/\/www.paudalho.pe.gov.br\/portal\/superou-as-expectativas-diz-secretaria-de-desenvolvimento-e-assistencia-social-sobre-semana-da-pessoa-com-deficiencia\/dfee4176-22d0-47ea-9be9-801e2dcd41b0-2\/\" data-orig-file=\"https:\/\/www.paudalho.pe.gov.br\/portal\/wp-content\/uploads\/2017\/08\/dfee4176-22d0-47ea-9be9-801e2dcd41b0-1.jpg\" data-orig-size=\"1280,720\" data-comments-opened=\"1\" data-image-meta=\"{&quot;aperture&quot;:&quot;0&quot;,&quot;credit&quot;:&quot;&quot;,&quot;camera&quot;:&quot;&quot;,&quot;caption&quot;:&quot;&quot;,&quot;created_timestamp&quot;:&quot;0&quot;,&quot;copyright&quot;:&quot;&quot;,&quot;focal_length&quot;:&quot;0&quot;,&quot;iso&quot;:&quot;0&quot;,&quot;shutter_speed&quot;:&quot;0&quot;,&quot;title&quot;:&quot;&quot;,&quot;orientation&quot;:&quot;0&quot;}\" data-image-title=\"dfee4176-22d0-47ea-9be9-801e2dcd41b0\" data-image-description=\"\" data-image-caption=\"\" data-medium-file=\"https:\/\/www.paudalho.pe.gov.br\/portal\/wp-content\/uploads\/2017\/08\/dfee4176-22d0-47ea-9be9-801e2dcd41b0-1-350x230.jpg\" data-large-file=\"https:\/\/www.paudalho.pe.gov.br\/portal\/wp-content\/uploads\/2017\/08\/dfee4176-22d0-47ea-9be9-801e2dcd41b0-1-800x450.jpg\" class=\"alignnone size-medium wp-image-766\" src=\"http:\/\/www.paudalho.pe.gov.br\/portal\/wp-content\/uploads\/2017\/08\/dfee4176-22d0-47ea-9be9-801e2dcd41b0-1-350x230.jpg\" alt=\"\" width=\"300\" height=\"197\" \/><\/p>\n<div id=\"attachment_767\" style=\"width: 310px\" class=\"wp-caption alignnone\"><img loading=\"lazy\" decoding=\"async\" aria-describedby=\"caption-attachment-767\" data-attachment-id=\"767\" data-permalink=\"https:\/\/www.paudalho.pe.gov.br\/portal\/superou-as-expectativas-diz-secretaria-de-desenvolvimento-e-assistencia-social-sobre-semana-da-pessoa-com-deficiencia\/bc307979-6909-4859-a228-4c9bc7fe2022\/\" data-orig-file=\"https:\/\/www.paudalho.pe.gov.br\/portal\/wp-content\/uploads\/2017\/08\/bc307979-6909-4859-a228-4c9bc7fe2022.jpg\" data-orig-size=\"1280,720\" data-comments-opened=\"1\" data-image-meta=\"{&quot;aperture&quot;:&quot;0&quot;,&quot;credit&quot;:&quot;&quot;,&quot;camera&quot;:&quot;&quot;,&quot;caption&quot;:&quot;&quot;,&quot;created_timestamp&quot;:&quot;0&quot;,&quot;copyright&quot;:&quot;&quot;,&quot;focal_length&quot;:&quot;0&quot;,&quot;iso&quot;:&quot;0&quot;,&quot;shutter_speed&quot;:&quot;0&quot;,&quot;title&quot;:&quot;&quot;,&quot;orientation&quot;:&quot;0&quot;}\" data-image-title=\"\" data-image-description=\"\" data-image-caption=\"\" data-medium-file=\"https:\/\/www.paudalho.pe.gov.br\/portal\/wp-content\/uploads\/2017\/08\/bc307979-6909-4859-a228-4c9bc7fe2022-350x230.jpg\" data-large-file=\"https:\/\/www.paudalho.pe.gov.br\/portal\/wp-content\/uploads\/2017\/08\/bc307979-6909-4859-a228-4c9bc7fe2022-800x450.jpg\" class=\"size-medium wp-image-767\" src=\"http:\/\/www.paudalho.pe.gov.br\/portal\/wp-content\/uploads\/2017\/08\/bc307979-6909-4859-a228-4c9bc7fe2022-350x230.jpg\" alt=\"\" width=\"300\" height=\"197\" \/><p id=\"caption-attachment-767\" class=\"wp-caption-text\">Foto: Kyrlle Lima\/Comunica\u00e7\u00e3oPrefeituradePaudalho<\/p><\/div>\n<div id=\"attachment_770\" style=\"width: 310px\" class=\"wp-caption alignnone\"><img loading=\"lazy\" decoding=\"async\" aria-describedby=\"caption-attachment-770\" data-attachment-id=\"770\" data-permalink=\"https:\/\/www.paudalho.pe.gov.br\/portal\/superou-as-expectativas-diz-secretaria-de-desenvolvimento-e-assistencia-social-sobre-semana-da-pessoa-com-deficiencia\/b50bfd8c-9720-4062-b7e0-0c5b4f749bcf\/\" data-orig-file=\"https:\/\/www.paudalho.pe.gov.br\/portal\/wp-content\/uploads\/2017\/08\/b50bfd8c-9720-4062-b7e0-0c5b4f749bcf.jpg\" data-orig-size=\"1280,720\" data-comments-opened=\"1\" data-image-meta=\"{&quot;aperture&quot;:&quot;0&quot;,&quot;credit&quot;:&quot;&quot;,&quot;camera&quot;:&quot;&quot;,&quot;caption&quot;:&quot;&quot;,&quot;created_timestamp&quot;:&quot;0&quot;,&quot;copyright&quot;:&quot;&quot;,&quot;focal_length&quot;:&quot;0&quot;,&quot;iso&quot;:&quot;0&quot;,&quot;shutter_speed&quot;:&quot;0&quot;,&quot;title&quot;:&quot;&quot;,&quot;orientation&quot;:&quot;0&quot;}\" data-image-title=\"\" data-image-description=\"\" data-image-caption=\"&lt;p&gt;Secretarias Municipais de Educa\u00e7\u00e3o, Assist\u00eancia Social, Conselho da Pessoa com Defici\u00eancia e Associa\u00e7\u00e3o das Pessoas com Defici\u00eancia do Paudalho&lt;\/p&gt;\n\" data-medium-file=\"https:\/\/www.paudalho.pe.gov.br\/portal\/wp-content\/uploads\/2017\/08\/b50bfd8c-9720-4062-b7e0-0c5b4f749bcf-350x230.jpg\" data-large-file=\"https:\/\/www.paudalho.pe.gov.br\/portal\/wp-content\/uploads\/2017\/08\/b50bfd8c-9720-4062-b7e0-0c5b4f749bcf-800x450.jpg\" class=\"wp-image-770 size-medium\" src=\"http:\/\/www.paudalho.pe.gov.br\/portal\/wp-content\/uploads\/2017\/08\/b50bfd8c-9720-4062-b7e0-0c5b4f749bcf-350x230.jpg\" alt=\"\" width=\"300\" height=\"197\" \/><p id=\"caption-attachment-770\" class=\"wp-caption-text\">Foto: Kyrlle Lima\/Comunica\u00e7\u00e3oPrefeituradePaudalho<\/p><\/div>\n<h3>Deficientes em Paudalho<\/h3>\n<p>De acordo com \u00faltimo censo, realizado pelo Instituto Brasileiro de Geografia e Estat\u00edstica (IBGE), em Paudalho existem cerca de 7.200 pessoas com algum tipo de defici\u00eancia. A gest\u00e3o atual se preocupa em promover o bem-estar da popula\u00e7\u00e3o sem distin\u00e7\u00e3o de cor, ra\u00e7a, g\u00eanero ou condi\u00e7\u00f5es f\u00edsicas e programa\u00e7\u00f5es como a Semana da Pessoa com Defici\u00eancias s\u00f3 ressaltam esse compromisso da Prefeitura.<\/p>\n<p>A secret\u00e1ria de Desenvolvimento e Assist\u00eancia Social, Valqu\u00edria Marinho, lembrou que o objetivo principal da programa\u00e7\u00e3o foi promover a inclus\u00e3o e a conscientiza\u00e7\u00e3o da popula\u00e7\u00e3o paudalhanse. <em>\u201cInfelizmente as pessoas ainda n\u00e3o veem a inclus\u00e3o como uma necessidade. \u00c9 necess\u00e1rio que a pessoa com defici\u00eancia tenha o seu espa\u00e7o respeitado por todos, \u00e9 uma quest\u00e3o de conscientiza\u00e7\u00e3o\u201d<\/em>, disse.<\/p>\n<p>Fazendo um balan\u00e7o, Valqu\u00edria Marinho comentou que as expectativas foram alcan\u00e7adas. <em>\u201cSuperou, porque n\u00f3s conseguimos atingir um grande n\u00famero de escolas municipais, onde o Conselho da Pessoa com Defici\u00eancia, a Secretaria de Assist\u00eancia Social, Secretaria de Educa\u00e7\u00e3o conseguiram fazer um trabalho com os jovens que \u00e9 bem importante com palestras, atividades, foi excelente, com uma participa\u00e7\u00e3o do p\u00fablico muito grande, inclusive um p\u00fablico que a gente nem esperava tanto. Superou as nossas expectativas\u201d<\/em>, enfatizou.<\/p>\n<div id=\"attachment_763\" style=\"width: 310px\" class=\"wp-caption alignnone\"><img loading=\"lazy\" decoding=\"async\" aria-describedby=\"caption-attachment-763\" data-attachment-id=\"763\" data-permalink=\"https:\/\/www.paudalho.pe.gov.br\/portal\/superou-as-expectativas-diz-secretaria-de-desenvolvimento-e-assistencia-social-sobre-semana-da-pessoa-com-deficiencia\/c538477e-9a30-471b-93ea-7451283c031d\/\" data-orig-file=\"https:\/\/www.paudalho.pe.gov.br\/portal\/wp-content\/uploads\/2017\/08\/c538477e-9a30-471b-93ea-7451283c031d.jpg\" data-orig-size=\"1040,780\" data-comments-opened=\"1\" data-image-meta=\"{&quot;aperture&quot;:&quot;0&quot;,&quot;credit&quot;:&quot;&quot;,&quot;camera&quot;:&quot;&quot;,&quot;caption&quot;:&quot;&quot;,&quot;created_timestamp&quot;:&quot;0&quot;,&quot;copyright&quot;:&quot;&quot;,&quot;focal_length&quot;:&quot;0&quot;,&quot;iso&quot;:&quot;0&quot;,&quot;shutter_speed&quot;:&quot;0&quot;,&quot;title&quot;:&quot;&quot;,&quot;orientation&quot;:&quot;0&quot;}\" data-image-title=\"\" data-image-description=\"\" data-image-caption=\"&lt;p&gt;Foto: Thales K\u00edrion\/Comunica\u00e7\u00e3oPrefeituradePaudalho&lt;\/p&gt;\n\" data-medium-file=\"https:\/\/www.paudalho.pe.gov.br\/portal\/wp-content\/uploads\/2017\/08\/c538477e-9a30-471b-93ea-7451283c031d-350x230.jpg\" data-large-file=\"https:\/\/www.paudalho.pe.gov.br\/portal\/wp-content\/uploads\/2017\/08\/c538477e-9a30-471b-93ea-7451283c031d-800x450.jpg\" class=\"size-medium wp-image-763\" src=\"http:\/\/www.paudalho.pe.gov.br\/portal\/wp-content\/uploads\/2017\/08\/c538477e-9a30-471b-93ea-7451283c031d-350x230.jpg\" alt=\"\" width=\"300\" height=\"197\" \/><p id=\"caption-attachment-763\" class=\"wp-caption-text\">Foto: Thales K\u00edrion\/Comunica\u00e7\u00e3oPrefeituradePaudalho<\/p><\/div>\n<p>Um dos problemas enfrentados diariamente pelas pessoas com alguma defici\u00eancia \u00e9 o preconceito. O psic\u00f3logo da Secretaria de Educa\u00e7\u00e3o, Thom\u00e1s Felipe, participou da caminhada e comentou que todo o ser humano tem debilidades. <em>\u201cDefici\u00eancia \u00e9 um termo usado ainda com certa discrimina\u00e7\u00e3o, mas todo mundo tem defici\u00eancia, eu tenho minhas defici\u00eancias, todo mundo tem suas limita\u00e7\u00f5es, f\u00edsicas, emocionais, biol\u00f3gicas e por ai vai. \u00c9 necess\u00e1rio fazer o outro enxergar que todo mundo \u00e9 capaz\u201d<\/em>, comentou. A caminhada saiu da Pra\u00e7a do Ros\u00e1rio, na Regi\u00e3o Central da cidade, em dire\u00e7\u00e3o ao Sal\u00e3o de Festas Beira Rio. A programa\u00e7\u00e3o foi encerrada com apresenta\u00e7\u00f5es dos deficientes visuais, Zezinho, Rivelino e Tiago.<\/p>\n<h2><em>\u201cA inclus\u00e3o \u00e9 fundamental e a gente precisa que todos estejam engajados nessa grande luta\u201d<\/em>.<\/h2>\n<p>(Presidente do Conselho de Direito Municipal da Pessoa da Pessoa com Defici\u00eancia, Rivelino Amaral)<\/p>\n","protected":false},"excerpt":{"rendered":"<p>Dezenas de pessoas participaram de uma caminhada que encerrou a Semana da Pessoa Com Defici\u00eancia na cidade de Paudalho, nesta segunda-feira (28). A Prefeitura promoveu a a\u00e7\u00e3o por meio das Secretarias Municipais de Educa\u00e7\u00e3o, Assist\u00eancia Social e ainda o Conselho da Pessoa com Defici\u00eancia e Associa\u00e7\u00e3o das Pessoas com Defici\u00eancia do Paudalho. O objetivo foi [&hellip;]<\/p>\n","protected":false},"author":4,"featured_media":767,"comment_status":"open","ping_status":"open","sticky":false,"template":"","format":"standard","meta":{"_jetpack_newsletter_access":"","_jetpack_dont_email_post_to_subs":false,"_jetpack_newsletter_tier_id":0,"_jetpack_memberships_contains_paywalled_content":false,"_jetpack_memberships_contains_paid_content":false,"footnotes":""},"categories":[2,4,1],"tags":[87],"class_list":["post-759","post","type-post","status-publish","format-standard","has-post-thumbnail","hentry","category-destaque","category-educacao","category-noticias","tag-semana-da-pessoa-com-deficiencia"],"jetpack_featured_media_url":"https:\/\/www.paudalho.pe.gov.br\/portal\/wp-content\/uploads\/2017\/08\/bc307979-6909-4859-a228-4c9bc7fe2022.jpg","jetpack_sharing_enabled":true,"jetpack_shortlink":"https:\/\/wp.me\/p98mS2-cf","_links":{"self":[{"href":"https:\/\/www.paudalho.pe.gov.br\/portal\/wp-json\/wp\/v2\/posts\/759","targetHints":{"allow":["GET"]}}],"collection":[{"href":"https:\/\/www.paudalho.pe.gov.br\/portal\/wp-json\/wp\/v2\/posts"}],"about":[{"href":"https:\/\/www.paudalho.pe.gov.br\/portal\/wp-json\/wp\/v2\/types\/post"}],"author":[{"embeddable":true,"href":"https:\/\/www.paudalho.pe.gov.br\/portal\/wp-json\/wp\/v2\/users\/4"}],"replies":[{"embeddable":true,"href":"https:\/\/www.paudalho.pe.gov.br\/portal\/wp-json\/wp\/v2\/comments?post=759"}],"version-history":[{"count":8,"href":"https:\/\/www.paudalho.pe.gov.br\/portal\/wp-json\/wp\/v2\/posts\/759\/revisions"}],"predecessor-version":[{"id":1209,"href":"https:\/\/www.paudalho.pe.gov.br\/portal\/wp-json\/wp\/v2\/posts\/759\/revisions\/1209"}],"wp:featuredmedia":[{"embeddable":true,"href":"https:\/\/www.paudalho.pe.gov.br\/portal\/wp-json\/wp\/v2\/media\/767"}],"wp:attachment":[{"href":"https:\/\/www.paudalho.pe.gov.br\/portal\/wp-json\/wp\/v2\/media?parent=759"}],"wp:term":[{"taxonomy":"category","embeddable":true,"href":"https:\/\/www.paudalho.pe.gov.br\/portal\/wp-json\/wp\/v2\/categories?post=759"},{"taxonomy":"post_tag","embeddable":true,"href":"https:\/\/www.paudalho.pe.gov.br\/portal\/wp-json\/wp\/v2\/tags?post=759"}],"curies":[{"name":"wp","href":"https:\/\/api.w.org\/{rel}","templated":true}]}}