{"id":7561,"date":"2019-07-29T13:05:02","date_gmt":"2019-07-29T16:05:02","guid":{"rendered":"https:\/\/www.paudalho.pe.gov.br\/portal\/?p=7561"},"modified":"2019-07-29T13:07:20","modified_gmt":"2019-07-29T16:07:20","slug":"comdica-divulga-relacao-dos-pre-candidatos-aprovados-na-2a-fase-da-eleicao-para-conselho-tutelar","status":"publish","type":"post","link":"https:\/\/www.paudalho.pe.gov.br\/portal\/comdica-divulga-relacao-dos-pre-candidatos-aprovados-na-2a-fase-da-eleicao-para-conselho-tutelar\/","title":{"rendered":"COMDICA divulga  rela\u00e7\u00e3o dos pr\u00e9-candidatos aprovados na 2\u00aa fase da elei\u00e7\u00e3o para Conselho Tutelar"},"content":{"rendered":"\n<p>O Conselho Municipal de Defesa dos Direitos da Crian\u00e7a e do Adolescente de Paudalho (COMDICA) tornou p\u00fablico, nesta segunda-feira (29), a rela\u00e7\u00e3o dos pr\u00e9-candidatos aprovados na segunda fase da Elei\u00e7\u00e3o para o Conselho Tutelar. <a href=\"https:\/\/drive.google.com\/open?id=1M8rbdO-w1VspqPmO8Q9Y-MNJ9bVn3Q07\">Confira a lista aqui!<\/a><\/p>\n\n\n\n<h3 class=\"wp-block-heading\">Sobre o processo<\/h3>\n\n\n\n<p>Cinco conselheiros titulares e cinco suplentes ser\u00e3o escolhidos em elei\u00e7\u00e3o prevista para outubro de 2019 . O trabalho da equipe ser\u00e1 fiscalizado pelo Minist\u00e9rio P\u00fablico de Pernambuco. O Conselho Tutelar \u00e9 um \u00f3rg\u00e3o permanente e aut\u00f4nomo, n\u00e3o jurisdicional, encarregado pela sociedade de zelar pelo cumprimento dos direitos da crian\u00e7a e do adolescente.  <a href=\"https:\/\/drive.google.com\/file\/d\/1IzRrjQXZVYdiyxf4BByRobhpS8w4HQrH\/view\">Veja o edital completo aqui!<\/a><\/p>\n","protected":false},"excerpt":{"rendered":"<p>O Conselho Municipal de Defesa dos Direitos da Crian\u00e7a e do Adolescente de Paudalho (COMDICA) tornou p\u00fablico, nesta segunda-feira (29), a rela\u00e7\u00e3o dos pr\u00e9-candidatos aprovados na segunda fase da Elei\u00e7\u00e3o para o Conselho Tutelar. Confira a lista aqui! Sobre o processo Cinco conselheiros titulares e cinco suplentes ser\u00e3o escolhidos em elei\u00e7\u00e3o prevista para outubro de [&hellip;]<\/p>\n","protected":false},"author":4,"featured_media":7562,"comment_status":"open","ping_status":"open","sticky":false,"template":"","format":"standard","meta":{"_jetpack_newsletter_access":"","_jetpack_dont_email_post_to_subs":false,"_jetpack_newsletter_tier_id":0,"_jetpack_memberships_contains_paywalled_content":false,"_jetpack_memberships_contains_paid_content":false,"footnotes":""},"categories":[2,1],"tags":[180,487],"class_list":["post-7561","post","type-post","status-publish","format-standard","has-post-thumbnail","hentry","category-destaque","category-noticias","tag-comdica","tag-conselho-tutelar"],"jetpack_featured_media_url":"https:\/\/www.paudalho.pe.gov.br\/portal\/wp-content\/uploads\/2019\/07\/baby-2416718_1920.jpg","jetpack_sharing_enabled":true,"jetpack_shortlink":"https:\/\/wp.me\/p98mS2-1XX","_links":{"self":[{"href":"https:\/\/www.paudalho.pe.gov.br\/portal\/wp-json\/wp\/v2\/posts\/7561","targetHints":{"allow":["GET"]}}],"collection":[{"href":"https:\/\/www.paudalho.pe.gov.br\/portal\/wp-json\/wp\/v2\/posts"}],"about":[{"href":"https:\/\/www.paudalho.pe.gov.br\/portal\/wp-json\/wp\/v2\/types\/post"}],"author":[{"embeddable":true,"href":"https:\/\/www.paudalho.pe.gov.br\/portal\/wp-json\/wp\/v2\/users\/4"}],"replies":[{"embeddable":true,"href":"https:\/\/www.paudalho.pe.gov.br\/portal\/wp-json\/wp\/v2\/comments?post=7561"}],"version-history":[{"count":2,"href":"https:\/\/www.paudalho.pe.gov.br\/portal\/wp-json\/wp\/v2\/posts\/7561\/revisions"}],"predecessor-version":[{"id":7564,"href":"https:\/\/www.paudalho.pe.gov.br\/portal\/wp-json\/wp\/v2\/posts\/7561\/revisions\/7564"}],"wp:featuredmedia":[{"embeddable":true,"href":"https:\/\/www.paudalho.pe.gov.br\/portal\/wp-json\/wp\/v2\/media\/7562"}],"wp:attachment":[{"href":"https:\/\/www.paudalho.pe.gov.br\/portal\/wp-json\/wp\/v2\/media?parent=7561"}],"wp:term":[{"taxonomy":"category","embeddable":true,"href":"https:\/\/www.paudalho.pe.gov.br\/portal\/wp-json\/wp\/v2\/categories?post=7561"},{"taxonomy":"post_tag","embeddable":true,"href":"https:\/\/www.paudalho.pe.gov.br\/portal\/wp-json\/wp\/v2\/tags?post=7561"}],"curies":[{"name":"wp","href":"https:\/\/api.w.org\/{rel}","templated":true}]}}