{"id":7536,"date":"2019-07-25T12:39:24","date_gmt":"2019-07-25T15:39:24","guid":{"rendered":"https:\/\/www.paudalho.pe.gov.br\/portal\/?p=7536"},"modified":"2019-07-25T12:53:31","modified_gmt":"2019-07-25T15:53:31","slug":"divulgado-resultado-preliminar-da-selecao-para-coordenador-e-formador-do-programa-crianca-alfabetizada","status":"publish","type":"post","link":"https:\/\/www.paudalho.pe.gov.br\/portal\/divulgado-resultado-preliminar-da-selecao-para-coordenador-e-formador-do-programa-crianca-alfabetizada\/","title":{"rendered":"Divulgado resultado preliminar da Sele\u00e7\u00e3o para coordenador e formador do Programa Crian\u00e7a Alfabetizada"},"content":{"rendered":"\n<p>A Prefeitura do Paudalho por meio da Secretaria de Educa\u00e7\u00e3o torna p\u00fablico o resultado preliminar de classifica\u00e7\u00e3o dos candidatos inscritos na primeira etapa da Sele\u00e7\u00e3o para composi\u00e7\u00e3o de cadastro para coordenador e formador Municipal do Programa Crian\u00e7a Alfabetizada.  <a href=\"https:\/\/drive.google.com\/open?id=1qzsHwqNTWlAeJWJXJb4ELEr5L4heyuUE\">Confira aqui o resultado! <\/a><\/p>\n\n\n\n<p>As candidatas devem se dirigir \u00e0 Secretaria de Educa\u00e7\u00e3o, que fica na Pra\u00e7a Pedro Coutinho, no Centro da cidade para interposi\u00e7\u00e3o de recursos. O processo poder\u00e1 ser realizado nesta quinta-feira (25) e sexta-feira (26). <\/p>\n\n\n\n<h3 class=\"wp-block-heading\">Objetivo<\/h3>\n\n\n\n<p>O Programa tem o objetivo de garantir a alfabetiza\u00e7\u00e3o de todos os estudantes da Rede P\u00fablica com at\u00e9 sete anos. A a\u00e7\u00e3o envolve forma\u00e7\u00e3o para estudantes, professores, distribui\u00e7\u00e3o de material did\u00e1tico, entre outras atividades.<\/p>\n\n\n\n<p><a href=\"https:\/\/www.paudalho.pe.gov.br\/portal\/wp-content\/uploads\/2019\/07\/EDITAL-001-2019-DO-PROGRAMA-CRIAN%C3%87A-ALFABETIZADA.pdf\">Confira o edital aqui! <\/a><\/p>\n","protected":false},"excerpt":{"rendered":"<p>A Prefeitura do Paudalho por meio da Secretaria de Educa\u00e7\u00e3o torna p\u00fablico o resultado preliminar de classifica\u00e7\u00e3o dos candidatos inscritos na primeira etapa da Sele\u00e7\u00e3o para composi\u00e7\u00e3o de cadastro para coordenador e formador Municipal do Programa Crian\u00e7a Alfabetizada. Confira aqui o resultado! As candidatas devem se dirigir \u00e0 Secretaria de Educa\u00e7\u00e3o, que fica na Pra\u00e7a [&hellip;]<\/p>\n","protected":false},"author":4,"featured_media":7538,"comment_status":"open","ping_status":"open","sticky":false,"template":"","format":"standard","meta":{"_jetpack_newsletter_access":"","_jetpack_dont_email_post_to_subs":false,"_jetpack_newsletter_tier_id":0,"_jetpack_memberships_contains_paywalled_content":false,"_jetpack_memberships_contains_paid_content":false,"footnotes":""},"categories":[2,4,1],"tags":[507,22,506],"class_list":["post-7536","post","type-post","status-publish","format-standard","has-post-thumbnail","hentry","category-destaque","category-educacao","category-noticias","tag-crianca","tag-prefeitura-do-paudalho","tag-programa-crianca-alfabetizada"],"jetpack_featured_media_url":"https:\/\/www.paudalho.pe.gov.br\/portal\/wp-content\/uploads\/2019\/07\/3F9A3002.jpg","jetpack_sharing_enabled":true,"jetpack_shortlink":"https:\/\/wp.me\/p98mS2-1Xy","_links":{"self":[{"href":"https:\/\/www.paudalho.pe.gov.br\/portal\/wp-json\/wp\/v2\/posts\/7536","targetHints":{"allow":["GET"]}}],"collection":[{"href":"https:\/\/www.paudalho.pe.gov.br\/portal\/wp-json\/wp\/v2\/posts"}],"about":[{"href":"https:\/\/www.paudalho.pe.gov.br\/portal\/wp-json\/wp\/v2\/types\/post"}],"author":[{"embeddable":true,"href":"https:\/\/www.paudalho.pe.gov.br\/portal\/wp-json\/wp\/v2\/users\/4"}],"replies":[{"embeddable":true,"href":"https:\/\/www.paudalho.pe.gov.br\/portal\/wp-json\/wp\/v2\/comments?post=7536"}],"version-history":[{"count":8,"href":"https:\/\/www.paudalho.pe.gov.br\/portal\/wp-json\/wp\/v2\/posts\/7536\/revisions"}],"predecessor-version":[{"id":7546,"href":"https:\/\/www.paudalho.pe.gov.br\/portal\/wp-json\/wp\/v2\/posts\/7536\/revisions\/7546"}],"wp:featuredmedia":[{"embeddable":true,"href":"https:\/\/www.paudalho.pe.gov.br\/portal\/wp-json\/wp\/v2\/media\/7538"}],"wp:attachment":[{"href":"https:\/\/www.paudalho.pe.gov.br\/portal\/wp-json\/wp\/v2\/media?parent=7536"}],"wp:term":[{"taxonomy":"category","embeddable":true,"href":"https:\/\/www.paudalho.pe.gov.br\/portal\/wp-json\/wp\/v2\/categories?post=7536"},{"taxonomy":"post_tag","embeddable":true,"href":"https:\/\/www.paudalho.pe.gov.br\/portal\/wp-json\/wp\/v2\/tags?post=7536"}],"curies":[{"name":"wp","href":"https:\/\/api.w.org\/{rel}","templated":true}]}}