{"id":7459,"date":"2019-07-11T11:00:24","date_gmt":"2019-07-11T14:00:24","guid":{"rendered":"https:\/\/www.paudalho.pe.gov.br\/portal\/?p=7459"},"modified":"2019-07-11T13:17:48","modified_gmt":"2019-07-11T16:17:48","slug":"belo-eduarda-alves-e-grupo-sem-compromisso-animam-a-festa-dos-208-anos-de-paudalho","status":"publish","type":"post","link":"https:\/\/www.paudalho.pe.gov.br\/portal\/belo-eduarda-alves-e-grupo-sem-compromisso-animam-a-festa-dos-208-anos-de-paudalho\/","title":{"rendered":"Belo, Eduarda Alves e Grupo Sem Compromisso animam a festa dos 208 anos de Paudalho"},"content":{"rendered":"\n<p>Em 2019, Paudalho, na Mata Norte de Pernambuco, completa 208 anos. A hist\u00f3ria da cidade se confunde com a hist\u00f3ria do estado, o que torna o munic\u00edpio pioneiro em diversas atividades culturais. De acordo com o Instituto Brasileiro de Geografia e Estat\u00edstica (IBGE), a ocupa\u00e7\u00e3o humana na cidade de forma organizada teria sido iniciada por volta de 1591, atrav\u00e9s dos elementos ind\u00edgenas reunidos por padres franciscanos que formaram a aldeia de Miritiba. A denomina\u00e7\u00e3o do nome Paudalho veio de uma grande \u00e1rvore, de cheiro semelhante ao do alho, existente pr\u00f3ximo da margem direita do Rio Capibaribe que corta a cidade. <\/p>\n\n\n\n<h3 class=\"wp-block-heading\">Comemora\u00e7\u00e3o<\/h3>\n\n\n\n<p>Para comemorar a data, a Prefeitura do Paudalho preparou uma festa. No s\u00e1bado, dia 27 de julho, ter\u00e3o shows musicais no P\u00e1tio de Eventos Beira-Rio, no Centro da cidade. Sobem ao palco, a partir das 21h, o cantor Belo, Eduarda Alves e o Grupo Sem Compromisso. \u201cGostei muito da programa\u00e7\u00e3o. Belo nunca veio ao nosso munic\u00edpio e eu amo as m\u00fasicas dele, ele \u00e9 um cantor rom\u00e2ntico. Nota mil\u201d, disse a dona de casa, Lindalva Batista, de 60 anos que \u00e9 moradora do bairro do Bel\u00e9m. <\/p>\n","protected":false},"excerpt":{"rendered":"<p>Em 2019, Paudalho, na Mata Norte de Pernambuco, completa 208 anos. A hist\u00f3ria da cidade se confunde com a hist\u00f3ria do estado, o que torna o munic\u00edpio pioneiro em diversas atividades culturais. De acordo com o Instituto Brasileiro de Geografia e Estat\u00edstica (IBGE), a ocupa\u00e7\u00e3o humana na cidade de forma organizada teria sido iniciada por [&hellip;]<\/p>\n","protected":false},"author":4,"featured_media":7460,"comment_status":"open","ping_status":"open","sticky":false,"template":"","format":"standard","meta":{"_jetpack_newsletter_access":"","_jetpack_dont_email_post_to_subs":false,"_jetpack_newsletter_tier_id":0,"_jetpack_memberships_contains_paywalled_content":false,"_jetpack_memberships_contains_paid_content":false,"footnotes":""},"categories":[6,2,1],"tags":[501,22],"class_list":["post-7459","post","type-post","status-publish","format-standard","has-post-thumbnail","hentry","category-cultura","category-destaque","category-noticias","tag-aniversario-de-paudalho","tag-prefeitura-do-paudalho"],"jetpack_featured_media_url":"https:\/\/www.paudalho.pe.gov.br\/portal\/wp-content\/uploads\/2019\/07\/1ba39ff3-b4d0-4f8c-83b2-691fac67f6b3.jpg","jetpack_sharing_enabled":true,"jetpack_shortlink":"https:\/\/wp.me\/p98mS2-1Wj","_links":{"self":[{"href":"https:\/\/www.paudalho.pe.gov.br\/portal\/wp-json\/wp\/v2\/posts\/7459","targetHints":{"allow":["GET"]}}],"collection":[{"href":"https:\/\/www.paudalho.pe.gov.br\/portal\/wp-json\/wp\/v2\/posts"}],"about":[{"href":"https:\/\/www.paudalho.pe.gov.br\/portal\/wp-json\/wp\/v2\/types\/post"}],"author":[{"embeddable":true,"href":"https:\/\/www.paudalho.pe.gov.br\/portal\/wp-json\/wp\/v2\/users\/4"}],"replies":[{"embeddable":true,"href":"https:\/\/www.paudalho.pe.gov.br\/portal\/wp-json\/wp\/v2\/comments?post=7459"}],"version-history":[{"count":5,"href":"https:\/\/www.paudalho.pe.gov.br\/portal\/wp-json\/wp\/v2\/posts\/7459\/revisions"}],"predecessor-version":[{"id":7465,"href":"https:\/\/www.paudalho.pe.gov.br\/portal\/wp-json\/wp\/v2\/posts\/7459\/revisions\/7465"}],"wp:featuredmedia":[{"embeddable":true,"href":"https:\/\/www.paudalho.pe.gov.br\/portal\/wp-json\/wp\/v2\/media\/7460"}],"wp:attachment":[{"href":"https:\/\/www.paudalho.pe.gov.br\/portal\/wp-json\/wp\/v2\/media?parent=7459"}],"wp:term":[{"taxonomy":"category","embeddable":true,"href":"https:\/\/www.paudalho.pe.gov.br\/portal\/wp-json\/wp\/v2\/categories?post=7459"},{"taxonomy":"post_tag","embeddable":true,"href":"https:\/\/www.paudalho.pe.gov.br\/portal\/wp-json\/wp\/v2\/tags?post=7459"}],"curies":[{"name":"wp","href":"https:\/\/api.w.org\/{rel}","templated":true}]}}