{"id":7366,"date":"2019-07-02T11:12:42","date_gmt":"2019-07-02T14:12:42","guid":{"rendered":"https:\/\/www.paudalho.pe.gov.br\/portal\/?p=7366"},"modified":"2019-07-02T11:22:24","modified_gmt":"2019-07-02T14:22:24","slug":"agendamento-para-o-teste-psicotecnico-e-entrevista-psicologica-dos-provados-na-fase-1-das-eleicoes-do-conselho-tutelar-termina-hoje-2","status":"publish","type":"post","link":"https:\/\/www.paudalho.pe.gov.br\/portal\/agendamento-para-o-teste-psicotecnico-e-entrevista-psicologica-dos-provados-na-fase-1-das-eleicoes-do-conselho-tutelar-termina-hoje-2\/","title":{"rendered":"Agendamento para o teste psicot\u00e9cnico e entrevista psicol\u00f3gica dos provados na fase 1 das elei\u00e7\u00f5es do Conselho Tutelar termina hoje (2)"},"content":{"rendered":"\n<p>Os candidatos aprovados para o teste psicot\u00e9cnico e entrevista psicol\u00f3gica  das elei\u00e7\u00f5es do Conselho Tutelar de Paudalho t\u00eam at\u00e9 hoje (2) para agendar os processos. O agendamento poder\u00e1 ser realizado at\u00e9 \u00e0s 15h, na Casa dos Conselhos que fica na Pra\u00e7a Santa Tereza, n\u00ba 91. Em qualquer tempo caber\u00e1 den\u00fancias sobre os pr\u00e9-candidatos aprovados que poder\u00e3o ser feitas no mesmo local ou pelo telefone ( 81) 3636-1304.<\/p>\n\n\n\n<p><a href=\"https:\/\/drive.google.com\/file\/d\/1hUy2soXy8nlz0g76vPdIwyGY8UiJ_aU6\/view\">CONFIRA A RELA\u00c7\u00c3O DOS APROVADOS AQUI!<\/a><\/p>\n\n\n\n<h3 class=\"wp-block-heading\">Sobre o Conselho Tutelar<\/h3>\n\n\n\n<p>Cinco conselheiros tutelares e cinco suplentes ser\u00e3o escolhidos em elei\u00e7\u00e3o prevista para outubro de 2019 . O trabalho da equipe ser\u00e1 fiscalizado pelo Minist\u00e9rio P\u00fablico de Pernambuco. O Conselho Tutelar \u00e9 um \u00f3rg\u00e3o permanente e aut\u00f4nomo, n\u00e3o jurisdicional, encarregado pela sociedade de zelar pelo cumprimento dos direitos da crian\u00e7a e do adolescente. Os candidatos v\u00e3o passar por uma prova.<\/p>\n\n\n\n<p><\/p>\n","protected":false},"excerpt":{"rendered":"<p>Os candidatos aprovados para o teste psicot\u00e9cnico e entrevista psicol\u00f3gica das elei\u00e7\u00f5es do Conselho Tutelar de Paudalho t\u00eam at\u00e9 hoje (2) para agendar os processos. O agendamento poder\u00e1 ser realizado at\u00e9 \u00e0s 15h, na Casa dos Conselhos que fica na Pra\u00e7a Santa Tereza, n\u00ba 91. Em qualquer tempo caber\u00e1 den\u00fancias sobre os pr\u00e9-candidatos aprovados que [&hellip;]<\/p>\n","protected":false},"author":4,"featured_media":7010,"comment_status":"open","ping_status":"open","sticky":false,"template":"","format":"standard","meta":{"_jetpack_newsletter_access":"","_jetpack_dont_email_post_to_subs":false,"_jetpack_newsletter_tier_id":0,"_jetpack_memberships_contains_paywalled_content":false,"_jetpack_memberships_contains_paid_content":false,"footnotes":""},"categories":[2,1],"tags":[487,14],"class_list":["post-7366","post","type-post","status-publish","format-standard","has-post-thumbnail","hentry","category-destaque","category-noticias","tag-conselho-tutelar","tag-paudalho"],"jetpack_featured_media_url":"https:\/\/www.paudalho.pe.gov.br\/portal\/wp-content\/uploads\/2019\/05\/people-3120717_1920.jpg","jetpack_sharing_enabled":true,"jetpack_shortlink":"https:\/\/wp.me\/p98mS2-1UO","_links":{"self":[{"href":"https:\/\/www.paudalho.pe.gov.br\/portal\/wp-json\/wp\/v2\/posts\/7366","targetHints":{"allow":["GET"]}}],"collection":[{"href":"https:\/\/www.paudalho.pe.gov.br\/portal\/wp-json\/wp\/v2\/posts"}],"about":[{"href":"https:\/\/www.paudalho.pe.gov.br\/portal\/wp-json\/wp\/v2\/types\/post"}],"author":[{"embeddable":true,"href":"https:\/\/www.paudalho.pe.gov.br\/portal\/wp-json\/wp\/v2\/users\/4"}],"replies":[{"embeddable":true,"href":"https:\/\/www.paudalho.pe.gov.br\/portal\/wp-json\/wp\/v2\/comments?post=7366"}],"version-history":[{"count":3,"href":"https:\/\/www.paudalho.pe.gov.br\/portal\/wp-json\/wp\/v2\/posts\/7366\/revisions"}],"predecessor-version":[{"id":7370,"href":"https:\/\/www.paudalho.pe.gov.br\/portal\/wp-json\/wp\/v2\/posts\/7366\/revisions\/7370"}],"wp:featuredmedia":[{"embeddable":true,"href":"https:\/\/www.paudalho.pe.gov.br\/portal\/wp-json\/wp\/v2\/media\/7010"}],"wp:attachment":[{"href":"https:\/\/www.paudalho.pe.gov.br\/portal\/wp-json\/wp\/v2\/media?parent=7366"}],"wp:term":[{"taxonomy":"category","embeddable":true,"href":"https:\/\/www.paudalho.pe.gov.br\/portal\/wp-json\/wp\/v2\/categories?post=7366"},{"taxonomy":"post_tag","embeddable":true,"href":"https:\/\/www.paudalho.pe.gov.br\/portal\/wp-json\/wp\/v2\/tags?post=7366"}],"curies":[{"name":"wp","href":"https:\/\/api.w.org\/{rel}","templated":true}]}}