{"id":7304,"date":"2019-06-26T10:25:36","date_gmt":"2019-06-26T13:25:36","guid":{"rendered":"https:\/\/www.paudalho.pe.gov.br\/portal\/?p=7304"},"modified":"2019-06-26T10:30:54","modified_gmt":"2019-06-26T13:30:54","slug":"tradicao-e-alegria-marcam-1o-dia-de-apresentacoes-das-quadrilhas-juninas-em-paudalho","status":"publish","type":"post","link":"https:\/\/www.paudalho.pe.gov.br\/portal\/tradicao-e-alegria-marcam-1o-dia-de-apresentacoes-das-quadrilhas-juninas-em-paudalho\/","title":{"rendered":"Tradi\u00e7\u00e3o e alegria marcam 1\u00ba dia de apresenta\u00e7\u00f5es das quadrilhas juninas, em Paudalho"},"content":{"rendered":"\n<p>O S\u00e3o Jo\u00e3o em Paudalho tem cultura e muita tradi\u00e7\u00e3o. Ap\u00f3s os primeiros shows realizados no P\u00e1tio de Eventos Beira-Rio, no Centro da cidade, no \u00faltimo s\u00e1bado (22), domingo (23) e segunda-feira (24), a Secretaria de Cultura e Turismo promoveu nesta ter\u00e7a-feira (25) o primeiro dia de apresenta\u00e7\u00f5es das quadrilhas juninas. <\/p>\n\n\n\n<p>A quadrilha Ra\u00edzes de Paudalho foi a primeira a se apresentar. Em seguida, a Paquerando Na Ro\u00e7a, da cidade de Vic\u00eancia, tamb\u00e9m deu um verdadeiro show. Encerrando a festa, com 43 anos de exist\u00eancia, a Rosa Linda, Linda Rosa brilhou e contou em seu enredo as entrelinhas da hist\u00f3ria do canga\u00e7o. <\/p>\n\n\n\n<ul class=\"wp-block-gallery columns-3 is-cropped wp-block-gallery-1 is-layout-flex wp-block-gallery-is-layout-flex\"><li class=\"blocks-gallery-item\"><figure><img loading=\"lazy\" decoding=\"async\" width=\"1080\" height=\"720\" data-attachment-id=\"7306\" data-permalink=\"https:\/\/www.paudalho.pe.gov.br\/portal\/tradicao-e-alegria-marcam-1o-dia-de-apresentacoes-das-quadrilhas-juninas-em-paudalho\/2a08483a-ae2c-4ecd-b4c4-f6929550b6db\/\" data-orig-file=\"https:\/\/www.paudalho.pe.gov.br\/portal\/wp-content\/uploads\/2019\/06\/2a08483a-ae2c-4ecd-b4c4-f6929550b6db.jpg\" data-orig-size=\"1080,720\" data-comments-opened=\"1\" data-image-meta=\"{&quot;aperture&quot;:&quot;0&quot;,&quot;credit&quot;:&quot;&quot;,&quot;camera&quot;:&quot;&quot;,&quot;caption&quot;:&quot;&quot;,&quot;created_timestamp&quot;:&quot;0&quot;,&quot;copyright&quot;:&quot;&quot;,&quot;focal_length&quot;:&quot;0&quot;,&quot;iso&quot;:&quot;0&quot;,&quot;shutter_speed&quot;:&quot;0&quot;,&quot;title&quot;:&quot;&quot;,&quot;orientation&quot;:&quot;0&quot;}\" data-image-title=\"2a08483a-ae2c-4ecd-b4c4-f6929550b6db\" data-image-description=\"\" data-image-caption=\"\" data-medium-file=\"https:\/\/www.paudalho.pe.gov.br\/portal\/wp-content\/uploads\/2019\/06\/2a08483a-ae2c-4ecd-b4c4-f6929550b6db-350x230.jpg\" data-large-file=\"https:\/\/www.paudalho.pe.gov.br\/portal\/wp-content\/uploads\/2019\/06\/2a08483a-ae2c-4ecd-b4c4-f6929550b6db-800x450.jpg\" src=\"https:\/\/i0.wp.com\/www.paudalho.pe.gov.br\/portal\/wp-content\/uploads\/2019\/06\/2a08483a-ae2c-4ecd-b4c4-f6929550b6db.jpg?resize=800%2C450&amp;ssl=1\" alt=\"\" data-id=\"7306\" data-link=\"https:\/\/www.paudalho.pe.gov.br\/portal\/?attachment_id=7306\" class=\"wp-image-7306\" srcset=\"https:\/\/www.paudalho.pe.gov.br\/portal\/wp-content\/uploads\/2019\/06\/2a08483a-ae2c-4ecd-b4c4-f6929550b6db.jpg 1080w, https:\/\/www.paudalho.pe.gov.br\/portal\/wp-content\/uploads\/2019\/06\/2a08483a-ae2c-4ecd-b4c4-f6929550b6db-768x512.jpg 768w\" sizes=\"auto, (max-width: 1080px) 100vw, 1080px\" \/><\/figure><\/li><li class=\"blocks-gallery-item\"><figure><img loading=\"lazy\" decoding=\"async\" width=\"1080\" height=\"720\" data-attachment-id=\"7307\" data-permalink=\"https:\/\/www.paudalho.pe.gov.br\/portal\/tradicao-e-alegria-marcam-1o-dia-de-apresentacoes-das-quadrilhas-juninas-em-paudalho\/2c022460-7d5f-4db8-8e23-bc77f5d5d651\/\" data-orig-file=\"https:\/\/www.paudalho.pe.gov.br\/portal\/wp-content\/uploads\/2019\/06\/2c022460-7d5f-4db8-8e23-bc77f5d5d651.jpg\" data-orig-size=\"1080,720\" data-comments-opened=\"1\" data-image-meta=\"{&quot;aperture&quot;:&quot;0&quot;,&quot;credit&quot;:&quot;&quot;,&quot;camera&quot;:&quot;&quot;,&quot;caption&quot;:&quot;&quot;,&quot;created_timestamp&quot;:&quot;0&quot;,&quot;copyright&quot;:&quot;&quot;,&quot;focal_length&quot;:&quot;0&quot;,&quot;iso&quot;:&quot;0&quot;,&quot;shutter_speed&quot;:&quot;0&quot;,&quot;title&quot;:&quot;&quot;,&quot;orientation&quot;:&quot;0&quot;}\" data-image-title=\"2c022460-7d5f-4db8-8e23-bc77f5d5d651\" data-image-description=\"\" data-image-caption=\"\" data-medium-file=\"https:\/\/www.paudalho.pe.gov.br\/portal\/wp-content\/uploads\/2019\/06\/2c022460-7d5f-4db8-8e23-bc77f5d5d651-350x230.jpg\" data-large-file=\"https:\/\/www.paudalho.pe.gov.br\/portal\/wp-content\/uploads\/2019\/06\/2c022460-7d5f-4db8-8e23-bc77f5d5d651-800x450.jpg\" src=\"https:\/\/i2.wp.com\/www.paudalho.pe.gov.br\/portal\/wp-content\/uploads\/2019\/06\/2c022460-7d5f-4db8-8e23-bc77f5d5d651.jpg?resize=800%2C450&amp;ssl=1\" alt=\"\" data-id=\"7307\" data-link=\"https:\/\/www.paudalho.pe.gov.br\/portal\/?attachment_id=7307\" class=\"wp-image-7307\" srcset=\"https:\/\/www.paudalho.pe.gov.br\/portal\/wp-content\/uploads\/2019\/06\/2c022460-7d5f-4db8-8e23-bc77f5d5d651.jpg 1080w, https:\/\/www.paudalho.pe.gov.br\/portal\/wp-content\/uploads\/2019\/06\/2c022460-7d5f-4db8-8e23-bc77f5d5d651-768x512.jpg 768w\" sizes=\"auto, (max-width: 1080px) 100vw, 1080px\" \/><\/figure><\/li><li class=\"blocks-gallery-item\"><figure><img loading=\"lazy\" decoding=\"async\" width=\"1080\" height=\"720\" data-attachment-id=\"7308\" data-permalink=\"https:\/\/www.paudalho.pe.gov.br\/portal\/tradicao-e-alegria-marcam-1o-dia-de-apresentacoes-das-quadrilhas-juninas-em-paudalho\/2d38cb8f-6df7-41b4-b3e1-77173488f424\/\" data-orig-file=\"https:\/\/www.paudalho.pe.gov.br\/portal\/wp-content\/uploads\/2019\/06\/2d38cb8f-6df7-41b4-b3e1-77173488f424.jpg\" data-orig-size=\"1080,720\" data-comments-opened=\"1\" data-image-meta=\"{&quot;aperture&quot;:&quot;0&quot;,&quot;credit&quot;:&quot;&quot;,&quot;camera&quot;:&quot;&quot;,&quot;caption&quot;:&quot;&quot;,&quot;created_timestamp&quot;:&quot;0&quot;,&quot;copyright&quot;:&quot;&quot;,&quot;focal_length&quot;:&quot;0&quot;,&quot;iso&quot;:&quot;0&quot;,&quot;shutter_speed&quot;:&quot;0&quot;,&quot;title&quot;:&quot;&quot;,&quot;orientation&quot;:&quot;0&quot;}\" data-image-title=\"2d38cb8f-6df7-41b4-b3e1-77173488f424\" data-image-description=\"\" data-image-caption=\"\" data-medium-file=\"https:\/\/www.paudalho.pe.gov.br\/portal\/wp-content\/uploads\/2019\/06\/2d38cb8f-6df7-41b4-b3e1-77173488f424-350x230.jpg\" data-large-file=\"https:\/\/www.paudalho.pe.gov.br\/portal\/wp-content\/uploads\/2019\/06\/2d38cb8f-6df7-41b4-b3e1-77173488f424-800x450.jpg\" src=\"https:\/\/i1.wp.com\/www.paudalho.pe.gov.br\/portal\/wp-content\/uploads\/2019\/06\/2d38cb8f-6df7-41b4-b3e1-77173488f424.jpg?resize=800%2C450&amp;ssl=1\" alt=\"\" data-id=\"7308\" data-link=\"https:\/\/www.paudalho.pe.gov.br\/portal\/?attachment_id=7308\" class=\"wp-image-7308\" srcset=\"https:\/\/www.paudalho.pe.gov.br\/portal\/wp-content\/uploads\/2019\/06\/2d38cb8f-6df7-41b4-b3e1-77173488f424.jpg 1080w, https:\/\/www.paudalho.pe.gov.br\/portal\/wp-content\/uploads\/2019\/06\/2d38cb8f-6df7-41b4-b3e1-77173488f424-768x512.jpg 768w\" sizes=\"auto, (max-width: 1080px) 100vw, 1080px\" \/><\/figure><\/li><li class=\"blocks-gallery-item\"><figure><img loading=\"lazy\" decoding=\"async\" width=\"1080\" height=\"720\" data-attachment-id=\"7309\" data-permalink=\"https:\/\/www.paudalho.pe.gov.br\/portal\/tradicao-e-alegria-marcam-1o-dia-de-apresentacoes-das-quadrilhas-juninas-em-paudalho\/3b893f22-d62e-41e4-807d-0e3d49ae389e\/\" data-orig-file=\"https:\/\/www.paudalho.pe.gov.br\/portal\/wp-content\/uploads\/2019\/06\/3b893f22-d62e-41e4-807d-0e3d49ae389e.jpg\" data-orig-size=\"1080,720\" data-comments-opened=\"1\" data-image-meta=\"{&quot;aperture&quot;:&quot;0&quot;,&quot;credit&quot;:&quot;&quot;,&quot;camera&quot;:&quot;&quot;,&quot;caption&quot;:&quot;&quot;,&quot;created_timestamp&quot;:&quot;0&quot;,&quot;copyright&quot;:&quot;&quot;,&quot;focal_length&quot;:&quot;0&quot;,&quot;iso&quot;:&quot;0&quot;,&quot;shutter_speed&quot;:&quot;0&quot;,&quot;title&quot;:&quot;&quot;,&quot;orientation&quot;:&quot;0&quot;}\" data-image-title=\"Apresenta\u00e7\u00e3o de quadrilha junina no S\u00e3o Jo\u00e3o 2019 em Paudalho, Pernambuco.\" data-image-description=\"\" data-image-caption=\"&lt;p&gt;Foto: Josu\u00e9 J\u00fanior\/PMP.&lt;\/p&gt;\n\" data-medium-file=\"https:\/\/www.paudalho.pe.gov.br\/portal\/wp-content\/uploads\/2019\/06\/3b893f22-d62e-41e4-807d-0e3d49ae389e-350x230.jpg\" data-large-file=\"https:\/\/www.paudalho.pe.gov.br\/portal\/wp-content\/uploads\/2019\/06\/3b893f22-d62e-41e4-807d-0e3d49ae389e-800x450.jpg\" src=\"https:\/\/i2.wp.com\/www.paudalho.pe.gov.br\/portal\/wp-content\/uploads\/2019\/06\/3b893f22-d62e-41e4-807d-0e3d49ae389e.jpg?resize=800%2C450&amp;ssl=1\" alt=\"\" data-id=\"7309\" data-link=\"https:\/\/www.paudalho.pe.gov.br\/portal\/?attachment_id=7309\" class=\"wp-image-7309\" srcset=\"https:\/\/www.paudalho.pe.gov.br\/portal\/wp-content\/uploads\/2019\/06\/3b893f22-d62e-41e4-807d-0e3d49ae389e.jpg 1080w, https:\/\/www.paudalho.pe.gov.br\/portal\/wp-content\/uploads\/2019\/06\/3b893f22-d62e-41e4-807d-0e3d49ae389e-768x512.jpg 768w\" sizes=\"auto, (max-width: 1080px) 100vw, 1080px\" \/><\/figure><\/li><li class=\"blocks-gallery-item\"><figure><img loading=\"lazy\" decoding=\"async\" width=\"1093\" height=\"720\" data-attachment-id=\"7310\" data-permalink=\"https:\/\/www.paudalho.pe.gov.br\/portal\/tradicao-e-alegria-marcam-1o-dia-de-apresentacoes-das-quadrilhas-juninas-em-paudalho\/3e980f93-0e54-408e-a163-7f1cb549df28\/\" data-orig-file=\"https:\/\/www.paudalho.pe.gov.br\/portal\/wp-content\/uploads\/2019\/06\/3e980f93-0e54-408e-a163-7f1cb549df28.jpg\" data-orig-size=\"1093,720\" data-comments-opened=\"1\" data-image-meta=\"{&quot;aperture&quot;:&quot;0&quot;,&quot;credit&quot;:&quot;&quot;,&quot;camera&quot;:&quot;&quot;,&quot;caption&quot;:&quot;&quot;,&quot;created_timestamp&quot;:&quot;0&quot;,&quot;copyright&quot;:&quot;&quot;,&quot;focal_length&quot;:&quot;0&quot;,&quot;iso&quot;:&quot;0&quot;,&quot;shutter_speed&quot;:&quot;0&quot;,&quot;title&quot;:&quot;&quot;,&quot;orientation&quot;:&quot;0&quot;}\" data-image-title=\"3e980f93-0e54-408e-a163-7f1cb549df28\" data-image-description=\"\" data-image-caption=\"\" data-medium-file=\"https:\/\/www.paudalho.pe.gov.br\/portal\/wp-content\/uploads\/2019\/06\/3e980f93-0e54-408e-a163-7f1cb549df28-350x230.jpg\" data-large-file=\"https:\/\/www.paudalho.pe.gov.br\/portal\/wp-content\/uploads\/2019\/06\/3e980f93-0e54-408e-a163-7f1cb549df28-800x450.jpg\" src=\"https:\/\/i1.wp.com\/www.paudalho.pe.gov.br\/portal\/wp-content\/uploads\/2019\/06\/3e980f93-0e54-408e-a163-7f1cb549df28.jpg?resize=800%2C450&amp;ssl=1\" alt=\"\" data-id=\"7310\" data-link=\"https:\/\/www.paudalho.pe.gov.br\/portal\/?attachment_id=7310\" class=\"wp-image-7310\" srcset=\"https:\/\/www.paudalho.pe.gov.br\/portal\/wp-content\/uploads\/2019\/06\/3e980f93-0e54-408e-a163-7f1cb549df28.jpg 1093w, https:\/\/www.paudalho.pe.gov.br\/portal\/wp-content\/uploads\/2019\/06\/3e980f93-0e54-408e-a163-7f1cb549df28-350x230.jpg 350w, https:\/\/www.paudalho.pe.gov.br\/portal\/wp-content\/uploads\/2019\/06\/3e980f93-0e54-408e-a163-7f1cb549df28-768x506.jpg 768w\" sizes=\"auto, (max-width: 1093px) 100vw, 1093px\" \/><\/figure><\/li><li class=\"blocks-gallery-item\"><figure><img loading=\"lazy\" decoding=\"async\" width=\"1080\" height=\"720\" data-attachment-id=\"7311\" data-permalink=\"https:\/\/www.paudalho.pe.gov.br\/portal\/tradicao-e-alegria-marcam-1o-dia-de-apresentacoes-das-quadrilhas-juninas-em-paudalho\/4e40d80e-ccde-417a-8de9-6e3547487afc\/\" data-orig-file=\"https:\/\/www.paudalho.pe.gov.br\/portal\/wp-content\/uploads\/2019\/06\/4e40d80e-ccde-417a-8de9-6e3547487afc.jpg\" data-orig-size=\"1080,720\" data-comments-opened=\"1\" data-image-meta=\"{&quot;aperture&quot;:&quot;0&quot;,&quot;credit&quot;:&quot;&quot;,&quot;camera&quot;:&quot;&quot;,&quot;caption&quot;:&quot;&quot;,&quot;created_timestamp&quot;:&quot;0&quot;,&quot;copyright&quot;:&quot;&quot;,&quot;focal_length&quot;:&quot;0&quot;,&quot;iso&quot;:&quot;0&quot;,&quot;shutter_speed&quot;:&quot;0&quot;,&quot;title&quot;:&quot;&quot;,&quot;orientation&quot;:&quot;0&quot;}\" data-image-title=\"4e40d80e-ccde-417a-8de9-6e3547487afc\" data-image-description=\"\" data-image-caption=\"\" data-medium-file=\"https:\/\/www.paudalho.pe.gov.br\/portal\/wp-content\/uploads\/2019\/06\/4e40d80e-ccde-417a-8de9-6e3547487afc-350x230.jpg\" data-large-file=\"https:\/\/www.paudalho.pe.gov.br\/portal\/wp-content\/uploads\/2019\/06\/4e40d80e-ccde-417a-8de9-6e3547487afc-800x450.jpg\" src=\"https:\/\/i0.wp.com\/www.paudalho.pe.gov.br\/portal\/wp-content\/uploads\/2019\/06\/4e40d80e-ccde-417a-8de9-6e3547487afc.jpg?resize=800%2C450&amp;ssl=1\" alt=\"\" data-id=\"7311\" data-link=\"https:\/\/www.paudalho.pe.gov.br\/portal\/?attachment_id=7311\" class=\"wp-image-7311\" srcset=\"https:\/\/www.paudalho.pe.gov.br\/portal\/wp-content\/uploads\/2019\/06\/4e40d80e-ccde-417a-8de9-6e3547487afc.jpg 1080w, https:\/\/www.paudalho.pe.gov.br\/portal\/wp-content\/uploads\/2019\/06\/4e40d80e-ccde-417a-8de9-6e3547487afc-768x512.jpg 768w\" sizes=\"auto, (max-width: 1080px) 100vw, 1080px\" \/><\/figure><\/li><li class=\"blocks-gallery-item\"><figure><img loading=\"lazy\" decoding=\"async\" width=\"1073\" height=\"720\" data-attachment-id=\"7312\" data-permalink=\"https:\/\/www.paudalho.pe.gov.br\/portal\/tradicao-e-alegria-marcam-1o-dia-de-apresentacoes-das-quadrilhas-juninas-em-paudalho\/5ef37727-a76b-4512-b1ed-72ff6c83bf66\/\" data-orig-file=\"https:\/\/www.paudalho.pe.gov.br\/portal\/wp-content\/uploads\/2019\/06\/5ef37727-a76b-4512-b1ed-72ff6c83bf66.jpg\" data-orig-size=\"1073,720\" data-comments-opened=\"1\" data-image-meta=\"{&quot;aperture&quot;:&quot;0&quot;,&quot;credit&quot;:&quot;&quot;,&quot;camera&quot;:&quot;&quot;,&quot;caption&quot;:&quot;&quot;,&quot;created_timestamp&quot;:&quot;0&quot;,&quot;copyright&quot;:&quot;&quot;,&quot;focal_length&quot;:&quot;0&quot;,&quot;iso&quot;:&quot;0&quot;,&quot;shutter_speed&quot;:&quot;0&quot;,&quot;title&quot;:&quot;&quot;,&quot;orientation&quot;:&quot;0&quot;}\" data-image-title=\"Apresenta\u00e7\u00e3o musical no S\u00e3o Jo\u00e3o 2019 em Paudalho, Pernambuco.\" data-image-description=\"\" data-image-caption=\"\" data-medium-file=\"https:\/\/www.paudalho.pe.gov.br\/portal\/wp-content\/uploads\/2019\/06\/5ef37727-a76b-4512-b1ed-72ff6c83bf66-350x230.jpg\" data-large-file=\"https:\/\/www.paudalho.pe.gov.br\/portal\/wp-content\/uploads\/2019\/06\/5ef37727-a76b-4512-b1ed-72ff6c83bf66-800x450.jpg\" src=\"https:\/\/i0.wp.com\/www.paudalho.pe.gov.br\/portal\/wp-content\/uploads\/2019\/06\/5ef37727-a76b-4512-b1ed-72ff6c83bf66.jpg?resize=800%2C450&amp;ssl=1\" alt=\"\" data-id=\"7312\" data-link=\"https:\/\/www.paudalho.pe.gov.br\/portal\/?attachment_id=7312\" class=\"wp-image-7312\" srcset=\"https:\/\/www.paudalho.pe.gov.br\/portal\/wp-content\/uploads\/2019\/06\/5ef37727-a76b-4512-b1ed-72ff6c83bf66.jpg 1073w, https:\/\/www.paudalho.pe.gov.br\/portal\/wp-content\/uploads\/2019\/06\/5ef37727-a76b-4512-b1ed-72ff6c83bf66-768x515.jpg 768w\" sizes=\"auto, (max-width: 1073px) 100vw, 1073px\" \/><\/figure><\/li><li class=\"blocks-gallery-item\"><figure><img loading=\"lazy\" decoding=\"async\" width=\"1080\" height=\"720\" data-attachment-id=\"7313\" data-permalink=\"https:\/\/www.paudalho.pe.gov.br\/portal\/tradicao-e-alegria-marcam-1o-dia-de-apresentacoes-das-quadrilhas-juninas-em-paudalho\/6ac5d579-55fe-4cad-8c8c-2f52a5839583\/\" data-orig-file=\"https:\/\/www.paudalho.pe.gov.br\/portal\/wp-content\/uploads\/2019\/06\/6ac5d579-55fe-4cad-8c8c-2f52a5839583.jpg\" data-orig-size=\"1080,720\" data-comments-opened=\"1\" data-image-meta=\"{&quot;aperture&quot;:&quot;0&quot;,&quot;credit&quot;:&quot;&quot;,&quot;camera&quot;:&quot;&quot;,&quot;caption&quot;:&quot;&quot;,&quot;created_timestamp&quot;:&quot;0&quot;,&quot;copyright&quot;:&quot;&quot;,&quot;focal_length&quot;:&quot;0&quot;,&quot;iso&quot;:&quot;0&quot;,&quot;shutter_speed&quot;:&quot;0&quot;,&quot;title&quot;:&quot;&quot;,&quot;orientation&quot;:&quot;0&quot;}\" data-image-title=\"6ac5d579-55fe-4cad-8c8c-2f52a5839583\" data-image-description=\"\" data-image-caption=\"\" data-medium-file=\"https:\/\/www.paudalho.pe.gov.br\/portal\/wp-content\/uploads\/2019\/06\/6ac5d579-55fe-4cad-8c8c-2f52a5839583-350x230.jpg\" data-large-file=\"https:\/\/www.paudalho.pe.gov.br\/portal\/wp-content\/uploads\/2019\/06\/6ac5d579-55fe-4cad-8c8c-2f52a5839583-800x450.jpg\" src=\"https:\/\/i1.wp.com\/www.paudalho.pe.gov.br\/portal\/wp-content\/uploads\/2019\/06\/6ac5d579-55fe-4cad-8c8c-2f52a5839583.jpg?resize=800%2C450&amp;ssl=1\" alt=\"\" data-id=\"7313\" data-link=\"https:\/\/www.paudalho.pe.gov.br\/portal\/?attachment_id=7313\" class=\"wp-image-7313\" srcset=\"https:\/\/www.paudalho.pe.gov.br\/portal\/wp-content\/uploads\/2019\/06\/6ac5d579-55fe-4cad-8c8c-2f52a5839583.jpg 1080w, https:\/\/www.paudalho.pe.gov.br\/portal\/wp-content\/uploads\/2019\/06\/6ac5d579-55fe-4cad-8c8c-2f52a5839583-768x512.jpg 768w\" sizes=\"auto, (max-width: 1080px) 100vw, 1080px\" \/><\/figure><\/li><li class=\"blocks-gallery-item\"><figure><img loading=\"lazy\" decoding=\"async\" width=\"1080\" height=\"720\" data-attachment-id=\"7314\" data-permalink=\"https:\/\/www.paudalho.pe.gov.br\/portal\/tradicao-e-alegria-marcam-1o-dia-de-apresentacoes-das-quadrilhas-juninas-em-paudalho\/6cd300aa-720c-4208-be87-8695f3ed0e78\/\" data-orig-file=\"https:\/\/www.paudalho.pe.gov.br\/portal\/wp-content\/uploads\/2019\/06\/6cd300aa-720c-4208-be87-8695f3ed0e78.jpg\" data-orig-size=\"1080,720\" data-comments-opened=\"1\" data-image-meta=\"{&quot;aperture&quot;:&quot;0&quot;,&quot;credit&quot;:&quot;&quot;,&quot;camera&quot;:&quot;&quot;,&quot;caption&quot;:&quot;&quot;,&quot;created_timestamp&quot;:&quot;0&quot;,&quot;copyright&quot;:&quot;&quot;,&quot;focal_length&quot;:&quot;0&quot;,&quot;iso&quot;:&quot;0&quot;,&quot;shutter_speed&quot;:&quot;0&quot;,&quot;title&quot;:&quot;&quot;,&quot;orientation&quot;:&quot;0&quot;}\" data-image-title=\"6cd300aa-720c-4208-be87-8695f3ed0e78\" data-image-description=\"\" data-image-caption=\"\" data-medium-file=\"https:\/\/www.paudalho.pe.gov.br\/portal\/wp-content\/uploads\/2019\/06\/6cd300aa-720c-4208-be87-8695f3ed0e78-350x230.jpg\" data-large-file=\"https:\/\/www.paudalho.pe.gov.br\/portal\/wp-content\/uploads\/2019\/06\/6cd300aa-720c-4208-be87-8695f3ed0e78-800x450.jpg\" src=\"https:\/\/i0.wp.com\/www.paudalho.pe.gov.br\/portal\/wp-content\/uploads\/2019\/06\/6cd300aa-720c-4208-be87-8695f3ed0e78.jpg?resize=800%2C450&amp;ssl=1\" alt=\"\" data-id=\"7314\" data-link=\"https:\/\/www.paudalho.pe.gov.br\/portal\/?attachment_id=7314\" class=\"wp-image-7314\" srcset=\"https:\/\/www.paudalho.pe.gov.br\/portal\/wp-content\/uploads\/2019\/06\/6cd300aa-720c-4208-be87-8695f3ed0e78.jpg 1080w, https:\/\/www.paudalho.pe.gov.br\/portal\/wp-content\/uploads\/2019\/06\/6cd300aa-720c-4208-be87-8695f3ed0e78-768x512.jpg 768w\" sizes=\"auto, (max-width: 1080px) 100vw, 1080px\" \/><\/figure><\/li><li class=\"blocks-gallery-item\"><figure><img loading=\"lazy\" decoding=\"async\" width=\"1080\" height=\"720\" data-attachment-id=\"7315\" data-permalink=\"https:\/\/www.paudalho.pe.gov.br\/portal\/tradicao-e-alegria-marcam-1o-dia-de-apresentacoes-das-quadrilhas-juninas-em-paudalho\/7feb9308-e13b-4915-b037-2e9ae4eef600\/\" data-orig-file=\"https:\/\/www.paudalho.pe.gov.br\/portal\/wp-content\/uploads\/2019\/06\/7feb9308-e13b-4915-b037-2e9ae4eef600.jpg\" data-orig-size=\"1080,720\" data-comments-opened=\"1\" data-image-meta=\"{&quot;aperture&quot;:&quot;0&quot;,&quot;credit&quot;:&quot;&quot;,&quot;camera&quot;:&quot;&quot;,&quot;caption&quot;:&quot;&quot;,&quot;created_timestamp&quot;:&quot;0&quot;,&quot;copyright&quot;:&quot;&quot;,&quot;focal_length&quot;:&quot;0&quot;,&quot;iso&quot;:&quot;0&quot;,&quot;shutter_speed&quot;:&quot;0&quot;,&quot;title&quot;:&quot;&quot;,&quot;orientation&quot;:&quot;0&quot;}\" data-image-title=\"7feb9308-e13b-4915-b037-2e9ae4eef600\" data-image-description=\"\" data-image-caption=\"\" data-medium-file=\"https:\/\/www.paudalho.pe.gov.br\/portal\/wp-content\/uploads\/2019\/06\/7feb9308-e13b-4915-b037-2e9ae4eef600-350x230.jpg\" data-large-file=\"https:\/\/www.paudalho.pe.gov.br\/portal\/wp-content\/uploads\/2019\/06\/7feb9308-e13b-4915-b037-2e9ae4eef600-800x450.jpg\" src=\"https:\/\/i2.wp.com\/www.paudalho.pe.gov.br\/portal\/wp-content\/uploads\/2019\/06\/7feb9308-e13b-4915-b037-2e9ae4eef600.jpg?resize=800%2C450&amp;ssl=1\" alt=\"\" data-id=\"7315\" data-link=\"https:\/\/www.paudalho.pe.gov.br\/portal\/?attachment_id=7315\" class=\"wp-image-7315\" srcset=\"https:\/\/www.paudalho.pe.gov.br\/portal\/wp-content\/uploads\/2019\/06\/7feb9308-e13b-4915-b037-2e9ae4eef600.jpg 1080w, https:\/\/www.paudalho.pe.gov.br\/portal\/wp-content\/uploads\/2019\/06\/7feb9308-e13b-4915-b037-2e9ae4eef600-768x512.jpg 768w\" sizes=\"auto, (max-width: 1080px) 100vw, 1080px\" \/><\/figure><\/li><li class=\"blocks-gallery-item\"><figure><img loading=\"lazy\" decoding=\"async\" width=\"1080\" height=\"720\" data-attachment-id=\"7316\" data-permalink=\"https:\/\/www.paudalho.pe.gov.br\/portal\/tradicao-e-alegria-marcam-1o-dia-de-apresentacoes-das-quadrilhas-juninas-em-paudalho\/8ac81007-9c72-4963-a6fa-fc6807e01c5a-2\/\" data-orig-file=\"https:\/\/www.paudalho.pe.gov.br\/portal\/wp-content\/uploads\/2019\/06\/8ac81007-9c72-4963-a6fa-fc6807e01c5a-1.jpg\" data-orig-size=\"1080,720\" data-comments-opened=\"1\" data-image-meta=\"{&quot;aperture&quot;:&quot;0&quot;,&quot;credit&quot;:&quot;&quot;,&quot;camera&quot;:&quot;&quot;,&quot;caption&quot;:&quot;&quot;,&quot;created_timestamp&quot;:&quot;0&quot;,&quot;copyright&quot;:&quot;&quot;,&quot;focal_length&quot;:&quot;0&quot;,&quot;iso&quot;:&quot;0&quot;,&quot;shutter_speed&quot;:&quot;0&quot;,&quot;title&quot;:&quot;&quot;,&quot;orientation&quot;:&quot;0&quot;}\" data-image-title=\"8ac81007-9c72-4963-a6fa-fc6807e01c5a\" data-image-description=\"\" data-image-caption=\"\" data-medium-file=\"https:\/\/www.paudalho.pe.gov.br\/portal\/wp-content\/uploads\/2019\/06\/8ac81007-9c72-4963-a6fa-fc6807e01c5a-1-350x230.jpg\" data-large-file=\"https:\/\/www.paudalho.pe.gov.br\/portal\/wp-content\/uploads\/2019\/06\/8ac81007-9c72-4963-a6fa-fc6807e01c5a-1-800x450.jpg\" src=\"https:\/\/i1.wp.com\/www.paudalho.pe.gov.br\/portal\/wp-content\/uploads\/2019\/06\/8ac81007-9c72-4963-a6fa-fc6807e01c5a-1.jpg?resize=800%2C450&amp;ssl=1\" alt=\"\" data-id=\"7316\" data-link=\"https:\/\/www.paudalho.pe.gov.br\/portal\/?attachment_id=7316\" class=\"wp-image-7316\" srcset=\"https:\/\/www.paudalho.pe.gov.br\/portal\/wp-content\/uploads\/2019\/06\/8ac81007-9c72-4963-a6fa-fc6807e01c5a-1.jpg 1080w, https:\/\/www.paudalho.pe.gov.br\/portal\/wp-content\/uploads\/2019\/06\/8ac81007-9c72-4963-a6fa-fc6807e01c5a-1-768x512.jpg 768w\" sizes=\"auto, (max-width: 1080px) 100vw, 1080px\" \/><\/figure><\/li><li class=\"blocks-gallery-item\"><figure><img loading=\"lazy\" decoding=\"async\" width=\"1071\" height=\"720\" data-attachment-id=\"7317\" data-permalink=\"https:\/\/www.paudalho.pe.gov.br\/portal\/tradicao-e-alegria-marcam-1o-dia-de-apresentacoes-das-quadrilhas-juninas-em-paudalho\/8e4b4b29-7234-4423-bf5c-a71e580d0476\/\" data-orig-file=\"https:\/\/www.paudalho.pe.gov.br\/portal\/wp-content\/uploads\/2019\/06\/8e4b4b29-7234-4423-bf5c-a71e580d0476.jpg\" data-orig-size=\"1071,720\" data-comments-opened=\"1\" data-image-meta=\"{&quot;aperture&quot;:&quot;0&quot;,&quot;credit&quot;:&quot;&quot;,&quot;camera&quot;:&quot;&quot;,&quot;caption&quot;:&quot;&quot;,&quot;created_timestamp&quot;:&quot;0&quot;,&quot;copyright&quot;:&quot;&quot;,&quot;focal_length&quot;:&quot;0&quot;,&quot;iso&quot;:&quot;0&quot;,&quot;shutter_speed&quot;:&quot;0&quot;,&quot;title&quot;:&quot;&quot;,&quot;orientation&quot;:&quot;0&quot;}\" data-image-title=\"8e4b4b29-7234-4423-bf5c-a71e580d0476\" data-image-description=\"\" data-image-caption=\"\" data-medium-file=\"https:\/\/www.paudalho.pe.gov.br\/portal\/wp-content\/uploads\/2019\/06\/8e4b4b29-7234-4423-bf5c-a71e580d0476-350x230.jpg\" data-large-file=\"https:\/\/www.paudalho.pe.gov.br\/portal\/wp-content\/uploads\/2019\/06\/8e4b4b29-7234-4423-bf5c-a71e580d0476-800x450.jpg\" src=\"https:\/\/i2.wp.com\/www.paudalho.pe.gov.br\/portal\/wp-content\/uploads\/2019\/06\/8e4b4b29-7234-4423-bf5c-a71e580d0476.jpg?resize=800%2C450&amp;ssl=1\" alt=\"\" data-id=\"7317\" data-link=\"https:\/\/www.paudalho.pe.gov.br\/portal\/?attachment_id=7317\" class=\"wp-image-7317\" srcset=\"https:\/\/www.paudalho.pe.gov.br\/portal\/wp-content\/uploads\/2019\/06\/8e4b4b29-7234-4423-bf5c-a71e580d0476.jpg 1071w, https:\/\/www.paudalho.pe.gov.br\/portal\/wp-content\/uploads\/2019\/06\/8e4b4b29-7234-4423-bf5c-a71e580d0476-768x516.jpg 768w\" sizes=\"auto, (max-width: 1071px) 100vw, 1071px\" \/><\/figure><\/li><li class=\"blocks-gallery-item\"><figure><img loading=\"lazy\" decoding=\"async\" width=\"1080\" height=\"720\" data-attachment-id=\"7318\" data-permalink=\"https:\/\/www.paudalho.pe.gov.br\/portal\/tradicao-e-alegria-marcam-1o-dia-de-apresentacoes-das-quadrilhas-juninas-em-paudalho\/9b6528f1-bb73-4218-a999-0c0188272275\/\" data-orig-file=\"https:\/\/www.paudalho.pe.gov.br\/portal\/wp-content\/uploads\/2019\/06\/9b6528f1-bb73-4218-a999-0c0188272275.jpg\" data-orig-size=\"1080,720\" data-comments-opened=\"1\" data-image-meta=\"{&quot;aperture&quot;:&quot;0&quot;,&quot;credit&quot;:&quot;&quot;,&quot;camera&quot;:&quot;&quot;,&quot;caption&quot;:&quot;&quot;,&quot;created_timestamp&quot;:&quot;0&quot;,&quot;copyright&quot;:&quot;&quot;,&quot;focal_length&quot;:&quot;0&quot;,&quot;iso&quot;:&quot;0&quot;,&quot;shutter_speed&quot;:&quot;0&quot;,&quot;title&quot;:&quot;&quot;,&quot;orientation&quot;:&quot;0&quot;}\" data-image-title=\"9b6528f1-bb73-4218-a999-0c0188272275\" data-image-description=\"\" data-image-caption=\"\" data-medium-file=\"https:\/\/www.paudalho.pe.gov.br\/portal\/wp-content\/uploads\/2019\/06\/9b6528f1-bb73-4218-a999-0c0188272275-350x230.jpg\" data-large-file=\"https:\/\/www.paudalho.pe.gov.br\/portal\/wp-content\/uploads\/2019\/06\/9b6528f1-bb73-4218-a999-0c0188272275-800x450.jpg\" src=\"https:\/\/i0.wp.com\/www.paudalho.pe.gov.br\/portal\/wp-content\/uploads\/2019\/06\/9b6528f1-bb73-4218-a999-0c0188272275.jpg?resize=800%2C450&amp;ssl=1\" alt=\"\" data-id=\"7318\" data-link=\"https:\/\/www.paudalho.pe.gov.br\/portal\/?attachment_id=7318\" class=\"wp-image-7318\" srcset=\"https:\/\/www.paudalho.pe.gov.br\/portal\/wp-content\/uploads\/2019\/06\/9b6528f1-bb73-4218-a999-0c0188272275.jpg 1080w, https:\/\/www.paudalho.pe.gov.br\/portal\/wp-content\/uploads\/2019\/06\/9b6528f1-bb73-4218-a999-0c0188272275-768x512.jpg 768w\" sizes=\"auto, (max-width: 1080px) 100vw, 1080px\" \/><\/figure><\/li><li class=\"blocks-gallery-item\"><figure><img loading=\"lazy\" decoding=\"async\" width=\"1080\" height=\"720\" data-attachment-id=\"7319\" data-permalink=\"https:\/\/www.paudalho.pe.gov.br\/portal\/tradicao-e-alegria-marcam-1o-dia-de-apresentacoes-das-quadrilhas-juninas-em-paudalho\/019cbb28-2459-407e-bbed-f3d80fc1a4c2\/\" data-orig-file=\"https:\/\/www.paudalho.pe.gov.br\/portal\/wp-content\/uploads\/2019\/06\/019cbb28-2459-407e-bbed-f3d80fc1a4c2.jpg\" data-orig-size=\"1080,720\" data-comments-opened=\"1\" data-image-meta=\"{&quot;aperture&quot;:&quot;0&quot;,&quot;credit&quot;:&quot;&quot;,&quot;camera&quot;:&quot;&quot;,&quot;caption&quot;:&quot;&quot;,&quot;created_timestamp&quot;:&quot;0&quot;,&quot;copyright&quot;:&quot;&quot;,&quot;focal_length&quot;:&quot;0&quot;,&quot;iso&quot;:&quot;0&quot;,&quot;shutter_speed&quot;:&quot;0&quot;,&quot;title&quot;:&quot;&quot;,&quot;orientation&quot;:&quot;0&quot;}\" data-image-title=\"Apresenta\u00e7\u00e3o de quadrilha junina no S\u00e3o Jo\u00e3o 2019 em Paudalho, Pernambuco.\" data-image-description=\"\" data-image-caption=\"\" data-medium-file=\"https:\/\/www.paudalho.pe.gov.br\/portal\/wp-content\/uploads\/2019\/06\/019cbb28-2459-407e-bbed-f3d80fc1a4c2-350x230.jpg\" data-large-file=\"https:\/\/www.paudalho.pe.gov.br\/portal\/wp-content\/uploads\/2019\/06\/019cbb28-2459-407e-bbed-f3d80fc1a4c2-800x450.jpg\" src=\"https:\/\/i2.wp.com\/www.paudalho.pe.gov.br\/portal\/wp-content\/uploads\/2019\/06\/019cbb28-2459-407e-bbed-f3d80fc1a4c2.jpg?resize=800%2C450&amp;ssl=1\" alt=\"\" data-id=\"7319\" data-link=\"https:\/\/www.paudalho.pe.gov.br\/portal\/?attachment_id=7319\" class=\"wp-image-7319\" srcset=\"https:\/\/www.paudalho.pe.gov.br\/portal\/wp-content\/uploads\/2019\/06\/019cbb28-2459-407e-bbed-f3d80fc1a4c2.jpg 1080w, https:\/\/www.paudalho.pe.gov.br\/portal\/wp-content\/uploads\/2019\/06\/019cbb28-2459-407e-bbed-f3d80fc1a4c2-768x512.jpg 768w\" sizes=\"auto, (max-width: 1080px) 100vw, 1080px\" \/><\/figure><\/li><li class=\"blocks-gallery-item\"><figure><img loading=\"lazy\" decoding=\"async\" width=\"1080\" height=\"720\" data-attachment-id=\"7320\" data-permalink=\"https:\/\/www.paudalho.pe.gov.br\/portal\/tradicao-e-alegria-marcam-1o-dia-de-apresentacoes-das-quadrilhas-juninas-em-paudalho\/26a859b6-465f-4720-a164-f8fdaecd8f38\/\" data-orig-file=\"https:\/\/www.paudalho.pe.gov.br\/portal\/wp-content\/uploads\/2019\/06\/26a859b6-465f-4720-a164-f8fdaecd8f38.jpg\" data-orig-size=\"1080,720\" data-comments-opened=\"1\" data-image-meta=\"{&quot;aperture&quot;:&quot;0&quot;,&quot;credit&quot;:&quot;&quot;,&quot;camera&quot;:&quot;&quot;,&quot;caption&quot;:&quot;&quot;,&quot;created_timestamp&quot;:&quot;0&quot;,&quot;copyright&quot;:&quot;&quot;,&quot;focal_length&quot;:&quot;0&quot;,&quot;iso&quot;:&quot;0&quot;,&quot;shutter_speed&quot;:&quot;0&quot;,&quot;title&quot;:&quot;&quot;,&quot;orientation&quot;:&quot;0&quot;}\" data-image-title=\"26a859b6-465f-4720-a164-f8fdaecd8f38\" data-image-description=\"\" data-image-caption=\"\" data-medium-file=\"https:\/\/www.paudalho.pe.gov.br\/portal\/wp-content\/uploads\/2019\/06\/26a859b6-465f-4720-a164-f8fdaecd8f38-350x230.jpg\" data-large-file=\"https:\/\/www.paudalho.pe.gov.br\/portal\/wp-content\/uploads\/2019\/06\/26a859b6-465f-4720-a164-f8fdaecd8f38-800x450.jpg\" src=\"https:\/\/i2.wp.com\/www.paudalho.pe.gov.br\/portal\/wp-content\/uploads\/2019\/06\/26a859b6-465f-4720-a164-f8fdaecd8f38.jpg?resize=800%2C450&amp;ssl=1\" alt=\"\" data-id=\"7320\" data-link=\"https:\/\/www.paudalho.pe.gov.br\/portal\/?attachment_id=7320\" class=\"wp-image-7320\" srcset=\"https:\/\/www.paudalho.pe.gov.br\/portal\/wp-content\/uploads\/2019\/06\/26a859b6-465f-4720-a164-f8fdaecd8f38.jpg 1080w, https:\/\/www.paudalho.pe.gov.br\/portal\/wp-content\/uploads\/2019\/06\/26a859b6-465f-4720-a164-f8fdaecd8f38-768x512.jpg 768w\" sizes=\"auto, (max-width: 1080px) 100vw, 1080px\" \/><\/figure><\/li><li class=\"blocks-gallery-item\"><figure><img loading=\"lazy\" decoding=\"async\" width=\"561\" height=\"720\" data-attachment-id=\"7321\" data-permalink=\"https:\/\/www.paudalho.pe.gov.br\/portal\/tradicao-e-alegria-marcam-1o-dia-de-apresentacoes-das-quadrilhas-juninas-em-paudalho\/37f6c21e-6c77-4cbd-a5f5-67cfec2b4eb3\/\" data-orig-file=\"https:\/\/www.paudalho.pe.gov.br\/portal\/wp-content\/uploads\/2019\/06\/37f6c21e-6c77-4cbd-a5f5-67cfec2b4eb3.jpg\" data-orig-size=\"561,720\" data-comments-opened=\"1\" data-image-meta=\"{&quot;aperture&quot;:&quot;0&quot;,&quot;credit&quot;:&quot;&quot;,&quot;camera&quot;:&quot;&quot;,&quot;caption&quot;:&quot;&quot;,&quot;created_timestamp&quot;:&quot;0&quot;,&quot;copyright&quot;:&quot;&quot;,&quot;focal_length&quot;:&quot;0&quot;,&quot;iso&quot;:&quot;0&quot;,&quot;shutter_speed&quot;:&quot;0&quot;,&quot;title&quot;:&quot;&quot;,&quot;orientation&quot;:&quot;0&quot;}\" data-image-title=\"37f6c21e-6c77-4cbd-a5f5-67cfec2b4eb3\" data-image-description=\"\" data-image-caption=\"\" data-medium-file=\"https:\/\/www.paudalho.pe.gov.br\/portal\/wp-content\/uploads\/2019\/06\/37f6c21e-6c77-4cbd-a5f5-67cfec2b4eb3-350x230.jpg\" data-large-file=\"https:\/\/www.paudalho.pe.gov.br\/portal\/wp-content\/uploads\/2019\/06\/37f6c21e-6c77-4cbd-a5f5-67cfec2b4eb3-561x450.jpg\" src=\"https:\/\/i1.wp.com\/www.paudalho.pe.gov.br\/portal\/wp-content\/uploads\/2019\/06\/37f6c21e-6c77-4cbd-a5f5-67cfec2b4eb3.jpg?resize=561%2C450&amp;ssl=1\" alt=\"\" data-id=\"7321\" data-link=\"https:\/\/www.paudalho.pe.gov.br\/portal\/?attachment_id=7321\" class=\"wp-image-7321\"\/><\/figure><\/li><li class=\"blocks-gallery-item\"><figure><img loading=\"lazy\" decoding=\"async\" width=\"1015\" height=\"720\" data-attachment-id=\"7322\" data-permalink=\"https:\/\/www.paudalho.pe.gov.br\/portal\/tradicao-e-alegria-marcam-1o-dia-de-apresentacoes-das-quadrilhas-juninas-em-paudalho\/43d55416-69fc-412c-ae47-38f3a9e212e6\/\" data-orig-file=\"https:\/\/www.paudalho.pe.gov.br\/portal\/wp-content\/uploads\/2019\/06\/43d55416-69fc-412c-ae47-38f3a9e212e6.jpg\" data-orig-size=\"1015,720\" data-comments-opened=\"1\" data-image-meta=\"{&quot;aperture&quot;:&quot;0&quot;,&quot;credit&quot;:&quot;&quot;,&quot;camera&quot;:&quot;&quot;,&quot;caption&quot;:&quot;&quot;,&quot;created_timestamp&quot;:&quot;0&quot;,&quot;copyright&quot;:&quot;&quot;,&quot;focal_length&quot;:&quot;0&quot;,&quot;iso&quot;:&quot;0&quot;,&quot;shutter_speed&quot;:&quot;0&quot;,&quot;title&quot;:&quot;&quot;,&quot;orientation&quot;:&quot;0&quot;}\" data-image-title=\"43d55416-69fc-412c-ae47-38f3a9e212e6\" data-image-description=\"\" data-image-caption=\"\" data-medium-file=\"https:\/\/www.paudalho.pe.gov.br\/portal\/wp-content\/uploads\/2019\/06\/43d55416-69fc-412c-ae47-38f3a9e212e6-350x230.jpg\" data-large-file=\"https:\/\/www.paudalho.pe.gov.br\/portal\/wp-content\/uploads\/2019\/06\/43d55416-69fc-412c-ae47-38f3a9e212e6-800x450.jpg\" src=\"https:\/\/i1.wp.com\/www.paudalho.pe.gov.br\/portal\/wp-content\/uploads\/2019\/06\/43d55416-69fc-412c-ae47-38f3a9e212e6.jpg?resize=800%2C450&amp;ssl=1\" alt=\"\" data-id=\"7322\" data-link=\"https:\/\/www.paudalho.pe.gov.br\/portal\/?attachment_id=7322\" class=\"wp-image-7322\" srcset=\"https:\/\/www.paudalho.pe.gov.br\/portal\/wp-content\/uploads\/2019\/06\/43d55416-69fc-412c-ae47-38f3a9e212e6.jpg 1015w, https:\/\/www.paudalho.pe.gov.br\/portal\/wp-content\/uploads\/2019\/06\/43d55416-69fc-412c-ae47-38f3a9e212e6-768x545.jpg 768w\" sizes=\"auto, (max-width: 1015px) 100vw, 1015px\" \/><\/figure><\/li><li class=\"blocks-gallery-item\"><figure><img loading=\"lazy\" decoding=\"async\" width=\"1080\" height=\"720\" data-attachment-id=\"7323\" data-permalink=\"https:\/\/www.paudalho.pe.gov.br\/portal\/tradicao-e-alegria-marcam-1o-dia-de-apresentacoes-das-quadrilhas-juninas-em-paudalho\/64c95a40-8532-476d-abb8-1ff066ed78f6\/\" data-orig-file=\"https:\/\/www.paudalho.pe.gov.br\/portal\/wp-content\/uploads\/2019\/06\/64c95a40-8532-476d-abb8-1ff066ed78f6.jpg\" data-orig-size=\"1080,720\" data-comments-opened=\"1\" data-image-meta=\"{&quot;aperture&quot;:&quot;0&quot;,&quot;credit&quot;:&quot;&quot;,&quot;camera&quot;:&quot;&quot;,&quot;caption&quot;:&quot;&quot;,&quot;created_timestamp&quot;:&quot;0&quot;,&quot;copyright&quot;:&quot;&quot;,&quot;focal_length&quot;:&quot;0&quot;,&quot;iso&quot;:&quot;0&quot;,&quot;shutter_speed&quot;:&quot;0&quot;,&quot;title&quot;:&quot;&quot;,&quot;orientation&quot;:&quot;0&quot;}\" data-image-title=\"64c95a40-8532-476d-abb8-1ff066ed78f6\" data-image-description=\"\" data-image-caption=\"\" data-medium-file=\"https:\/\/www.paudalho.pe.gov.br\/portal\/wp-content\/uploads\/2019\/06\/64c95a40-8532-476d-abb8-1ff066ed78f6-350x230.jpg\" data-large-file=\"https:\/\/www.paudalho.pe.gov.br\/portal\/wp-content\/uploads\/2019\/06\/64c95a40-8532-476d-abb8-1ff066ed78f6-800x450.jpg\" src=\"https:\/\/i0.wp.com\/www.paudalho.pe.gov.br\/portal\/wp-content\/uploads\/2019\/06\/64c95a40-8532-476d-abb8-1ff066ed78f6.jpg?resize=800%2C450&amp;ssl=1\" alt=\"\" data-id=\"7323\" data-link=\"https:\/\/www.paudalho.pe.gov.br\/portal\/?attachment_id=7323\" class=\"wp-image-7323\" srcset=\"https:\/\/www.paudalho.pe.gov.br\/portal\/wp-content\/uploads\/2019\/06\/64c95a40-8532-476d-abb8-1ff066ed78f6.jpg 1080w, https:\/\/www.paudalho.pe.gov.br\/portal\/wp-content\/uploads\/2019\/06\/64c95a40-8532-476d-abb8-1ff066ed78f6-768x512.jpg 768w\" sizes=\"auto, (max-width: 1080px) 100vw, 1080px\" \/><\/figure><\/li><li class=\"blocks-gallery-item\"><figure><img loading=\"lazy\" decoding=\"async\" width=\"1080\" height=\"720\" data-attachment-id=\"7324\" data-permalink=\"https:\/\/www.paudalho.pe.gov.br\/portal\/tradicao-e-alegria-marcam-1o-dia-de-apresentacoes-das-quadrilhas-juninas-em-paudalho\/72c35be4-fecc-4f53-a5fb-58a7757675b0\/\" data-orig-file=\"https:\/\/www.paudalho.pe.gov.br\/portal\/wp-content\/uploads\/2019\/06\/72c35be4-fecc-4f53-a5fb-58a7757675b0.jpg\" data-orig-size=\"1080,720\" data-comments-opened=\"1\" data-image-meta=\"{&quot;aperture&quot;:&quot;0&quot;,&quot;credit&quot;:&quot;&quot;,&quot;camera&quot;:&quot;&quot;,&quot;caption&quot;:&quot;&quot;,&quot;created_timestamp&quot;:&quot;0&quot;,&quot;copyright&quot;:&quot;&quot;,&quot;focal_length&quot;:&quot;0&quot;,&quot;iso&quot;:&quot;0&quot;,&quot;shutter_speed&quot;:&quot;0&quot;,&quot;title&quot;:&quot;&quot;,&quot;orientation&quot;:&quot;0&quot;}\" data-image-title=\"72c35be4-fecc-4f53-a5fb-58a7757675b0\" data-image-description=\"\" data-image-caption=\"\" data-medium-file=\"https:\/\/www.paudalho.pe.gov.br\/portal\/wp-content\/uploads\/2019\/06\/72c35be4-fecc-4f53-a5fb-58a7757675b0-350x230.jpg\" data-large-file=\"https:\/\/www.paudalho.pe.gov.br\/portal\/wp-content\/uploads\/2019\/06\/72c35be4-fecc-4f53-a5fb-58a7757675b0-800x450.jpg\" src=\"https:\/\/i1.wp.com\/www.paudalho.pe.gov.br\/portal\/wp-content\/uploads\/2019\/06\/72c35be4-fecc-4f53-a5fb-58a7757675b0.jpg?resize=800%2C450&amp;ssl=1\" alt=\"\" data-id=\"7324\" data-link=\"https:\/\/www.paudalho.pe.gov.br\/portal\/?attachment_id=7324\" class=\"wp-image-7324\" srcset=\"https:\/\/www.paudalho.pe.gov.br\/portal\/wp-content\/uploads\/2019\/06\/72c35be4-fecc-4f53-a5fb-58a7757675b0.jpg 1080w, https:\/\/www.paudalho.pe.gov.br\/portal\/wp-content\/uploads\/2019\/06\/72c35be4-fecc-4f53-a5fb-58a7757675b0-768x512.jpg 768w\" sizes=\"auto, (max-width: 1080px) 100vw, 1080px\" \/><\/figure><\/li><li class=\"blocks-gallery-item\"><figure><img loading=\"lazy\" decoding=\"async\" width=\"1080\" height=\"720\" data-attachment-id=\"7325\" data-permalink=\"https:\/\/www.paudalho.pe.gov.br\/portal\/tradicao-e-alegria-marcam-1o-dia-de-apresentacoes-das-quadrilhas-juninas-em-paudalho\/84b85fb9-342d-4b41-b896-9dc2b6a09f66\/\" data-orig-file=\"https:\/\/www.paudalho.pe.gov.br\/portal\/wp-content\/uploads\/2019\/06\/84b85fb9-342d-4b41-b896-9dc2b6a09f66.jpg\" data-orig-size=\"1080,720\" data-comments-opened=\"1\" data-image-meta=\"{&quot;aperture&quot;:&quot;0&quot;,&quot;credit&quot;:&quot;&quot;,&quot;camera&quot;:&quot;&quot;,&quot;caption&quot;:&quot;&quot;,&quot;created_timestamp&quot;:&quot;0&quot;,&quot;copyright&quot;:&quot;&quot;,&quot;focal_length&quot;:&quot;0&quot;,&quot;iso&quot;:&quot;0&quot;,&quot;shutter_speed&quot;:&quot;0&quot;,&quot;title&quot;:&quot;&quot;,&quot;orientation&quot;:&quot;0&quot;}\" data-image-title=\"84b85fb9-342d-4b41-b896-9dc2b6a09f66\" data-image-description=\"\" data-image-caption=\"\" data-medium-file=\"https:\/\/www.paudalho.pe.gov.br\/portal\/wp-content\/uploads\/2019\/06\/84b85fb9-342d-4b41-b896-9dc2b6a09f66-350x230.jpg\" data-large-file=\"https:\/\/www.paudalho.pe.gov.br\/portal\/wp-content\/uploads\/2019\/06\/84b85fb9-342d-4b41-b896-9dc2b6a09f66-800x450.jpg\" src=\"https:\/\/i0.wp.com\/www.paudalho.pe.gov.br\/portal\/wp-content\/uploads\/2019\/06\/84b85fb9-342d-4b41-b896-9dc2b6a09f66.jpg?resize=800%2C450&amp;ssl=1\" alt=\"\" data-id=\"7325\" data-link=\"https:\/\/www.paudalho.pe.gov.br\/portal\/?attachment_id=7325\" class=\"wp-image-7325\" srcset=\"https:\/\/www.paudalho.pe.gov.br\/portal\/wp-content\/uploads\/2019\/06\/84b85fb9-342d-4b41-b896-9dc2b6a09f66.jpg 1080w, https:\/\/www.paudalho.pe.gov.br\/portal\/wp-content\/uploads\/2019\/06\/84b85fb9-342d-4b41-b896-9dc2b6a09f66-768x512.jpg 768w\" sizes=\"auto, (max-width: 1080px) 100vw, 1080px\" \/><\/figure><\/li><li class=\"blocks-gallery-item\"><figure><img loading=\"lazy\" decoding=\"async\" width=\"1080\" height=\"720\" data-attachment-id=\"7326\" data-permalink=\"https:\/\/www.paudalho.pe.gov.br\/portal\/tradicao-e-alegria-marcam-1o-dia-de-apresentacoes-das-quadrilhas-juninas-em-paudalho\/88a8e7e1-1646-47ad-87af-7ce9f724abcb\/\" data-orig-file=\"https:\/\/www.paudalho.pe.gov.br\/portal\/wp-content\/uploads\/2019\/06\/88a8e7e1-1646-47ad-87af-7ce9f724abcb.jpg\" data-orig-size=\"1080,720\" data-comments-opened=\"1\" data-image-meta=\"{&quot;aperture&quot;:&quot;0&quot;,&quot;credit&quot;:&quot;&quot;,&quot;camera&quot;:&quot;&quot;,&quot;caption&quot;:&quot;&quot;,&quot;created_timestamp&quot;:&quot;0&quot;,&quot;copyright&quot;:&quot;&quot;,&quot;focal_length&quot;:&quot;0&quot;,&quot;iso&quot;:&quot;0&quot;,&quot;shutter_speed&quot;:&quot;0&quot;,&quot;title&quot;:&quot;&quot;,&quot;orientation&quot;:&quot;0&quot;}\" data-image-title=\"88a8e7e1-1646-47ad-87af-7ce9f724abcb\" data-image-description=\"\" data-image-caption=\"\" data-medium-file=\"https:\/\/www.paudalho.pe.gov.br\/portal\/wp-content\/uploads\/2019\/06\/88a8e7e1-1646-47ad-87af-7ce9f724abcb-350x230.jpg\" data-large-file=\"https:\/\/www.paudalho.pe.gov.br\/portal\/wp-content\/uploads\/2019\/06\/88a8e7e1-1646-47ad-87af-7ce9f724abcb-800x450.jpg\" src=\"https:\/\/i0.wp.com\/www.paudalho.pe.gov.br\/portal\/wp-content\/uploads\/2019\/06\/88a8e7e1-1646-47ad-87af-7ce9f724abcb.jpg?resize=800%2C450&amp;ssl=1\" alt=\"\" data-id=\"7326\" data-link=\"https:\/\/www.paudalho.pe.gov.br\/portal\/?attachment_id=7326\" class=\"wp-image-7326\" srcset=\"https:\/\/www.paudalho.pe.gov.br\/portal\/wp-content\/uploads\/2019\/06\/88a8e7e1-1646-47ad-87af-7ce9f724abcb.jpg 1080w, https:\/\/www.paudalho.pe.gov.br\/portal\/wp-content\/uploads\/2019\/06\/88a8e7e1-1646-47ad-87af-7ce9f724abcb-768x512.jpg 768w\" sizes=\"auto, (max-width: 1080px) 100vw, 1080px\" \/><\/figure><\/li><li class=\"blocks-gallery-item\"><figure><img loading=\"lazy\" decoding=\"async\" width=\"1095\" height=\"720\" data-attachment-id=\"7327\" data-permalink=\"https:\/\/www.paudalho.pe.gov.br\/portal\/tradicao-e-alegria-marcam-1o-dia-de-apresentacoes-das-quadrilhas-juninas-em-paudalho\/91c7025a-8b99-42a4-a418-2d4ba9194219\/\" data-orig-file=\"https:\/\/www.paudalho.pe.gov.br\/portal\/wp-content\/uploads\/2019\/06\/91c7025a-8b99-42a4-a418-2d4ba9194219.jpg\" data-orig-size=\"1095,720\" data-comments-opened=\"1\" data-image-meta=\"{&quot;aperture&quot;:&quot;0&quot;,&quot;credit&quot;:&quot;&quot;,&quot;camera&quot;:&quot;&quot;,&quot;caption&quot;:&quot;&quot;,&quot;created_timestamp&quot;:&quot;0&quot;,&quot;copyright&quot;:&quot;&quot;,&quot;focal_length&quot;:&quot;0&quot;,&quot;iso&quot;:&quot;0&quot;,&quot;shutter_speed&quot;:&quot;0&quot;,&quot;title&quot;:&quot;&quot;,&quot;orientation&quot;:&quot;0&quot;}\" data-image-title=\"91c7025a-8b99-42a4-a418-2d4ba9194219\" data-image-description=\"\" data-image-caption=\"\" data-medium-file=\"https:\/\/www.paudalho.pe.gov.br\/portal\/wp-content\/uploads\/2019\/06\/91c7025a-8b99-42a4-a418-2d4ba9194219-350x230.jpg\" data-large-file=\"https:\/\/www.paudalho.pe.gov.br\/portal\/wp-content\/uploads\/2019\/06\/91c7025a-8b99-42a4-a418-2d4ba9194219-800x450.jpg\" src=\"https:\/\/i2.wp.com\/www.paudalho.pe.gov.br\/portal\/wp-content\/uploads\/2019\/06\/91c7025a-8b99-42a4-a418-2d4ba9194219.jpg?resize=800%2C450&amp;ssl=1\" alt=\"\" data-id=\"7327\" data-link=\"https:\/\/www.paudalho.pe.gov.br\/portal\/?attachment_id=7327\" class=\"wp-image-7327\" srcset=\"https:\/\/www.paudalho.pe.gov.br\/portal\/wp-content\/uploads\/2019\/06\/91c7025a-8b99-42a4-a418-2d4ba9194219.jpg 1095w, https:\/\/www.paudalho.pe.gov.br\/portal\/wp-content\/uploads\/2019\/06\/91c7025a-8b99-42a4-a418-2d4ba9194219-350x230.jpg 350w, https:\/\/www.paudalho.pe.gov.br\/portal\/wp-content\/uploads\/2019\/06\/91c7025a-8b99-42a4-a418-2d4ba9194219-768x505.jpg 768w\" sizes=\"auto, (max-width: 1095px) 100vw, 1095px\" \/><\/figure><\/li><li class=\"blocks-gallery-item\"><figure><img loading=\"lazy\" decoding=\"async\" width=\"1080\" height=\"720\" data-attachment-id=\"7328\" data-permalink=\"https:\/\/www.paudalho.pe.gov.br\/portal\/tradicao-e-alegria-marcam-1o-dia-de-apresentacoes-das-quadrilhas-juninas-em-paudalho\/91dd9edf-56a9-411a-839b-761e55853230\/\" data-orig-file=\"https:\/\/www.paudalho.pe.gov.br\/portal\/wp-content\/uploads\/2019\/06\/91dd9edf-56a9-411a-839b-761e55853230.jpg\" data-orig-size=\"1080,720\" data-comments-opened=\"1\" data-image-meta=\"{&quot;aperture&quot;:&quot;0&quot;,&quot;credit&quot;:&quot;&quot;,&quot;camera&quot;:&quot;&quot;,&quot;caption&quot;:&quot;&quot;,&quot;created_timestamp&quot;:&quot;0&quot;,&quot;copyright&quot;:&quot;&quot;,&quot;focal_length&quot;:&quot;0&quot;,&quot;iso&quot;:&quot;0&quot;,&quot;shutter_speed&quot;:&quot;0&quot;,&quot;title&quot;:&quot;&quot;,&quot;orientation&quot;:&quot;0&quot;}\" data-image-title=\"Apresenta\u00e7\u00e3o de quadrilha junina durante o S\u00e3o Jo\u00e3o no munic\u00edpio de Paudalho, em 2019\" data-image-description=\"\" data-image-caption=\"\" data-medium-file=\"https:\/\/www.paudalho.pe.gov.br\/portal\/wp-content\/uploads\/2019\/06\/91dd9edf-56a9-411a-839b-761e55853230-350x230.jpg\" data-large-file=\"https:\/\/www.paudalho.pe.gov.br\/portal\/wp-content\/uploads\/2019\/06\/91dd9edf-56a9-411a-839b-761e55853230-800x450.jpg\" src=\"https:\/\/i1.wp.com\/www.paudalho.pe.gov.br\/portal\/wp-content\/uploads\/2019\/06\/91dd9edf-56a9-411a-839b-761e55853230.jpg?resize=800%2C450&amp;ssl=1\" alt=\"\" data-id=\"7328\" data-link=\"https:\/\/www.paudalho.pe.gov.br\/portal\/?attachment_id=7328\" class=\"wp-image-7328\" srcset=\"https:\/\/www.paudalho.pe.gov.br\/portal\/wp-content\/uploads\/2019\/06\/91dd9edf-56a9-411a-839b-761e55853230.jpg 1080w, https:\/\/www.paudalho.pe.gov.br\/portal\/wp-content\/uploads\/2019\/06\/91dd9edf-56a9-411a-839b-761e55853230-768x512.jpg 768w\" sizes=\"auto, (max-width: 1080px) 100vw, 1080px\" \/><\/figure><\/li><li class=\"blocks-gallery-item\"><figure><img loading=\"lazy\" decoding=\"async\" width=\"1080\" height=\"720\" data-attachment-id=\"7329\" data-permalink=\"https:\/\/www.paudalho.pe.gov.br\/portal\/tradicao-e-alegria-marcam-1o-dia-de-apresentacoes-das-quadrilhas-juninas-em-paudalho\/187f481f-0cde-43aa-8599-1ab6695c9b1f\/\" data-orig-file=\"https:\/\/www.paudalho.pe.gov.br\/portal\/wp-content\/uploads\/2019\/06\/187f481f-0cde-43aa-8599-1ab6695c9b1f.jpg\" data-orig-size=\"1080,720\" data-comments-opened=\"1\" data-image-meta=\"{&quot;aperture&quot;:&quot;0&quot;,&quot;credit&quot;:&quot;&quot;,&quot;camera&quot;:&quot;&quot;,&quot;caption&quot;:&quot;&quot;,&quot;created_timestamp&quot;:&quot;0&quot;,&quot;copyright&quot;:&quot;&quot;,&quot;focal_length&quot;:&quot;0&quot;,&quot;iso&quot;:&quot;0&quot;,&quot;shutter_speed&quot;:&quot;0&quot;,&quot;title&quot;:&quot;&quot;,&quot;orientation&quot;:&quot;0&quot;}\" data-image-title=\"187f481f-0cde-43aa-8599-1ab6695c9b1f\" data-image-description=\"\" data-image-caption=\"\" data-medium-file=\"https:\/\/www.paudalho.pe.gov.br\/portal\/wp-content\/uploads\/2019\/06\/187f481f-0cde-43aa-8599-1ab6695c9b1f-350x230.jpg\" data-large-file=\"https:\/\/www.paudalho.pe.gov.br\/portal\/wp-content\/uploads\/2019\/06\/187f481f-0cde-43aa-8599-1ab6695c9b1f-800x450.jpg\" src=\"https:\/\/i0.wp.com\/www.paudalho.pe.gov.br\/portal\/wp-content\/uploads\/2019\/06\/187f481f-0cde-43aa-8599-1ab6695c9b1f.jpg?resize=800%2C450&amp;ssl=1\" alt=\"\" data-id=\"7329\" data-link=\"https:\/\/www.paudalho.pe.gov.br\/portal\/?attachment_id=7329\" class=\"wp-image-7329\" srcset=\"https:\/\/www.paudalho.pe.gov.br\/portal\/wp-content\/uploads\/2019\/06\/187f481f-0cde-43aa-8599-1ab6695c9b1f.jpg 1080w, https:\/\/www.paudalho.pe.gov.br\/portal\/wp-content\/uploads\/2019\/06\/187f481f-0cde-43aa-8599-1ab6695c9b1f-768x512.jpg 768w\" sizes=\"auto, (max-width: 1080px) 100vw, 1080px\" \/><\/figure><\/li><li class=\"blocks-gallery-item\"><figure><img loading=\"lazy\" decoding=\"async\" width=\"1080\" height=\"720\" data-attachment-id=\"7330\" data-permalink=\"https:\/\/www.paudalho.pe.gov.br\/portal\/tradicao-e-alegria-marcam-1o-dia-de-apresentacoes-das-quadrilhas-juninas-em-paudalho\/484b00a8-93ea-4f90-8054-3ac7df4ce247\/\" data-orig-file=\"https:\/\/www.paudalho.pe.gov.br\/portal\/wp-content\/uploads\/2019\/06\/484b00a8-93ea-4f90-8054-3ac7df4ce247.jpg\" data-orig-size=\"1080,720\" data-comments-opened=\"1\" data-image-meta=\"{&quot;aperture&quot;:&quot;0&quot;,&quot;credit&quot;:&quot;&quot;,&quot;camera&quot;:&quot;&quot;,&quot;caption&quot;:&quot;&quot;,&quot;created_timestamp&quot;:&quot;0&quot;,&quot;copyright&quot;:&quot;&quot;,&quot;focal_length&quot;:&quot;0&quot;,&quot;iso&quot;:&quot;0&quot;,&quot;shutter_speed&quot;:&quot;0&quot;,&quot;title&quot;:&quot;&quot;,&quot;orientation&quot;:&quot;0&quot;}\" data-image-title=\"484b00a8-93ea-4f90-8054-3ac7df4ce247\" data-image-description=\"\" data-image-caption=\"\" data-medium-file=\"https:\/\/www.paudalho.pe.gov.br\/portal\/wp-content\/uploads\/2019\/06\/484b00a8-93ea-4f90-8054-3ac7df4ce247-350x230.jpg\" data-large-file=\"https:\/\/www.paudalho.pe.gov.br\/portal\/wp-content\/uploads\/2019\/06\/484b00a8-93ea-4f90-8054-3ac7df4ce247-800x450.jpg\" src=\"https:\/\/i2.wp.com\/www.paudalho.pe.gov.br\/portal\/wp-content\/uploads\/2019\/06\/484b00a8-93ea-4f90-8054-3ac7df4ce247.jpg?resize=800%2C450&amp;ssl=1\" alt=\"\" data-id=\"7330\" data-link=\"https:\/\/www.paudalho.pe.gov.br\/portal\/?attachment_id=7330\" class=\"wp-image-7330\" srcset=\"https:\/\/www.paudalho.pe.gov.br\/portal\/wp-content\/uploads\/2019\/06\/484b00a8-93ea-4f90-8054-3ac7df4ce247.jpg 1080w, https:\/\/www.paudalho.pe.gov.br\/portal\/wp-content\/uploads\/2019\/06\/484b00a8-93ea-4f90-8054-3ac7df4ce247-768x512.jpg 768w\" sizes=\"auto, (max-width: 1080px) 100vw, 1080px\" \/><\/figure><\/li><li class=\"blocks-gallery-item\"><figure><img loading=\"lazy\" decoding=\"async\" width=\"1080\" height=\"720\" data-attachment-id=\"7331\" data-permalink=\"https:\/\/www.paudalho.pe.gov.br\/portal\/tradicao-e-alegria-marcam-1o-dia-de-apresentacoes-das-quadrilhas-juninas-em-paudalho\/3094d2a5-7e69-4f9b-ba08-fe6f8731a1a0\/\" data-orig-file=\"https:\/\/www.paudalho.pe.gov.br\/portal\/wp-content\/uploads\/2019\/06\/3094d2a5-7e69-4f9b-ba08-fe6f8731a1a0.jpg\" data-orig-size=\"1080,720\" data-comments-opened=\"1\" data-image-meta=\"{&quot;aperture&quot;:&quot;0&quot;,&quot;credit&quot;:&quot;&quot;,&quot;camera&quot;:&quot;&quot;,&quot;caption&quot;:&quot;&quot;,&quot;created_timestamp&quot;:&quot;0&quot;,&quot;copyright&quot;:&quot;&quot;,&quot;focal_length&quot;:&quot;0&quot;,&quot;iso&quot;:&quot;0&quot;,&quot;shutter_speed&quot;:&quot;0&quot;,&quot;title&quot;:&quot;&quot;,&quot;orientation&quot;:&quot;0&quot;}\" data-image-title=\"S\u00e3o Jo\u00e3o em Paudalho &#8211; PE 2019\" data-image-description=\"\" data-image-caption=\"\" data-medium-file=\"https:\/\/www.paudalho.pe.gov.br\/portal\/wp-content\/uploads\/2019\/06\/3094d2a5-7e69-4f9b-ba08-fe6f8731a1a0-350x230.jpg\" data-large-file=\"https:\/\/www.paudalho.pe.gov.br\/portal\/wp-content\/uploads\/2019\/06\/3094d2a5-7e69-4f9b-ba08-fe6f8731a1a0-800x450.jpg\" src=\"https:\/\/i1.wp.com\/www.paudalho.pe.gov.br\/portal\/wp-content\/uploads\/2019\/06\/3094d2a5-7e69-4f9b-ba08-fe6f8731a1a0.jpg?resize=800%2C450&amp;ssl=1\" alt=\"\" data-id=\"7331\" data-link=\"https:\/\/www.paudalho.pe.gov.br\/portal\/?attachment_id=7331\" class=\"wp-image-7331\" srcset=\"https:\/\/www.paudalho.pe.gov.br\/portal\/wp-content\/uploads\/2019\/06\/3094d2a5-7e69-4f9b-ba08-fe6f8731a1a0.jpg 1080w, https:\/\/www.paudalho.pe.gov.br\/portal\/wp-content\/uploads\/2019\/06\/3094d2a5-7e69-4f9b-ba08-fe6f8731a1a0-768x512.jpg 768w\" sizes=\"auto, (max-width: 1080px) 100vw, 1080px\" \/><\/figure><\/li><li class=\"blocks-gallery-item\"><figure><img loading=\"lazy\" decoding=\"async\" width=\"1080\" height=\"720\" data-attachment-id=\"7332\" data-permalink=\"https:\/\/www.paudalho.pe.gov.br\/portal\/tradicao-e-alegria-marcam-1o-dia-de-apresentacoes-das-quadrilhas-juninas-em-paudalho\/4692df01-14af-4544-a328-a917765bb1b2\/\" data-orig-file=\"https:\/\/www.paudalho.pe.gov.br\/portal\/wp-content\/uploads\/2019\/06\/4692df01-14af-4544-a328-a917765bb1b2.jpg\" data-orig-size=\"1080,720\" data-comments-opened=\"1\" data-image-meta=\"{&quot;aperture&quot;:&quot;0&quot;,&quot;credit&quot;:&quot;&quot;,&quot;camera&quot;:&quot;&quot;,&quot;caption&quot;:&quot;&quot;,&quot;created_timestamp&quot;:&quot;0&quot;,&quot;copyright&quot;:&quot;&quot;,&quot;focal_length&quot;:&quot;0&quot;,&quot;iso&quot;:&quot;0&quot;,&quot;shutter_speed&quot;:&quot;0&quot;,&quot;title&quot;:&quot;&quot;,&quot;orientation&quot;:&quot;0&quot;}\" data-image-title=\"4692df01-14af-4544-a328-a917765bb1b2\" data-image-description=\"\" data-image-caption=\"\" data-medium-file=\"https:\/\/www.paudalho.pe.gov.br\/portal\/wp-content\/uploads\/2019\/06\/4692df01-14af-4544-a328-a917765bb1b2-350x230.jpg\" data-large-file=\"https:\/\/www.paudalho.pe.gov.br\/portal\/wp-content\/uploads\/2019\/06\/4692df01-14af-4544-a328-a917765bb1b2-800x450.jpg\" src=\"https:\/\/i2.wp.com\/www.paudalho.pe.gov.br\/portal\/wp-content\/uploads\/2019\/06\/4692df01-14af-4544-a328-a917765bb1b2.jpg?resize=800%2C450&amp;ssl=1\" alt=\"\" data-id=\"7332\" data-link=\"https:\/\/www.paudalho.pe.gov.br\/portal\/?attachment_id=7332\" class=\"wp-image-7332\" srcset=\"https:\/\/www.paudalho.pe.gov.br\/portal\/wp-content\/uploads\/2019\/06\/4692df01-14af-4544-a328-a917765bb1b2.jpg 1080w, https:\/\/www.paudalho.pe.gov.br\/portal\/wp-content\/uploads\/2019\/06\/4692df01-14af-4544-a328-a917765bb1b2-768x512.jpg 768w\" sizes=\"auto, (max-width: 1080px) 100vw, 1080px\" \/><\/figure><\/li><li class=\"blocks-gallery-item\"><figure><img loading=\"lazy\" decoding=\"async\" width=\"480\" height=\"720\" data-attachment-id=\"7333\" data-permalink=\"https:\/\/www.paudalho.pe.gov.br\/portal\/tradicao-e-alegria-marcam-1o-dia-de-apresentacoes-das-quadrilhas-juninas-em-paudalho\/16147af1-3021-4901-8339-fe35ed37def9\/\" data-orig-file=\"https:\/\/www.paudalho.pe.gov.br\/portal\/wp-content\/uploads\/2019\/06\/16147af1-3021-4901-8339-fe35ed37def9.jpg\" data-orig-size=\"480,720\" data-comments-opened=\"1\" data-image-meta=\"{&quot;aperture&quot;:&quot;0&quot;,&quot;credit&quot;:&quot;&quot;,&quot;camera&quot;:&quot;&quot;,&quot;caption&quot;:&quot;&quot;,&quot;created_timestamp&quot;:&quot;0&quot;,&quot;copyright&quot;:&quot;&quot;,&quot;focal_length&quot;:&quot;0&quot;,&quot;iso&quot;:&quot;0&quot;,&quot;shutter_speed&quot;:&quot;0&quot;,&quot;title&quot;:&quot;&quot;,&quot;orientation&quot;:&quot;0&quot;}\" data-image-title=\"16147af1-3021-4901-8339-fe35ed37def9\" data-image-description=\"\" data-image-caption=\"\" data-medium-file=\"https:\/\/www.paudalho.pe.gov.br\/portal\/wp-content\/uploads\/2019\/06\/16147af1-3021-4901-8339-fe35ed37def9-350x230.jpg\" data-large-file=\"https:\/\/www.paudalho.pe.gov.br\/portal\/wp-content\/uploads\/2019\/06\/16147af1-3021-4901-8339-fe35ed37def9-480x450.jpg\" src=\"https:\/\/i1.wp.com\/www.paudalho.pe.gov.br\/portal\/wp-content\/uploads\/2019\/06\/16147af1-3021-4901-8339-fe35ed37def9.jpg?resize=480%2C450&amp;ssl=1\" alt=\"\" data-id=\"7333\" data-link=\"https:\/\/www.paudalho.pe.gov.br\/portal\/?attachment_id=7333\" class=\"wp-image-7333\"\/><\/figure><\/li><li class=\"blocks-gallery-item\"><figure><img loading=\"lazy\" decoding=\"async\" width=\"480\" height=\"720\" data-attachment-id=\"7334\" data-permalink=\"https:\/\/www.paudalho.pe.gov.br\/portal\/tradicao-e-alegria-marcam-1o-dia-de-apresentacoes-das-quadrilhas-juninas-em-paudalho\/0435061f-c36a-46cd-8dfd-2a9b224390b5\/\" data-orig-file=\"https:\/\/www.paudalho.pe.gov.br\/portal\/wp-content\/uploads\/2019\/06\/0435061f-c36a-46cd-8dfd-2a9b224390b5.jpg\" data-orig-size=\"480,720\" data-comments-opened=\"1\" data-image-meta=\"{&quot;aperture&quot;:&quot;0&quot;,&quot;credit&quot;:&quot;&quot;,&quot;camera&quot;:&quot;&quot;,&quot;caption&quot;:&quot;&quot;,&quot;created_timestamp&quot;:&quot;0&quot;,&quot;copyright&quot;:&quot;&quot;,&quot;focal_length&quot;:&quot;0&quot;,&quot;iso&quot;:&quot;0&quot;,&quot;shutter_speed&quot;:&quot;0&quot;,&quot;title&quot;:&quot;&quot;,&quot;orientation&quot;:&quot;0&quot;}\" data-image-title=\"0435061f-c36a-46cd-8dfd-2a9b224390b5\" data-image-description=\"\" data-image-caption=\"\" data-medium-file=\"https:\/\/www.paudalho.pe.gov.br\/portal\/wp-content\/uploads\/2019\/06\/0435061f-c36a-46cd-8dfd-2a9b224390b5-350x230.jpg\" data-large-file=\"https:\/\/www.paudalho.pe.gov.br\/portal\/wp-content\/uploads\/2019\/06\/0435061f-c36a-46cd-8dfd-2a9b224390b5-480x450.jpg\" src=\"https:\/\/i0.wp.com\/www.paudalho.pe.gov.br\/portal\/wp-content\/uploads\/2019\/06\/0435061f-c36a-46cd-8dfd-2a9b224390b5.jpg?resize=480%2C450&amp;ssl=1\" alt=\"\" data-id=\"7334\" data-link=\"https:\/\/www.paudalho.pe.gov.br\/portal\/?attachment_id=7334\" class=\"wp-image-7334\"\/><\/figure><\/li><\/ul>\n\n\n\n<p><strong>Nesta quarta-feira (26) tem mais programa\u00e7\u00e3o! Quem se apresenta s\u00e3o as quadrilhas: Meu Nome \u00c9, Fogo no P\u00e9 e Mastruz Com Leite.<\/strong><\/p>\n","protected":false},"excerpt":{"rendered":"<p>O S\u00e3o Jo\u00e3o em Paudalho tem cultura e muita tradi\u00e7\u00e3o. Ap\u00f3s os primeiros shows realizados no P\u00e1tio de Eventos Beira-Rio, no Centro da cidade, no \u00faltimo s\u00e1bado (22), domingo (23) e segunda-feira (24), a Secretaria de Cultura e Turismo promoveu nesta ter\u00e7a-feira (25) o primeiro dia de apresenta\u00e7\u00f5es das quadrilhas juninas. A quadrilha Ra\u00edzes de [&hellip;]<\/p>\n","protected":false},"author":4,"featured_media":7305,"comment_status":"open","ping_status":"open","sticky":false,"template":"","format":"standard","meta":{"_jetpack_newsletter_access":"","_jetpack_dont_email_post_to_subs":false,"_jetpack_newsletter_tier_id":0,"_jetpack_memberships_contains_paywalled_content":false,"_jetpack_memberships_contains_paid_content":false,"footnotes":""},"categories":[6,2,1],"tags":[496,14,22,331],"class_list":["post-7304","post","type-post","status-publish","format-standard","has-post-thumbnail","hentry","category-cultura","category-destaque","category-noticias","tag-apresentacoes-das-quadrilhas-juninas","tag-paudalho","tag-prefeitura-do-paudalho","tag-quadrilha-junina"],"jetpack_featured_media_url":"https:\/\/www.paudalho.pe.gov.br\/portal\/wp-content\/uploads\/2019\/06\/8ac81007-9c72-4963-a6fa-fc6807e01c5a.jpg","jetpack_sharing_enabled":true,"jetpack_shortlink":"https:\/\/wp.me\/p98mS2-1TO","_links":{"self":[{"href":"https:\/\/www.paudalho.pe.gov.br\/portal\/wp-json\/wp\/v2\/posts\/7304","targetHints":{"allow":["GET"]}}],"collection":[{"href":"https:\/\/www.paudalho.pe.gov.br\/portal\/wp-json\/wp\/v2\/posts"}],"about":[{"href":"https:\/\/www.paudalho.pe.gov.br\/portal\/wp-json\/wp\/v2\/types\/post"}],"author":[{"embeddable":true,"href":"https:\/\/www.paudalho.pe.gov.br\/portal\/wp-json\/wp\/v2\/users\/4"}],"replies":[{"embeddable":true,"href":"https:\/\/www.paudalho.pe.gov.br\/portal\/wp-json\/wp\/v2\/comments?post=7304"}],"version-history":[{"count":3,"href":"https:\/\/www.paudalho.pe.gov.br\/portal\/wp-json\/wp\/v2\/posts\/7304\/revisions"}],"predecessor-version":[{"id":7337,"href":"https:\/\/www.paudalho.pe.gov.br\/portal\/wp-json\/wp\/v2\/posts\/7304\/revisions\/7337"}],"wp:featuredmedia":[{"embeddable":true,"href":"https:\/\/www.paudalho.pe.gov.br\/portal\/wp-json\/wp\/v2\/media\/7305"}],"wp:attachment":[{"href":"https:\/\/www.paudalho.pe.gov.br\/portal\/wp-json\/wp\/v2\/media?parent=7304"}],"wp:term":[{"taxonomy":"category","embeddable":true,"href":"https:\/\/www.paudalho.pe.gov.br\/portal\/wp-json\/wp\/v2\/categories?post=7304"},{"taxonomy":"post_tag","embeddable":true,"href":"https:\/\/www.paudalho.pe.gov.br\/portal\/wp-json\/wp\/v2\/tags?post=7304"}],"curies":[{"name":"wp","href":"https:\/\/api.w.org\/{rel}","templated":true}]}}