{"id":730,"date":"2017-08-27T02:07:16","date_gmt":"2017-08-27T05:07:16","guid":{"rendered":"http:\/\/www.paudalho.pe.gov.br\/portal\/?p=730"},"modified":"2017-09-21T00:41:20","modified_gmt":"2017-09-21T03:41:20","slug":"em-encontro-com-governador-prefeito-marcelo-gouveia-pede-reforco-na-seguranca-publica","status":"publish","type":"post","link":"https:\/\/www.paudalho.pe.gov.br\/portal\/em-encontro-com-governador-prefeito-marcelo-gouveia-pede-reforco-na-seguranca-publica\/","title":{"rendered":"Em encontro com Governador, Prefeito Marcelo Gouveia pede refor\u00e7o na seguran\u00e7a p\u00fablica"},"content":{"rendered":"<p>O prefeito de Paudalho e presidente do Cons\u00f3rcio dos Munic\u00edpios da Mata Norte e Agreste Setentrional (COMONAS), Marcelo Gouveia, recebeu nesta sexta-feira (25), em Carpina, a entrega de equipamentos do Programa de Apoio a Projetos de Infraestrutura e Servi\u00e7os em Territ\u00f3rios Rurais (<em>PROINF<\/em>), realizada pelo governador Paulo C\u00e2mara.<\/p>\n<div id=\"attachment_735\" style=\"width: 310px\" class=\"wp-caption alignnone\"><img loading=\"lazy\" decoding=\"async\" aria-describedby=\"caption-attachment-735\" data-attachment-id=\"735\" data-permalink=\"https:\/\/www.paudalho.pe.gov.br\/portal\/em-encontro-com-governador-prefeito-marcelo-gouveia-pede-reforco-na-seguranca-publica\/img-20170827-wa0001-2\/\" data-orig-file=\"https:\/\/www.paudalho.pe.gov.br\/portal\/wp-content\/uploads\/2017\/08\/IMG-20170827-WA0001-1.jpg\" data-orig-size=\"1280,853\" data-comments-opened=\"1\" data-image-meta=\"{&quot;aperture&quot;:&quot;0&quot;,&quot;credit&quot;:&quot;&quot;,&quot;camera&quot;:&quot;&quot;,&quot;caption&quot;:&quot;&quot;,&quot;created_timestamp&quot;:&quot;0&quot;,&quot;copyright&quot;:&quot;&quot;,&quot;focal_length&quot;:&quot;0&quot;,&quot;iso&quot;:&quot;0&quot;,&quot;shutter_speed&quot;:&quot;0&quot;,&quot;title&quot;:&quot;&quot;,&quot;orientation&quot;:&quot;0&quot;}\" data-image-title=\"\" data-image-description=\"\" data-image-caption=\"&lt;p&gt;Foto: Isak de Castro\/Comunica\u00e7\u00e3oPrefeituradePaudalho&lt;\/p&gt;\n\" data-medium-file=\"https:\/\/www.paudalho.pe.gov.br\/portal\/wp-content\/uploads\/2017\/08\/IMG-20170827-WA0001-1-350x230.jpg\" data-large-file=\"https:\/\/www.paudalho.pe.gov.br\/portal\/wp-content\/uploads\/2017\/08\/IMG-20170827-WA0001-1-800x450.jpg\" class=\"size-medium wp-image-735\" src=\"http:\/\/www.paudalho.pe.gov.br\/portal\/wp-content\/uploads\/2017\/08\/IMG-20170827-WA0001-1-350x230.jpg\" alt=\"\" width=\"300\" height=\"197\" \/><p id=\"caption-attachment-735\" class=\"wp-caption-text\">Foto: Isak de Castro\/Comunica\u00e7\u00e3oPrefeituradePaudalho<\/p><\/div>\n<p>Aproveitando a ocasi\u00e3o, Marcelo Gouveia, pediu refor\u00e7o ao governador em rela\u00e7\u00e3o \u00e0 seguran\u00e7a p\u00fablica de Paudalho e da Regi\u00e3o. <em>\u201cSei do momento de dificuldade, do momento de crise onde se encontra o nosso Brasil inteiro. Sei dos esfor\u00e7os do Governo do Estado, mas gostaria de refor\u00e7ar um apelo em nome de Paudalho e em nome de todo o COMANAS no tocante a seguran\u00e7a p\u00fablica. N\u00f3s estamos passando por um momento de muita dificuldade, Paudalho tem sofrido muito e a regi\u00e3o tem sofrido demais, pe\u00e7o que o senhor olhe com carinho para a nossa regi\u00e3o, para a gente conseguir atenuar esse grande problema, muito obrigado\u201d<\/em>, disse.<\/p>\n<p><a href=\"https:\/\/www.facebook.com\/MarceloGouveia55\/videos\/1210294012449430\/\" target=\"_blank\" rel=\"noopener\"><strong>Veja o v\u00eddeo aqui!<\/strong><\/a><\/p>\n<p>Na ocasi\u00e3o foram repassados para o COMANAS dois caminh\u00f5es com carroceria de madeira e um caminh\u00e3o ba\u00fa, al\u00e9m de 44 bancas de feira para a comercializa\u00e7\u00e3o dos produtos feitos por agricultores locais. O investimento total foi de R$ 497 mil. Marcelo Gouveia agradeceu ao Governo de Pernambuco pelo esfor\u00e7o e investimento na Mata Norte. <em>&#8220;Esse \u00e9 um momento muito importante para a agricultura familiar da nossa regi\u00e3o&#8230; muito oportuno, em um momento de crise e desemprego a gente conseguir levar para a ponta da linha, para as cooperativas, para os agricultores, conseguir escoar suas produ\u00e7\u00f5es e conseguir trabalhar de forma cooperada no beneficiamento da macaxeira. N\u00f3s sabemos que esse \u00e9 um processo da sociedade civil junto ao Minist\u00e9rio do Desenvolvimento Agr\u00e1rio e do Governo de Pernambuco onde ser\u00e3o beneficiados mais de 19 munic\u00edpios, atrav\u00e9s de quatro cooperativas, ent\u00e3o \u00e9 muito importante esse fortalecimento da agricultura familiar para a nossa regi\u00e3o&#8221;<\/em>, comentou.<\/p>\n<div id=\"attachment_738\" style=\"width: 310px\" class=\"wp-caption alignnone\"><img loading=\"lazy\" decoding=\"async\" aria-describedby=\"caption-attachment-738\" data-attachment-id=\"738\" data-permalink=\"https:\/\/www.paudalho.pe.gov.br\/portal\/em-encontro-com-governador-prefeito-marcelo-gouveia-pede-reforco-na-seguranca-publica\/img-20170827-wa0002\/\" data-orig-file=\"https:\/\/www.paudalho.pe.gov.br\/portal\/wp-content\/uploads\/2017\/08\/IMG-20170827-WA0002.jpg\" data-orig-size=\"1280,853\" data-comments-opened=\"1\" data-image-meta=\"{&quot;aperture&quot;:&quot;0&quot;,&quot;credit&quot;:&quot;&quot;,&quot;camera&quot;:&quot;&quot;,&quot;caption&quot;:&quot;&quot;,&quot;created_timestamp&quot;:&quot;0&quot;,&quot;copyright&quot;:&quot;&quot;,&quot;focal_length&quot;:&quot;0&quot;,&quot;iso&quot;:&quot;0&quot;,&quot;shutter_speed&quot;:&quot;0&quot;,&quot;title&quot;:&quot;&quot;,&quot;orientation&quot;:&quot;0&quot;}\" data-image-title=\"IMG-20170827-WA0002\" data-image-description=\"\" data-image-caption=\"\" data-medium-file=\"https:\/\/www.paudalho.pe.gov.br\/portal\/wp-content\/uploads\/2017\/08\/IMG-20170827-WA0002-350x230.jpg\" data-large-file=\"https:\/\/www.paudalho.pe.gov.br\/portal\/wp-content\/uploads\/2017\/08\/IMG-20170827-WA0002-800x450.jpg\" class=\"wp-image-738 size-medium\" src=\"http:\/\/www.paudalho.pe.gov.br\/portal\/wp-content\/uploads\/2017\/08\/IMG-20170827-WA0002-350x230.jpg\" alt=\"\" width=\"300\" height=\"197\" \/><p id=\"caption-attachment-738\" class=\"wp-caption-text\">Foto: Isak de Castro\/Comunica\u00e7\u00e3oPrefeituradePaudalho<\/p><\/div>\n<div id=\"attachment_739\" style=\"width: 310px\" class=\"wp-caption alignnone\"><img loading=\"lazy\" decoding=\"async\" aria-describedby=\"caption-attachment-739\" data-attachment-id=\"739\" data-permalink=\"https:\/\/www.paudalho.pe.gov.br\/portal\/em-encontro-com-governador-prefeito-marcelo-gouveia-pede-reforco-na-seguranca-publica\/img-20170827-wa0003\/\" data-orig-file=\"https:\/\/www.paudalho.pe.gov.br\/portal\/wp-content\/uploads\/2017\/08\/IMG-20170827-WA0003.jpg\" data-orig-size=\"1280,853\" data-comments-opened=\"1\" data-image-meta=\"{&quot;aperture&quot;:&quot;0&quot;,&quot;credit&quot;:&quot;&quot;,&quot;camera&quot;:&quot;&quot;,&quot;caption&quot;:&quot;&quot;,&quot;created_timestamp&quot;:&quot;0&quot;,&quot;copyright&quot;:&quot;&quot;,&quot;focal_length&quot;:&quot;0&quot;,&quot;iso&quot;:&quot;0&quot;,&quot;shutter_speed&quot;:&quot;0&quot;,&quot;title&quot;:&quot;&quot;,&quot;orientation&quot;:&quot;0&quot;}\" data-image-title=\"IMG-20170827-WA0003\" data-image-description=\"\" data-image-caption=\"\" data-medium-file=\"https:\/\/www.paudalho.pe.gov.br\/portal\/wp-content\/uploads\/2017\/08\/IMG-20170827-WA0003-350x230.jpg\" data-large-file=\"https:\/\/www.paudalho.pe.gov.br\/portal\/wp-content\/uploads\/2017\/08\/IMG-20170827-WA0003-800x450.jpg\" class=\"wp-image-739 size-medium\" src=\"http:\/\/www.paudalho.pe.gov.br\/portal\/wp-content\/uploads\/2017\/08\/IMG-20170827-WA0003-350x230.jpg\" alt=\"\" width=\"300\" height=\"197\" \/><p id=\"caption-attachment-739\" class=\"wp-caption-text\">Foto: Isak de Castro\/Comunica\u00e7\u00e3oPrefeituradePaudalho<\/p><\/div>\n<div id=\"attachment_742\" style=\"width: 310px\" class=\"wp-caption alignnone\"><img loading=\"lazy\" decoding=\"async\" aria-describedby=\"caption-attachment-742\" data-attachment-id=\"742\" data-permalink=\"https:\/\/www.paudalho.pe.gov.br\/portal\/em-encontro-com-governador-prefeito-marcelo-gouveia-pede-reforco-na-seguranca-publica\/img-20170827-wa0006\/\" data-orig-file=\"https:\/\/www.paudalho.pe.gov.br\/portal\/wp-content\/uploads\/2017\/08\/IMG-20170827-WA0006.jpg\" data-orig-size=\"1280,853\" data-comments-opened=\"1\" data-image-meta=\"{&quot;aperture&quot;:&quot;0&quot;,&quot;credit&quot;:&quot;&quot;,&quot;camera&quot;:&quot;&quot;,&quot;caption&quot;:&quot;&quot;,&quot;created_timestamp&quot;:&quot;0&quot;,&quot;copyright&quot;:&quot;&quot;,&quot;focal_length&quot;:&quot;0&quot;,&quot;iso&quot;:&quot;0&quot;,&quot;shutter_speed&quot;:&quot;0&quot;,&quot;title&quot;:&quot;&quot;,&quot;orientation&quot;:&quot;0&quot;}\" data-image-title=\"IMG-20170827-WA0006\" data-image-description=\"\" data-image-caption=\"\" data-medium-file=\"https:\/\/www.paudalho.pe.gov.br\/portal\/wp-content\/uploads\/2017\/08\/IMG-20170827-WA0006-350x230.jpg\" data-large-file=\"https:\/\/www.paudalho.pe.gov.br\/portal\/wp-content\/uploads\/2017\/08\/IMG-20170827-WA0006-800x450.jpg\" class=\"wp-image-742 size-medium\" src=\"http:\/\/www.paudalho.pe.gov.br\/portal\/wp-content\/uploads\/2017\/08\/IMG-20170827-WA0006-350x230.jpg\" alt=\"\" width=\"300\" height=\"197\" \/><p id=\"caption-attachment-742\" class=\"wp-caption-text\">Foto: Isak de Castro\/Comunica\u00e7\u00e3oPrefeituradePaudalho<\/p><\/div>\n<p><strong>COMANAS<\/strong><\/p>\n<p>O prefeito de Paudalho ainda comemorou o an\u00fancio\u00a0feito pelo secret\u00e1rio de Agricultura, Nilton Mota, e o governador do Estado sobre a\u00a0aquisi\u00e7\u00e3o de uma perfuratriz.\u00a0<em>\u201cNos pr\u00f3ximos 60 dias n\u00f3s estaremos sendo contemplados com uma perfuratriz e a gente vai est\u00e1 atendendo os nossos munic\u00edpios e a Zona Rural\u201d<\/em>, detalhou.<\/p>\n<h3><strong>Projeto na Regi\u00e3o<\/strong><\/h3>\n<p>Acompanhado de secret\u00e1rios estaduais, Paulo C\u00e2mara visitou os munic\u00edpios de Ferreiros, Alian\u00e7a e Carpina, todos na Mata Norte. Com o projeto de investimentos, a regi\u00e3o ser\u00e1 fortalecida com a\u00e7\u00f5es da sa\u00fade, agricultura e h\u00eddrica. Em Alian\u00e7a, foi inaugurada a amplia\u00e7\u00e3o do Sistema de Abastecimento de \u00c1gua de Alian\u00e7a que beneficia cerca de 15 mil pessoas. O investimento na obra foi de R$ 3,3 milh\u00f5es.<\/p>\n<p>Na cidade de Ferreiros, o governador assinou o processo licitat\u00f3rio para amplia\u00e7\u00e3o da Esta\u00e7\u00e3o de Tratamento de \u00c1gua (ETA), no valor de R$ 1 milh\u00e3o. \u00a0A esta\u00e7\u00e3o tamb\u00e9m vai beneficiar a popula\u00e7\u00e3o de Camutanga, totalizando 17 mil pessoas contempladas.\u00a0No munic\u00edpio ainda foi autorizada a constru\u00e7\u00e3o de uma Unidade B\u00e1sica de Sa\u00fade com o repasse de R$ 790 mil reais do Fundo Estadual de Apoio ao Desenvolvimento Municipal (FEM). \u00a0A esta\u00e7\u00e3o tamb\u00e9m vai beneficiar a popula\u00e7\u00e3o de Camutanga, totalizando 17 mil pessoas contempladas.<\/p>\n<p>&nbsp;<\/p>\n<p>Leia mais:\u00a0<a href=\"http:\/\/www.paudalho.pe.gov.br\/portal\/um-avanco-na-saude-diz-coordenadora-da-atencao-especializada-sobre-teste-da-orelhinha\/\" target=\"_blank\" rel=\"noopener\">\u201cUm avan\u00e7o na sa\u00fade\u201d, diz coordenadora da Aten\u00e7\u00e3o Especializada sobre Teste da Orelhinha<\/a><\/p>\n<p><a href=\"http:\/\/www.paudalho.pe.gov.br\/portal\/paudalho-recebe-tecnologia-avancada-dos-pluviometros-digitais\/\" target=\"_blank\" rel=\"noopener\">\u00a0\u00a0Paudalho recebe tecnologia avan\u00e7ada dos pluvi\u00f4metros digitais<\/a><\/p>\n<p><a href=\"http:\/\/www.paudalho.pe.gov.br\/portal\/mais-de-2-mil-atendimentos-sao-ofertados-pela-prefeitura-no-projeto-cidadania-em-acao\/\" target=\"_blank\" rel=\"noopener\">Mais de 2 mil atendimentos s\u00e3o ofertados pela Prefeitura no projeto Cidadania em A\u00e7\u00e3o<\/a><\/p>\n<p>&nbsp;<\/p>\n<p>&nbsp;<\/p>\n<p>&nbsp;<\/p>\n<p>&nbsp;<\/p>\n","protected":false},"excerpt":{"rendered":"<p>O prefeito de Paudalho e presidente do Cons\u00f3rcio dos Munic\u00edpios da Mata Norte e Agreste Setentrional (COMONAS), Marcelo Gouveia, recebeu nesta sexta-feira (25), em Carpina, a entrega de equipamentos do Programa de Apoio a Projetos de Infraestrutura e Servi\u00e7os em Territ\u00f3rios Rurais (PROINF), realizada pelo governador Paulo C\u00e2mara. Aproveitando a ocasi\u00e3o, Marcelo Gouveia, pediu refor\u00e7o [&hellip;]<\/p>\n","protected":false},"author":4,"featured_media":736,"comment_status":"open","ping_status":"open","sticky":false,"template":"","format":"standard","meta":{"_jetpack_newsletter_access":"","_jetpack_dont_email_post_to_subs":false,"_jetpack_newsletter_tier_id":0,"_jetpack_memberships_contains_paywalled_content":false,"_jetpack_memberships_contains_paid_content":false,"footnotes":""},"categories":[2,1,3],"tags":[85,86,16,84],"class_list":["post-730","post","type-post","status-publish","format-standard","has-post-thumbnail","hentry","category-destaque","category-noticias","category-saude","tag-agricultura","tag-paulo-camara","tag-saude","tag-seguranca"],"jetpack_featured_media_url":"https:\/\/www.paudalho.pe.gov.br\/portal\/wp-content\/uploads\/2017\/08\/f7769ca6-c86e-47ed-b780-b9cd54fccd96.jpg","jetpack_sharing_enabled":true,"jetpack_shortlink":"https:\/\/wp.me\/p98mS2-bM","_links":{"self":[{"href":"https:\/\/www.paudalho.pe.gov.br\/portal\/wp-json\/wp\/v2\/posts\/730","targetHints":{"allow":["GET"]}}],"collection":[{"href":"https:\/\/www.paudalho.pe.gov.br\/portal\/wp-json\/wp\/v2\/posts"}],"about":[{"href":"https:\/\/www.paudalho.pe.gov.br\/portal\/wp-json\/wp\/v2\/types\/post"}],"author":[{"embeddable":true,"href":"https:\/\/www.paudalho.pe.gov.br\/portal\/wp-json\/wp\/v2\/users\/4"}],"replies":[{"embeddable":true,"href":"https:\/\/www.paudalho.pe.gov.br\/portal\/wp-json\/wp\/v2\/comments?post=730"}],"version-history":[{"count":13,"href":"https:\/\/www.paudalho.pe.gov.br\/portal\/wp-json\/wp\/v2\/posts\/730\/revisions"}],"predecessor-version":[{"id":1208,"href":"https:\/\/www.paudalho.pe.gov.br\/portal\/wp-json\/wp\/v2\/posts\/730\/revisions\/1208"}],"wp:featuredmedia":[{"embeddable":true,"href":"https:\/\/www.paudalho.pe.gov.br\/portal\/wp-json\/wp\/v2\/media\/736"}],"wp:attachment":[{"href":"https:\/\/www.paudalho.pe.gov.br\/portal\/wp-json\/wp\/v2\/media?parent=730"}],"wp:term":[{"taxonomy":"category","embeddable":true,"href":"https:\/\/www.paudalho.pe.gov.br\/portal\/wp-json\/wp\/v2\/categories?post=730"},{"taxonomy":"post_tag","embeddable":true,"href":"https:\/\/www.paudalho.pe.gov.br\/portal\/wp-json\/wp\/v2\/tags?post=730"}],"curies":[{"name":"wp","href":"https:\/\/api.w.org\/{rel}","templated":true}]}}