{"id":7283,"date":"2019-06-25T01:31:33","date_gmt":"2019-06-25T04:31:33","guid":{"rendered":"https:\/\/www.paudalho.pe.gov.br\/portal\/?p=7283"},"modified":"2019-06-25T01:54:10","modified_gmt":"2019-06-25T04:54:10","slug":"com-sao-joao-democratico-festejos-juninos-em-paudalho-reunem-familias-no-parque-de-eventos-beira-rio","status":"publish","type":"post","link":"https:\/\/www.paudalho.pe.gov.br\/portal\/com-sao-joao-democratico-festejos-juninos-em-paudalho-reunem-familias-no-parque-de-eventos-beira-rio\/","title":{"rendered":"Com S\u00e3o Jo\u00e3o democr\u00e1tico, festejos juninos em Paudalho re\u00fanem fam\u00edlias no Parque de Eventos Beira-Rio"},"content":{"rendered":"\n<p>&#8220;O S\u00e3o Jo\u00e3o em Paudalho est\u00e1 maravilhoso! \u00c9 uma festa da fam\u00edlia e gostei muito&#8221;, disse Nilma Pessoas, umas das milhares de mulheres, homens e crian\u00e7as que participaram dos festejos juninos neste s\u00e1bado (22), domingo (23) e segunda-feira (24), no P\u00e1tio de Eventos Beira-Rio, no Centro da cidade.<\/p>\n\n\n\n<ul class=\"wp-block-gallery columns-2 is-cropped wp-block-gallery-1 is-layout-flex wp-block-gallery-is-layout-flex\"><li class=\"blocks-gallery-item\"><figure><img loading=\"lazy\" decoding=\"async\" width=\"1280\" height=\"853\" data-attachment-id=\"7298\" data-permalink=\"https:\/\/www.paudalho.pe.gov.br\/portal\/com-sao-joao-democratico-festejos-juninos-em-paudalho-reunem-familias-no-parque-de-eventos-beira-rio\/7f08a6ad-8b87-4f4c-a95c-aec31371f05a\/\" data-orig-file=\"https:\/\/www.paudalho.pe.gov.br\/portal\/wp-content\/uploads\/2019\/06\/7f08a6ad-8b87-4f4c-a95c-aec31371f05a.jpg\" data-orig-size=\"1280,853\" data-comments-opened=\"1\" data-image-meta=\"{&quot;aperture&quot;:&quot;0&quot;,&quot;credit&quot;:&quot;&quot;,&quot;camera&quot;:&quot;&quot;,&quot;caption&quot;:&quot;&quot;,&quot;created_timestamp&quot;:&quot;0&quot;,&quot;copyright&quot;:&quot;&quot;,&quot;focal_length&quot;:&quot;0&quot;,&quot;iso&quot;:&quot;0&quot;,&quot;shutter_speed&quot;:&quot;0&quot;,&quot;title&quot;:&quot;&quot;,&quot;orientation&quot;:&quot;0&quot;}\" data-image-title=\"7f08a6ad-8b87-4f4c-a95c-aec31371f05a\" data-image-description=\"\" data-image-caption=\"\" data-medium-file=\"https:\/\/www.paudalho.pe.gov.br\/portal\/wp-content\/uploads\/2019\/06\/7f08a6ad-8b87-4f4c-a95c-aec31371f05a-350x230.jpg\" data-large-file=\"https:\/\/www.paudalho.pe.gov.br\/portal\/wp-content\/uploads\/2019\/06\/7f08a6ad-8b87-4f4c-a95c-aec31371f05a-800x450.jpg\" src=\"https:\/\/i2.wp.com\/www.paudalho.pe.gov.br\/portal\/wp-content\/uploads\/2019\/06\/7f08a6ad-8b87-4f4c-a95c-aec31371f05a.jpg?resize=800%2C450&amp;ssl=1\" alt=\"\" data-id=\"7298\" data-link=\"https:\/\/www.paudalho.pe.gov.br\/portal\/?attachment_id=7298\" class=\"wp-image-7298\" srcset=\"https:\/\/www.paudalho.pe.gov.br\/portal\/wp-content\/uploads\/2019\/06\/7f08a6ad-8b87-4f4c-a95c-aec31371f05a.jpg 1280w, https:\/\/www.paudalho.pe.gov.br\/portal\/wp-content\/uploads\/2019\/06\/7f08a6ad-8b87-4f4c-a95c-aec31371f05a-768x512.jpg 768w\" sizes=\"auto, (max-width: 1280px) 100vw, 1280px\" \/><\/figure><\/li><li class=\"blocks-gallery-item\"><figure><img loading=\"lazy\" decoding=\"async\" width=\"1280\" height=\"853\" data-attachment-id=\"7299\" data-permalink=\"https:\/\/www.paudalho.pe.gov.br\/portal\/com-sao-joao-democratico-festejos-juninos-em-paudalho-reunem-familias-no-parque-de-eventos-beira-rio\/ba19bde6-cf70-48fc-8b13-d27c7964340b\/\" data-orig-file=\"https:\/\/www.paudalho.pe.gov.br\/portal\/wp-content\/uploads\/2019\/06\/ba19bde6-cf70-48fc-8b13-d27c7964340b.jpg\" data-orig-size=\"1280,853\" data-comments-opened=\"1\" data-image-meta=\"{&quot;aperture&quot;:&quot;0&quot;,&quot;credit&quot;:&quot;&quot;,&quot;camera&quot;:&quot;&quot;,&quot;caption&quot;:&quot;&quot;,&quot;created_timestamp&quot;:&quot;0&quot;,&quot;copyright&quot;:&quot;&quot;,&quot;focal_length&quot;:&quot;0&quot;,&quot;iso&quot;:&quot;0&quot;,&quot;shutter_speed&quot;:&quot;0&quot;,&quot;title&quot;:&quot;&quot;,&quot;orientation&quot;:&quot;0&quot;}\" data-image-title=\"ba19bde6-cf70-48fc-8b13-d27c7964340b\" data-image-description=\"\" data-image-caption=\"\" data-medium-file=\"https:\/\/www.paudalho.pe.gov.br\/portal\/wp-content\/uploads\/2019\/06\/ba19bde6-cf70-48fc-8b13-d27c7964340b-350x230.jpg\" data-large-file=\"https:\/\/www.paudalho.pe.gov.br\/portal\/wp-content\/uploads\/2019\/06\/ba19bde6-cf70-48fc-8b13-d27c7964340b-800x450.jpg\" src=\"https:\/\/i1.wp.com\/www.paudalho.pe.gov.br\/portal\/wp-content\/uploads\/2019\/06\/ba19bde6-cf70-48fc-8b13-d27c7964340b.jpg?resize=800%2C450&amp;ssl=1\" alt=\"\" data-id=\"7299\" data-link=\"https:\/\/www.paudalho.pe.gov.br\/portal\/?attachment_id=7299\" class=\"wp-image-7299\" srcset=\"https:\/\/www.paudalho.pe.gov.br\/portal\/wp-content\/uploads\/2019\/06\/ba19bde6-cf70-48fc-8b13-d27c7964340b.jpg 1280w, https:\/\/www.paudalho.pe.gov.br\/portal\/wp-content\/uploads\/2019\/06\/ba19bde6-cf70-48fc-8b13-d27c7964340b-768x512.jpg 768w\" sizes=\"auto, (max-width: 1280px) 100vw, 1280px\" \/><\/figure><\/li><\/ul>\n\n\n\n<p> <\/p>\n\n\n\n<p>Na primeira noite a festa ficou por conta do cantor Wallas Arraes e da Musa, Priscila Senna. No segundo dia, quem subiu ao palco foram os cantores, Di\u00e9go Rosa, Andr\u00e9 Viana, Stevinys e R.R Sertanejo. No terceiro dia teve mais festa com o forr\u00f3 da banda Rabo de Saia, Caninana e o brega rom\u00e2ntico da A Favorita. Raphaela Santos, vocalista da banda de brega, comentou da alegria de participar do momento. &#8220;Como n\u00e3o amar o S\u00e3o Jo\u00e3o de Paudalho. Aqui tem forr\u00f3, tem brega, tem tudo. Eu estou muito feliz!&#8221;.<\/p>\n\n\n\n<ul class=\"wp-block-gallery columns-3 is-cropped wp-block-gallery-2 is-layout-flex wp-block-gallery-is-layout-flex\"><li class=\"blocks-gallery-item\"><figure><img loading=\"lazy\" decoding=\"async\" width=\"853\" height=\"1280\" data-attachment-id=\"7289\" data-permalink=\"https:\/\/www.paudalho.pe.gov.br\/portal\/com-sao-joao-democratico-festejos-juninos-em-paudalho-reunem-familias-no-parque-de-eventos-beira-rio\/0cd63237-76f7-4e04-84fe-386d7fcac53b\/\" data-orig-file=\"https:\/\/www.paudalho.pe.gov.br\/portal\/wp-content\/uploads\/2019\/06\/0cd63237-76f7-4e04-84fe-386d7fcac53b.jpg\" data-orig-size=\"853,1280\" data-comments-opened=\"1\" data-image-meta=\"{&quot;aperture&quot;:&quot;0&quot;,&quot;credit&quot;:&quot;&quot;,&quot;camera&quot;:&quot;&quot;,&quot;caption&quot;:&quot;&quot;,&quot;created_timestamp&quot;:&quot;0&quot;,&quot;copyright&quot;:&quot;&quot;,&quot;focal_length&quot;:&quot;0&quot;,&quot;iso&quot;:&quot;0&quot;,&quot;shutter_speed&quot;:&quot;0&quot;,&quot;title&quot;:&quot;&quot;,&quot;orientation&quot;:&quot;0&quot;}\" data-image-title=\"0cd63237-76f7-4e04-84fe-386d7fcac53b\" data-image-description=\"\" data-image-caption=\"\" data-medium-file=\"https:\/\/www.paudalho.pe.gov.br\/portal\/wp-content\/uploads\/2019\/06\/0cd63237-76f7-4e04-84fe-386d7fcac53b-350x230.jpg\" data-large-file=\"https:\/\/www.paudalho.pe.gov.br\/portal\/wp-content\/uploads\/2019\/06\/0cd63237-76f7-4e04-84fe-386d7fcac53b-800x450.jpg\" src=\"https:\/\/i1.wp.com\/www.paudalho.pe.gov.br\/portal\/wp-content\/uploads\/2019\/06\/0cd63237-76f7-4e04-84fe-386d7fcac53b.jpg?resize=800%2C450&amp;ssl=1\" alt=\"\" data-id=\"7289\" data-link=\"https:\/\/www.paudalho.pe.gov.br\/portal\/?attachment_id=7289\" class=\"wp-image-7289\" srcset=\"https:\/\/www.paudalho.pe.gov.br\/portal\/wp-content\/uploads\/2019\/06\/0cd63237-76f7-4e04-84fe-386d7fcac53b.jpg 853w, https:\/\/www.paudalho.pe.gov.br\/portal\/wp-content\/uploads\/2019\/06\/0cd63237-76f7-4e04-84fe-386d7fcac53b-768x1152.jpg 768w\" sizes=\"auto, (max-width: 853px) 100vw, 853px\" \/><figcaption>Foto: Josu\u00e9 J\u00fanior\/PMP<\/figcaption><\/figure><\/li><li class=\"blocks-gallery-item\"><figure><img loading=\"lazy\" decoding=\"async\" width=\"1280\" height=\"853\" data-attachment-id=\"7290\" data-permalink=\"https:\/\/www.paudalho.pe.gov.br\/portal\/com-sao-joao-democratico-festejos-juninos-em-paudalho-reunem-familias-no-parque-de-eventos-beira-rio\/2a9cfbfb-93f1-474b-b5c9-4cf36177c19b\/\" data-orig-file=\"https:\/\/www.paudalho.pe.gov.br\/portal\/wp-content\/uploads\/2019\/06\/2a9cfbfb-93f1-474b-b5c9-4cf36177c19b.jpg\" data-orig-size=\"1280,853\" data-comments-opened=\"1\" data-image-meta=\"{&quot;aperture&quot;:&quot;0&quot;,&quot;credit&quot;:&quot;&quot;,&quot;camera&quot;:&quot;&quot;,&quot;caption&quot;:&quot;&quot;,&quot;created_timestamp&quot;:&quot;0&quot;,&quot;copyright&quot;:&quot;&quot;,&quot;focal_length&quot;:&quot;0&quot;,&quot;iso&quot;:&quot;0&quot;,&quot;shutter_speed&quot;:&quot;0&quot;,&quot;title&quot;:&quot;&quot;,&quot;orientation&quot;:&quot;0&quot;}\" data-image-title=\"2a9cfbfb-93f1-474b-b5c9-4cf36177c19b\" data-image-description=\"\" data-image-caption=\"\" data-medium-file=\"https:\/\/www.paudalho.pe.gov.br\/portal\/wp-content\/uploads\/2019\/06\/2a9cfbfb-93f1-474b-b5c9-4cf36177c19b-350x230.jpg\" data-large-file=\"https:\/\/www.paudalho.pe.gov.br\/portal\/wp-content\/uploads\/2019\/06\/2a9cfbfb-93f1-474b-b5c9-4cf36177c19b-800x450.jpg\" src=\"https:\/\/i0.wp.com\/www.paudalho.pe.gov.br\/portal\/wp-content\/uploads\/2019\/06\/2a9cfbfb-93f1-474b-b5c9-4cf36177c19b.jpg?resize=800%2C450&amp;ssl=1\" alt=\"\" data-id=\"7290\" data-link=\"https:\/\/www.paudalho.pe.gov.br\/portal\/?attachment_id=7290\" class=\"wp-image-7290\" srcset=\"https:\/\/www.paudalho.pe.gov.br\/portal\/wp-content\/uploads\/2019\/06\/2a9cfbfb-93f1-474b-b5c9-4cf36177c19b.jpg 1280w, https:\/\/www.paudalho.pe.gov.br\/portal\/wp-content\/uploads\/2019\/06\/2a9cfbfb-93f1-474b-b5c9-4cf36177c19b-768x512.jpg 768w\" sizes=\"auto, (max-width: 1280px) 100vw, 1280px\" \/><figcaption> <br>Foto: Josu\u00e9 J\u00fanior\/PMP <\/figcaption><\/figure><\/li><li class=\"blocks-gallery-item\"><figure><img loading=\"lazy\" decoding=\"async\" width=\"1280\" height=\"853\" data-attachment-id=\"7291\" data-permalink=\"https:\/\/www.paudalho.pe.gov.br\/portal\/com-sao-joao-democratico-festejos-juninos-em-paudalho-reunem-familias-no-parque-de-eventos-beira-rio\/003ebe4c-ff37-435b-aea3-2c60d3feed26\/\" data-orig-file=\"https:\/\/www.paudalho.pe.gov.br\/portal\/wp-content\/uploads\/2019\/06\/003ebe4c-ff37-435b-aea3-2c60d3feed26.jpg\" data-orig-size=\"1280,853\" data-comments-opened=\"1\" data-image-meta=\"{&quot;aperture&quot;:&quot;0&quot;,&quot;credit&quot;:&quot;&quot;,&quot;camera&quot;:&quot;&quot;,&quot;caption&quot;:&quot;&quot;,&quot;created_timestamp&quot;:&quot;0&quot;,&quot;copyright&quot;:&quot;&quot;,&quot;focal_length&quot;:&quot;0&quot;,&quot;iso&quot;:&quot;0&quot;,&quot;shutter_speed&quot;:&quot;0&quot;,&quot;title&quot;:&quot;&quot;,&quot;orientation&quot;:&quot;0&quot;}\" data-image-title=\"003ebe4c-ff37-435b-aea3-2c60d3feed26\" data-image-description=\"\" data-image-caption=\"\" data-medium-file=\"https:\/\/www.paudalho.pe.gov.br\/portal\/wp-content\/uploads\/2019\/06\/003ebe4c-ff37-435b-aea3-2c60d3feed26-350x230.jpg\" data-large-file=\"https:\/\/www.paudalho.pe.gov.br\/portal\/wp-content\/uploads\/2019\/06\/003ebe4c-ff37-435b-aea3-2c60d3feed26-800x450.jpg\" src=\"https:\/\/i0.wp.com\/www.paudalho.pe.gov.br\/portal\/wp-content\/uploads\/2019\/06\/003ebe4c-ff37-435b-aea3-2c60d3feed26.jpg?resize=800%2C450&amp;ssl=1\" alt=\"\" data-id=\"7291\" data-link=\"https:\/\/www.paudalho.pe.gov.br\/portal\/?attachment_id=7291\" class=\"wp-image-7291\" srcset=\"https:\/\/www.paudalho.pe.gov.br\/portal\/wp-content\/uploads\/2019\/06\/003ebe4c-ff37-435b-aea3-2c60d3feed26.jpg 1280w, https:\/\/www.paudalho.pe.gov.br\/portal\/wp-content\/uploads\/2019\/06\/003ebe4c-ff37-435b-aea3-2c60d3feed26-768x512.jpg 768w\" sizes=\"auto, (max-width: 1280px) 100vw, 1280px\" \/><figcaption> <br>Foto: Josu\u00e9 J\u00fanior\/PMP <\/figcaption><\/figure><\/li><li class=\"blocks-gallery-item\"><figure><img loading=\"lazy\" decoding=\"async\" width=\"1280\" height=\"853\" data-attachment-id=\"7292\" data-permalink=\"https:\/\/www.paudalho.pe.gov.br\/portal\/com-sao-joao-democratico-festejos-juninos-em-paudalho-reunem-familias-no-parque-de-eventos-beira-rio\/8a0d35a1-6d28-4b18-a930-d1408b82e782\/\" data-orig-file=\"https:\/\/www.paudalho.pe.gov.br\/portal\/wp-content\/uploads\/2019\/06\/8a0d35a1-6d28-4b18-a930-d1408b82e782.jpg\" data-orig-size=\"1280,853\" data-comments-opened=\"1\" data-image-meta=\"{&quot;aperture&quot;:&quot;0&quot;,&quot;credit&quot;:&quot;&quot;,&quot;camera&quot;:&quot;&quot;,&quot;caption&quot;:&quot;&quot;,&quot;created_timestamp&quot;:&quot;0&quot;,&quot;copyright&quot;:&quot;&quot;,&quot;focal_length&quot;:&quot;0&quot;,&quot;iso&quot;:&quot;0&quot;,&quot;shutter_speed&quot;:&quot;0&quot;,&quot;title&quot;:&quot;&quot;,&quot;orientation&quot;:&quot;0&quot;}\" data-image-title=\"8a0d35a1-6d28-4b18-a930-d1408b82e782\" data-image-description=\"\" data-image-caption=\"\" data-medium-file=\"https:\/\/www.paudalho.pe.gov.br\/portal\/wp-content\/uploads\/2019\/06\/8a0d35a1-6d28-4b18-a930-d1408b82e782-350x230.jpg\" data-large-file=\"https:\/\/www.paudalho.pe.gov.br\/portal\/wp-content\/uploads\/2019\/06\/8a0d35a1-6d28-4b18-a930-d1408b82e782-800x450.jpg\" src=\"https:\/\/i2.wp.com\/www.paudalho.pe.gov.br\/portal\/wp-content\/uploads\/2019\/06\/8a0d35a1-6d28-4b18-a930-d1408b82e782.jpg?resize=800%2C450&amp;ssl=1\" alt=\"\" data-id=\"7292\" data-link=\"https:\/\/www.paudalho.pe.gov.br\/portal\/?attachment_id=7292\" class=\"wp-image-7292\" srcset=\"https:\/\/www.paudalho.pe.gov.br\/portal\/wp-content\/uploads\/2019\/06\/8a0d35a1-6d28-4b18-a930-d1408b82e782.jpg 1280w, https:\/\/www.paudalho.pe.gov.br\/portal\/wp-content\/uploads\/2019\/06\/8a0d35a1-6d28-4b18-a930-d1408b82e782-768x512.jpg 768w\" sizes=\"auto, (max-width: 1280px) 100vw, 1280px\" \/><figcaption> <br>Foto: Josu\u00e9 J\u00fanior\/PMP <\/figcaption><\/figure><\/li><li class=\"blocks-gallery-item\"><figure><img loading=\"lazy\" decoding=\"async\" width=\"853\" height=\"1280\" data-attachment-id=\"7293\" data-permalink=\"https:\/\/www.paudalho.pe.gov.br\/portal\/com-sao-joao-democratico-festejos-juninos-em-paudalho-reunem-familias-no-parque-de-eventos-beira-rio\/4640ee29-4a37-4e11-b788-449e62d96730\/\" data-orig-file=\"https:\/\/www.paudalho.pe.gov.br\/portal\/wp-content\/uploads\/2019\/06\/4640ee29-4a37-4e11-b788-449e62d96730.jpg\" data-orig-size=\"853,1280\" data-comments-opened=\"1\" data-image-meta=\"{&quot;aperture&quot;:&quot;0&quot;,&quot;credit&quot;:&quot;&quot;,&quot;camera&quot;:&quot;&quot;,&quot;caption&quot;:&quot;&quot;,&quot;created_timestamp&quot;:&quot;0&quot;,&quot;copyright&quot;:&quot;&quot;,&quot;focal_length&quot;:&quot;0&quot;,&quot;iso&quot;:&quot;0&quot;,&quot;shutter_speed&quot;:&quot;0&quot;,&quot;title&quot;:&quot;&quot;,&quot;orientation&quot;:&quot;0&quot;}\" data-image-title=\"4640ee29-4a37-4e11-b788-449e62d96730\" data-image-description=\"\" data-image-caption=\"\" data-medium-file=\"https:\/\/www.paudalho.pe.gov.br\/portal\/wp-content\/uploads\/2019\/06\/4640ee29-4a37-4e11-b788-449e62d96730-350x230.jpg\" data-large-file=\"https:\/\/www.paudalho.pe.gov.br\/portal\/wp-content\/uploads\/2019\/06\/4640ee29-4a37-4e11-b788-449e62d96730-800x450.jpg\" src=\"https:\/\/i0.wp.com\/www.paudalho.pe.gov.br\/portal\/wp-content\/uploads\/2019\/06\/4640ee29-4a37-4e11-b788-449e62d96730.jpg?resize=800%2C450&amp;ssl=1\" alt=\"\" data-id=\"7293\" data-link=\"https:\/\/www.paudalho.pe.gov.br\/portal\/?attachment_id=7293\" class=\"wp-image-7293\" srcset=\"https:\/\/www.paudalho.pe.gov.br\/portal\/wp-content\/uploads\/2019\/06\/4640ee29-4a37-4e11-b788-449e62d96730.jpg 853w, https:\/\/www.paudalho.pe.gov.br\/portal\/wp-content\/uploads\/2019\/06\/4640ee29-4a37-4e11-b788-449e62d96730-768x1152.jpg 768w\" sizes=\"auto, (max-width: 853px) 100vw, 853px\" \/><figcaption> <br>Foto: Josu\u00e9 J\u00fanior\/PMP <\/figcaption><\/figure><\/li><li class=\"blocks-gallery-item\"><figure><img loading=\"lazy\" decoding=\"async\" width=\"853\" height=\"1280\" data-attachment-id=\"7294\" data-permalink=\"https:\/\/www.paudalho.pe.gov.br\/portal\/com-sao-joao-democratico-festejos-juninos-em-paudalho-reunem-familias-no-parque-de-eventos-beira-rio\/e7fcb592-e143-4b6e-8c49-c315fd3c572f\/\" data-orig-file=\"https:\/\/www.paudalho.pe.gov.br\/portal\/wp-content\/uploads\/2019\/06\/e7fcb592-e143-4b6e-8c49-c315fd3c572f.jpg\" data-orig-size=\"853,1280\" data-comments-opened=\"1\" data-image-meta=\"{&quot;aperture&quot;:&quot;0&quot;,&quot;credit&quot;:&quot;&quot;,&quot;camera&quot;:&quot;&quot;,&quot;caption&quot;:&quot;&quot;,&quot;created_timestamp&quot;:&quot;0&quot;,&quot;copyright&quot;:&quot;&quot;,&quot;focal_length&quot;:&quot;0&quot;,&quot;iso&quot;:&quot;0&quot;,&quot;shutter_speed&quot;:&quot;0&quot;,&quot;title&quot;:&quot;&quot;,&quot;orientation&quot;:&quot;0&quot;}\" data-image-title=\"e7fcb592-e143-4b6e-8c49-c315fd3c572f\" data-image-description=\"\" data-image-caption=\"\" data-medium-file=\"https:\/\/www.paudalho.pe.gov.br\/portal\/wp-content\/uploads\/2019\/06\/e7fcb592-e143-4b6e-8c49-c315fd3c572f-350x230.jpg\" data-large-file=\"https:\/\/www.paudalho.pe.gov.br\/portal\/wp-content\/uploads\/2019\/06\/e7fcb592-e143-4b6e-8c49-c315fd3c572f-800x450.jpg\" src=\"https:\/\/i0.wp.com\/www.paudalho.pe.gov.br\/portal\/wp-content\/uploads\/2019\/06\/e7fcb592-e143-4b6e-8c49-c315fd3c572f.jpg?resize=800%2C450&amp;ssl=1\" alt=\"\" data-id=\"7294\" data-link=\"https:\/\/www.paudalho.pe.gov.br\/portal\/?attachment_id=7294\" class=\"wp-image-7294\" srcset=\"https:\/\/www.paudalho.pe.gov.br\/portal\/wp-content\/uploads\/2019\/06\/e7fcb592-e143-4b6e-8c49-c315fd3c572f.jpg 853w, https:\/\/www.paudalho.pe.gov.br\/portal\/wp-content\/uploads\/2019\/06\/e7fcb592-e143-4b6e-8c49-c315fd3c572f-768x1152.jpg 768w\" sizes=\"auto, (max-width: 853px) 100vw, 853px\" \/><figcaption> <br>Foto: Josu\u00e9 J\u00fanior\/PMP <\/figcaption><\/figure><\/li><li class=\"blocks-gallery-item\"><figure><img loading=\"lazy\" decoding=\"async\" width=\"853\" height=\"1280\" data-attachment-id=\"7295\" data-permalink=\"https:\/\/www.paudalho.pe.gov.br\/portal\/com-sao-joao-democratico-festejos-juninos-em-paudalho-reunem-familias-no-parque-de-eventos-beira-rio\/bf396843-a1c5-4582-a7c9-5d3554076637\/\" data-orig-file=\"https:\/\/www.paudalho.pe.gov.br\/portal\/wp-content\/uploads\/2019\/06\/bf396843-a1c5-4582-a7c9-5d3554076637.jpg\" data-orig-size=\"853,1280\" data-comments-opened=\"1\" data-image-meta=\"{&quot;aperture&quot;:&quot;0&quot;,&quot;credit&quot;:&quot;&quot;,&quot;camera&quot;:&quot;&quot;,&quot;caption&quot;:&quot;&quot;,&quot;created_timestamp&quot;:&quot;0&quot;,&quot;copyright&quot;:&quot;&quot;,&quot;focal_length&quot;:&quot;0&quot;,&quot;iso&quot;:&quot;0&quot;,&quot;shutter_speed&quot;:&quot;0&quot;,&quot;title&quot;:&quot;&quot;,&quot;orientation&quot;:&quot;0&quot;}\" data-image-title=\"bf396843-a1c5-4582-a7c9-5d3554076637\" data-image-description=\"\" data-image-caption=\"\" data-medium-file=\"https:\/\/www.paudalho.pe.gov.br\/portal\/wp-content\/uploads\/2019\/06\/bf396843-a1c5-4582-a7c9-5d3554076637-350x230.jpg\" data-large-file=\"https:\/\/www.paudalho.pe.gov.br\/portal\/wp-content\/uploads\/2019\/06\/bf396843-a1c5-4582-a7c9-5d3554076637-800x450.jpg\" src=\"https:\/\/i1.wp.com\/www.paudalho.pe.gov.br\/portal\/wp-content\/uploads\/2019\/06\/bf396843-a1c5-4582-a7c9-5d3554076637.jpg?resize=800%2C450&amp;ssl=1\" alt=\"\" data-id=\"7295\" data-link=\"https:\/\/www.paudalho.pe.gov.br\/portal\/?attachment_id=7295\" class=\"wp-image-7295\" srcset=\"https:\/\/www.paudalho.pe.gov.br\/portal\/wp-content\/uploads\/2019\/06\/bf396843-a1c5-4582-a7c9-5d3554076637.jpg 853w, https:\/\/www.paudalho.pe.gov.br\/portal\/wp-content\/uploads\/2019\/06\/bf396843-a1c5-4582-a7c9-5d3554076637-768x1152.jpg 768w\" sizes=\"auto, (max-width: 853px) 100vw, 853px\" \/><figcaption> <br>Foto: Josu\u00e9 J\u00fanior\/PMP <\/figcaption><\/figure><\/li><li class=\"blocks-gallery-item\"><figure><img loading=\"lazy\" decoding=\"async\" width=\"1280\" height=\"853\" data-attachment-id=\"7296\" data-permalink=\"https:\/\/www.paudalho.pe.gov.br\/portal\/com-sao-joao-democratico-festejos-juninos-em-paudalho-reunem-familias-no-parque-de-eventos-beira-rio\/ae8073cf-4443-4eeb-99da-315727514258\/\" data-orig-file=\"https:\/\/www.paudalho.pe.gov.br\/portal\/wp-content\/uploads\/2019\/06\/ae8073cf-4443-4eeb-99da-315727514258.jpg\" data-orig-size=\"1280,853\" data-comments-opened=\"1\" data-image-meta=\"{&quot;aperture&quot;:&quot;0&quot;,&quot;credit&quot;:&quot;&quot;,&quot;camera&quot;:&quot;&quot;,&quot;caption&quot;:&quot;&quot;,&quot;created_timestamp&quot;:&quot;0&quot;,&quot;copyright&quot;:&quot;&quot;,&quot;focal_length&quot;:&quot;0&quot;,&quot;iso&quot;:&quot;0&quot;,&quot;shutter_speed&quot;:&quot;0&quot;,&quot;title&quot;:&quot;&quot;,&quot;orientation&quot;:&quot;0&quot;}\" data-image-title=\"ae8073cf-4443-4eeb-99da-315727514258\" data-image-description=\"\" data-image-caption=\"\" data-medium-file=\"https:\/\/www.paudalho.pe.gov.br\/portal\/wp-content\/uploads\/2019\/06\/ae8073cf-4443-4eeb-99da-315727514258-350x230.jpg\" data-large-file=\"https:\/\/www.paudalho.pe.gov.br\/portal\/wp-content\/uploads\/2019\/06\/ae8073cf-4443-4eeb-99da-315727514258-800x450.jpg\" src=\"https:\/\/i2.wp.com\/www.paudalho.pe.gov.br\/portal\/wp-content\/uploads\/2019\/06\/ae8073cf-4443-4eeb-99da-315727514258.jpg?resize=800%2C450&amp;ssl=1\" alt=\"\" data-id=\"7296\" data-link=\"https:\/\/www.paudalho.pe.gov.br\/portal\/?attachment_id=7296\" class=\"wp-image-7296\" srcset=\"https:\/\/www.paudalho.pe.gov.br\/portal\/wp-content\/uploads\/2019\/06\/ae8073cf-4443-4eeb-99da-315727514258.jpg 1280w, https:\/\/www.paudalho.pe.gov.br\/portal\/wp-content\/uploads\/2019\/06\/ae8073cf-4443-4eeb-99da-315727514258-768x512.jpg 768w\" sizes=\"auto, (max-width: 1280px) 100vw, 1280px\" \/><figcaption> <br>Foto: Josu\u00e9 J\u00fanior\/PMP <\/figcaption><\/figure><\/li><\/ul>\n\n\n\n<h3 class=\"wp-block-heading\"><strong>Tem mais festa <\/strong><\/h3>\n\n\n\n<p>Os festejos juninos seguem ocorrendo na sexta-feira (28), com a presen\u00e7a confirmada de Rosimar Lima, Arreio de Ouro e Rog\u00e9rio Som. Encerrando a festa, no s\u00e1bado (29) quem se apresenta \u00e9 a dupla, Fagner Dias e Amandinha, Pedrinho Pega\u00e7\u00e3o e Tayara Andreza. <\/p>\n\n\n\n<h3 class=\"wp-block-heading\"><strong>Apresenta\u00e7\u00e3o de quadrilhas <\/strong><\/h3>\n\n\n\n<p>Na ter\u00e7a-feira (25), a partir das 21h, a programa\u00e7\u00e3o ter\u00e1 in\u00edcio com a quadrilha Ra\u00edzes de Paudalho. Em seguida, \u00e0s 21h30, se apresenta a Paquerando na Ro\u00e7a, do munic\u00edpio de Vic\u00eancia. O momento ser\u00e1 encerrado pela Rosa Linda, Linda Rosa, que mostrar\u00e1 sua arte a partir das 22h.<\/p>\n\n\n\n<p>Na quarta-feira (26) a festa come\u00e7a com a apresenta\u00e7\u00e3o da Meu Nome \u00c9, a partir das 21h. Em seguida, o p\u00fablico confere a Fogo no P\u00e9, \u00e0s 21h30. A noite ser\u00e1 encerrada com a Mastruz Com Leite. Na quinta-feira (27) \u00e9 a vez de A Rosa Linda Infantil abrir a programa\u00e7\u00e3o, a partir das 21h. Em seguida, \u00e0s 21h30 e 22h se apresentam a Balanc\u00ea e a Forr\u00f3 Bai\u00e3o Nordestino, respectivamente.<\/p>\n","protected":false},"excerpt":{"rendered":"<p>&#8220;O S\u00e3o Jo\u00e3o em Paudalho est\u00e1 maravilhoso! \u00c9 uma festa da fam\u00edlia e gostei muito&#8221;, disse Nilma Pessoas, umas das milhares de mulheres, homens e crian\u00e7as que participaram dos festejos juninos neste s\u00e1bado (22), domingo (23) e segunda-feira (24), no P\u00e1tio de Eventos Beira-Rio, no Centro da cidade. Na primeira noite a festa ficou por [&hellip;]<\/p>\n","protected":false},"author":4,"featured_media":7301,"comment_status":"open","ping_status":"open","sticky":false,"template":"","format":"standard","meta":{"_jetpack_newsletter_access":"","_jetpack_dont_email_post_to_subs":false,"_jetpack_newsletter_tier_id":0,"_jetpack_memberships_contains_paywalled_content":false,"_jetpack_memberships_contains_paid_content":false,"footnotes":""},"categories":[6,2,1],"tags":[14,294],"class_list":["post-7283","post","type-post","status-publish","format-standard","has-post-thumbnail","hentry","category-cultura","category-destaque","category-noticias","tag-paudalho","tag-sao-joao"],"jetpack_featured_media_url":"https:\/\/www.paudalho.pe.gov.br\/portal\/wp-content\/uploads\/2019\/06\/843fd1ec-30b4-471d-a43a-114d9ec70ded.jpg","jetpack_sharing_enabled":true,"jetpack_shortlink":"https:\/\/wp.me\/p98mS2-1Tt","_links":{"self":[{"href":"https:\/\/www.paudalho.pe.gov.br\/portal\/wp-json\/wp\/v2\/posts\/7283","targetHints":{"allow":["GET"]}}],"collection":[{"href":"https:\/\/www.paudalho.pe.gov.br\/portal\/wp-json\/wp\/v2\/posts"}],"about":[{"href":"https:\/\/www.paudalho.pe.gov.br\/portal\/wp-json\/wp\/v2\/types\/post"}],"author":[{"embeddable":true,"href":"https:\/\/www.paudalho.pe.gov.br\/portal\/wp-json\/wp\/v2\/users\/4"}],"replies":[{"embeddable":true,"href":"https:\/\/www.paudalho.pe.gov.br\/portal\/wp-json\/wp\/v2\/comments?post=7283"}],"version-history":[{"count":4,"href":"https:\/\/www.paudalho.pe.gov.br\/portal\/wp-json\/wp\/v2\/posts\/7283\/revisions"}],"predecessor-version":[{"id":7300,"href":"https:\/\/www.paudalho.pe.gov.br\/portal\/wp-json\/wp\/v2\/posts\/7283\/revisions\/7300"}],"wp:featuredmedia":[{"embeddable":true,"href":"https:\/\/www.paudalho.pe.gov.br\/portal\/wp-json\/wp\/v2\/media\/7301"}],"wp:attachment":[{"href":"https:\/\/www.paudalho.pe.gov.br\/portal\/wp-json\/wp\/v2\/media?parent=7283"}],"wp:term":[{"taxonomy":"category","embeddable":true,"href":"https:\/\/www.paudalho.pe.gov.br\/portal\/wp-json\/wp\/v2\/categories?post=7283"},{"taxonomy":"post_tag","embeddable":true,"href":"https:\/\/www.paudalho.pe.gov.br\/portal\/wp-json\/wp\/v2\/tags?post=7283"}],"curies":[{"name":"wp","href":"https:\/\/api.w.org\/{rel}","templated":true}]}}