{"id":7167,"date":"2019-06-10T16:41:53","date_gmt":"2019-06-10T19:41:53","guid":{"rendered":"https:\/\/www.paudalho.pe.gov.br\/portal\/?p=7167"},"modified":"2019-06-21T12:52:59","modified_gmt":"2019-06-21T15:52:59","slug":"comdica-divulga-relacao-dos-pre-candidatos-aprovados-na-1o-fase-da-eleicao-para-o-conselho-tutelar","status":"publish","type":"post","link":"https:\/\/www.paudalho.pe.gov.br\/portal\/comdica-divulga-relacao-dos-pre-candidatos-aprovados-na-1o-fase-da-eleicao-para-o-conselho-tutelar\/","title":{"rendered":"COMDICA divulga rela\u00e7\u00e3o dos pr\u00e9\u2013candidatos aprovados na 1\u00ba fase da elei\u00e7\u00e3o para o Conselho Tutelar"},"content":{"rendered":"\n<p>A Prefeitura do Paudalho por meio da Comiss\u00e3o Especial\nEleitoral do Conselho Municipal de Direitos da Crian\u00e7a e Adolescentes (COMDICA)\ndivulgou nesta segunda-feira (10) a rela\u00e7\u00e3o dos pr\u00e9 \u2013 candidatos aprovados na\nprimeira fase da Elei\u00e7\u00e3o Unificada para o Conselho Tutelar. <\/p>\n\n\n\n<p>Conforme o Edital 001\\2019, nos artigos nove e dez caber\u00e1 recursos, bem como denuncias sobre candidatos aprovados. As den\u00fancias poder\u00e3o ser realizadas at\u00e9 a pr\u00f3xima segunda-feira, dia 17 de Junho, das 8h \u00e0s 15h, na Casa dos Conselhos, que fica na Pra\u00e7a Santa Tereza n-91.<\/p>\n\n\n\n<p>Cinco conselheiros titulares e cinco suplentes ser\u00e3o escolhidos em elei\u00e7\u00e3o prevista para outubro de 2019 . O trabalho da equipe ser\u00e1 fiscalizado pelo Minist\u00e9rio P\u00fablico de Pernambuco. O Conselho Tutelar \u00e9 um \u00f3rg\u00e3o permanente e aut\u00f4nomo, n\u00e3o jurisdicional, encarregado pela sociedade de zelar pelo cumprimento dos direitos da crian\u00e7a e do adolescente. Os candidatos v\u00e3o passar por uma prova. <\/p>\n\n\n\n<p><a href=\"https:\/\/drive.google.com\/file\/d\/0B91hDZ_NbeObZVVXdUZESHd4eW9md0R4TWlBV3otbWcwVXdz\/view?usp=sharing\">Confira a rela\u00e7\u00e3o dos candidatos aqui!<\/a><\/p>\n","protected":false},"excerpt":{"rendered":"<p>A Prefeitura do Paudalho por meio da Comiss\u00e3o Especial Eleitoral do Conselho Municipal de Direitos da Crian\u00e7a e Adolescentes (COMDICA) divulgou nesta segunda-feira (10) a rela\u00e7\u00e3o dos pr\u00e9 \u2013 candidatos aprovados na primeira fase da Elei\u00e7\u00e3o Unificada para o Conselho Tutelar. Conforme o Edital 001\\2019, nos artigos nove e dez caber\u00e1 recursos, bem como denuncias [&hellip;]<\/p>\n","protected":false},"author":4,"featured_media":7010,"comment_status":"open","ping_status":"open","sticky":false,"template":"","format":"standard","meta":{"_jetpack_newsletter_access":"","_jetpack_dont_email_post_to_subs":false,"_jetpack_newsletter_tier_id":0,"_jetpack_memberships_contains_paywalled_content":false,"_jetpack_memberships_contains_paid_content":false,"footnotes":""},"categories":[1],"tags":[487,492],"class_list":["post-7167","post","type-post","status-publish","format-standard","has-post-thumbnail","hentry","category-noticias","tag-conselho-tutelar","tag-eleicoes"],"jetpack_featured_media_url":"https:\/\/www.paudalho.pe.gov.br\/portal\/wp-content\/uploads\/2019\/05\/people-3120717_1920.jpg","jetpack_sharing_enabled":true,"jetpack_shortlink":"https:\/\/wp.me\/p98mS2-1RB","_links":{"self":[{"href":"https:\/\/www.paudalho.pe.gov.br\/portal\/wp-json\/wp\/v2\/posts\/7167","targetHints":{"allow":["GET"]}}],"collection":[{"href":"https:\/\/www.paudalho.pe.gov.br\/portal\/wp-json\/wp\/v2\/posts"}],"about":[{"href":"https:\/\/www.paudalho.pe.gov.br\/portal\/wp-json\/wp\/v2\/types\/post"}],"author":[{"embeddable":true,"href":"https:\/\/www.paudalho.pe.gov.br\/portal\/wp-json\/wp\/v2\/users\/4"}],"replies":[{"embeddable":true,"href":"https:\/\/www.paudalho.pe.gov.br\/portal\/wp-json\/wp\/v2\/comments?post=7167"}],"version-history":[{"count":4,"href":"https:\/\/www.paudalho.pe.gov.br\/portal\/wp-json\/wp\/v2\/posts\/7167\/revisions"}],"predecessor-version":[{"id":7244,"href":"https:\/\/www.paudalho.pe.gov.br\/portal\/wp-json\/wp\/v2\/posts\/7167\/revisions\/7244"}],"wp:featuredmedia":[{"embeddable":true,"href":"https:\/\/www.paudalho.pe.gov.br\/portal\/wp-json\/wp\/v2\/media\/7010"}],"wp:attachment":[{"href":"https:\/\/www.paudalho.pe.gov.br\/portal\/wp-json\/wp\/v2\/media?parent=7167"}],"wp:term":[{"taxonomy":"category","embeddable":true,"href":"https:\/\/www.paudalho.pe.gov.br\/portal\/wp-json\/wp\/v2\/categories?post=7167"},{"taxonomy":"post_tag","embeddable":true,"href":"https:\/\/www.paudalho.pe.gov.br\/portal\/wp-json\/wp\/v2\/tags?post=7167"}],"curies":[{"name":"wp","href":"https:\/\/api.w.org\/{rel}","templated":true}]}}