{"id":7157,"date":"2019-06-05T13:16:28","date_gmt":"2019-06-05T16:16:28","guid":{"rendered":"https:\/\/www.paudalho.pe.gov.br\/portal\/?p=7157"},"modified":"2019-06-25T00:38:17","modified_gmt":"2019-06-25T03:38:17","slug":"prefeitura-do-paudalho-divulga-programacao-do-sao-joao-2019","status":"publish","type":"post","link":"https:\/\/www.paudalho.pe.gov.br\/portal\/prefeitura-do-paudalho-divulga-programacao-do-sao-joao-2019\/","title":{"rendered":"Prefeitura do Paudalho divulga programa\u00e7\u00e3o do S\u00e3o Jo\u00e3o 2019"},"content":{"rendered":"\n<p>Uma programa\u00e7\u00e3o mais que especial para o S\u00e3o Jo\u00e3o 2019. Os festejos v\u00e3o come\u00e7ar no s\u00e1bado, dia 22 de junho e seguir\u00e3o at\u00e9 o s\u00e1bado, dia 29, no Parque de Eventos Beira-Rio, no Centro da cidade.<\/p>\n\n\n\n<p>No s\u00e1bado (22) sobem ao palco Geo Moura, Wallas Arraes e Musa. No domingo (23) \u00e9 a vez de Diego Rosa, Stevennys e Cia e Andr\u00e9 Viana comandarem  a festa. Na segunda-feira (24) quem anima Paudalho \u00e9 Tayara Andreza, Caninana e Rabo de Saia. Os festejos juninos seguem ocorrendo na sexta-feira (28) com a presen\u00e7a confirmada de Rosimar Lima, Arreio de Ouro e Rog\u00e9rio Som. Encerrando a festa, no s\u00e1bado (29) quem se apresenta \u00e9 a dupla, Fagner Dias e Amandinha, Pedrinho Pega\u00e7\u00e3o e A Favorita. <br><\/p>\n\n\n\n<h2 class=\"wp-block-heading\">Apresenta\u00e7\u00e3o de Quadrilhas<\/h2>\n\n\n\n<p> Na ter\u00e7a-feira (25), a partir das 21h, a programa\u00e7\u00e3o ter\u00e1 in\u00edcio com a quadrilha Ra\u00edzes de Paudalho. Em seguida, \u00e0s 21h30, se apresenta a Paquerando na Ro\u00e7a, do munic\u00edpio de Vic\u00eancia. O momento ser\u00e1 encerrado pela Rosa Linda, Linda Rosa, que mostrar\u00e1 sua arte a partir das 22h. <\/p>\n\n\n\n<p>\n\nNa quarta-feira (26) a festa come\u00e7a com a apresenta\u00e7\u00e3o da Meu Nome \u00c9, a partir das 21h. Em seguida, o p\u00fablico confere a Fogo no P\u00e9, \u00e0s 21h30. A noite ser\u00e1 encerrada com a Mastruz Com Leite. Na quinta-feira (27) \u00e9 a vez de A Rosa Linda Infantil abrir a programa\u00e7\u00e3o, a partir das 21h. Em seguida, \u00e0s 21h30 e 22h se apresentam a Balanc\u00ea e a Forr\u00f3 Bai\u00e3o Nordestino, respectivamente.\n\n<\/p>\n","protected":false},"excerpt":{"rendered":"<p>Uma programa\u00e7\u00e3o mais que especial para o S\u00e3o Jo\u00e3o 2019. Os festejos v\u00e3o come\u00e7ar no s\u00e1bado, dia 22 de junho e seguir\u00e3o at\u00e9 o s\u00e1bado, dia 29, no Parque de Eventos Beira-Rio, no Centro da cidade. No s\u00e1bado (22) sobem ao palco Geo Moura, Wallas Arraes e Musa. No domingo (23) \u00e9 a vez de [&hellip;]<\/p>\n","protected":false},"author":4,"featured_media":7158,"comment_status":"open","ping_status":"open","sticky":false,"template":"","format":"standard","meta":{"_jetpack_newsletter_access":"","_jetpack_dont_email_post_to_subs":false,"_jetpack_newsletter_tier_id":0,"_jetpack_memberships_contains_paywalled_content":false,"_jetpack_memberships_contains_paid_content":false,"footnotes":""},"categories":[6,2,1],"tags":[491],"class_list":["post-7157","post","type-post","status-publish","format-standard","has-post-thumbnail","hentry","category-cultura","category-destaque","category-noticias","tag-sao-joao-em-paudalho"],"jetpack_featured_media_url":"https:\/\/www.paudalho.pe.gov.br\/portal\/wp-content\/uploads\/2019\/06\/8fecfad1-bf8f-4fbc-bb75-ebfd0b90cca1.jpg","jetpack_sharing_enabled":true,"jetpack_shortlink":"https:\/\/wp.me\/p98mS2-1Rr","_links":{"self":[{"href":"https:\/\/www.paudalho.pe.gov.br\/portal\/wp-json\/wp\/v2\/posts\/7157","targetHints":{"allow":["GET"]}}],"collection":[{"href":"https:\/\/www.paudalho.pe.gov.br\/portal\/wp-json\/wp\/v2\/posts"}],"about":[{"href":"https:\/\/www.paudalho.pe.gov.br\/portal\/wp-json\/wp\/v2\/types\/post"}],"author":[{"embeddable":true,"href":"https:\/\/www.paudalho.pe.gov.br\/portal\/wp-json\/wp\/v2\/users\/4"}],"replies":[{"embeddable":true,"href":"https:\/\/www.paudalho.pe.gov.br\/portal\/wp-json\/wp\/v2\/comments?post=7157"}],"version-history":[{"count":3,"href":"https:\/\/www.paudalho.pe.gov.br\/portal\/wp-json\/wp\/v2\/posts\/7157\/revisions"}],"predecessor-version":[{"id":7284,"href":"https:\/\/www.paudalho.pe.gov.br\/portal\/wp-json\/wp\/v2\/posts\/7157\/revisions\/7284"}],"wp:featuredmedia":[{"embeddable":true,"href":"https:\/\/www.paudalho.pe.gov.br\/portal\/wp-json\/wp\/v2\/media\/7158"}],"wp:attachment":[{"href":"https:\/\/www.paudalho.pe.gov.br\/portal\/wp-json\/wp\/v2\/media?parent=7157"}],"wp:term":[{"taxonomy":"category","embeddable":true,"href":"https:\/\/www.paudalho.pe.gov.br\/portal\/wp-json\/wp\/v2\/categories?post=7157"},{"taxonomy":"post_tag","embeddable":true,"href":"https:\/\/www.paudalho.pe.gov.br\/portal\/wp-json\/wp\/v2\/tags?post=7157"}],"curies":[{"name":"wp","href":"https:\/\/api.w.org\/{rel}","templated":true}]}}