{"id":7088,"date":"2019-05-27T13:55:32","date_gmt":"2019-05-27T16:55:32","guid":{"rendered":"https:\/\/www.paudalho.pe.gov.br\/portal\/?p=7088"},"modified":"2019-05-29T13:51:18","modified_gmt":"2019-05-29T16:51:18","slug":"apos-reconstrucao-prefeitura-entrega-escola-na-comunidade-de-cha-do-ouro","status":"publish","type":"post","link":"https:\/\/www.paudalho.pe.gov.br\/portal\/apos-reconstrucao-prefeitura-entrega-escola-na-comunidade-de-cha-do-ouro\/","title":{"rendered":"Ap\u00f3s reconstru\u00e7\u00e3o, Prefeitura entrega escola na comunidade de Ch\u00e3 do Ouro"},"content":{"rendered":"\n<p>A Prefeitura do Paudalho entregar\u00e1, no pr\u00f3ximo s\u00e1bado (1), as obras na Escola Severino Jos\u00e9 Valentim, na comunidade da Ch\u00e3 do Ouro, a partir das 19h. Ap\u00f3s reconstru\u00e7\u00e3o, toda a estrutura do local foi transformada e agora oferta espa\u00e7o de qualidade para o melhor aprendizado dos alunos.<\/p>\n\n\n\n<p>Al\u00e9m da transforma\u00e7\u00e3o provocada dentro do local, a unidade recebeu um espa\u00e7o para recrea\u00e7\u00e3o.  Foram investidos nas obras R$ R$ 407.440,39. \u201cEsta entrega mostra o nosso comprometimento, mostra que Paudalho avan\u00e7ou. S\u00e3o sonhos concretos, obras prontas. Estamos felizes!\u201d, disse o prefeito do Munic\u00edpio, Marcelo Gouveia. Ainda pra celebrar em grande estilo, a programa\u00e7\u00e3o vai contar com a apresenta\u00e7\u00e3o da dupla, Fagner Dias e Amandinha.<\/p>\n\n\n\n<h3 class=\"wp-block-heading\">Servi\u00e7o: <\/h3>\n\n\n\n<p>Entrega das Obras na Escola Severino Jos\u00e9 Valentim<\/p>\n\n\n\n<p><strong>Data: <\/strong>Quinta-feira &#8211; 30 de Maio de 2019<\/p>\n\n\n\n<p><strong>Hora: <\/strong>19h<\/p>\n\n\n\n<p><strong>Local:<\/strong> Ch\u00e3 do Ouro<\/p>\n\n\n\n<p><\/p>\n","protected":false},"excerpt":{"rendered":"<p>A Prefeitura do Paudalho entregar\u00e1, no pr\u00f3ximo s\u00e1bado (1), as obras na Escola Severino Jos\u00e9 Valentim, na comunidade da Ch\u00e3 do Ouro, a partir das 19h. Ap\u00f3s reconstru\u00e7\u00e3o, toda a estrutura do local foi transformada e agora oferta espa\u00e7o de qualidade para o melhor aprendizado dos alunos. Al\u00e9m da transforma\u00e7\u00e3o provocada dentro do local, a [&hellip;]<\/p>\n","protected":false},"author":4,"featured_media":7094,"comment_status":"open","ping_status":"open","sticky":false,"template":"","format":"standard","meta":{"_jetpack_newsletter_access":"","_jetpack_dont_email_post_to_subs":false,"_jetpack_newsletter_tier_id":0,"_jetpack_memberships_contains_paywalled_content":false,"_jetpack_memberships_contains_paid_content":false,"footnotes":""},"categories":[2,4,1],"tags":[374,215],"class_list":["post-7088","post","type-post","status-publish","format-standard","has-post-thumbnail","hentry","category-destaque","category-educacao","category-noticias","tag-escola","tag-reinauguracao"],"jetpack_featured_media_url":"https:\/\/www.paudalho.pe.gov.br\/portal\/wp-content\/uploads\/2019\/05\/3F9A3019.jpg","jetpack_sharing_enabled":true,"jetpack_shortlink":"https:\/\/wp.me\/p98mS2-1Qk","_links":{"self":[{"href":"https:\/\/www.paudalho.pe.gov.br\/portal\/wp-json\/wp\/v2\/posts\/7088","targetHints":{"allow":["GET"]}}],"collection":[{"href":"https:\/\/www.paudalho.pe.gov.br\/portal\/wp-json\/wp\/v2\/posts"}],"about":[{"href":"https:\/\/www.paudalho.pe.gov.br\/portal\/wp-json\/wp\/v2\/types\/post"}],"author":[{"embeddable":true,"href":"https:\/\/www.paudalho.pe.gov.br\/portal\/wp-json\/wp\/v2\/users\/4"}],"replies":[{"embeddable":true,"href":"https:\/\/www.paudalho.pe.gov.br\/portal\/wp-json\/wp\/v2\/comments?post=7088"}],"version-history":[{"count":8,"href":"https:\/\/www.paudalho.pe.gov.br\/portal\/wp-json\/wp\/v2\/posts\/7088\/revisions"}],"predecessor-version":[{"id":7100,"href":"https:\/\/www.paudalho.pe.gov.br\/portal\/wp-json\/wp\/v2\/posts\/7088\/revisions\/7100"}],"wp:featuredmedia":[{"embeddable":true,"href":"https:\/\/www.paudalho.pe.gov.br\/portal\/wp-json\/wp\/v2\/media\/7094"}],"wp:attachment":[{"href":"https:\/\/www.paudalho.pe.gov.br\/portal\/wp-json\/wp\/v2\/media?parent=7088"}],"wp:term":[{"taxonomy":"category","embeddable":true,"href":"https:\/\/www.paudalho.pe.gov.br\/portal\/wp-json\/wp\/v2\/categories?post=7088"},{"taxonomy":"post_tag","embeddable":true,"href":"https:\/\/www.paudalho.pe.gov.br\/portal\/wp-json\/wp\/v2\/tags?post=7088"}],"curies":[{"name":"wp","href":"https:\/\/api.w.org\/{rel}","templated":true}]}}